{"id":248997,"date":"2016-08-17T10:26:47","date_gmt":"2016-08-17T10:26:47","guid":{"rendered":"http:\/\/diariodominicano.ddns.net\/?p=248997"},"modified":"2016-08-17T10:26:47","modified_gmt":"2016-08-17T10:26:47","slug":"papa-francisco-seamos-signo-visible-de-la-misericordia-de-dios","status":"publish","type":"post","link":"https:\/\/diariodominicano.com\/?p=248997","title":{"rendered":"Papa Francisco: Seamos signo visible de la misericordia de Dios"},"content":{"rendered":"<p><body><\/p>\n<p><img decoding=\"async\" src=\"img3\/Papaaudiencia17-8.jpg\" \/>  <\/p>\n<p><span class=\"text1noticias\">VATICANO, 17 Ago. 16 \/ 06:56 am (ACI).- En su Audiencia General del 17 de agosto, en el Aula Pablo VI del Vaticano, el Papa Francisco exhort\u00f3 a los fieles a ser \u00absigno visible de la misericordia de Dios\u00bb, para que descienda \u00abla comuni\u00f3n y la paz entre los hombres y la comuni\u00f3n de los hombres con Dios\u00bb.<\/span><\/p>\n<p><span class=\"text1noticias\"> <\/span><\/p>\n<p><span class=\"text1noticias\">El Santo Padre dedic\u00f3 su catequesis a \u00abla misericordia como instrumento de comuni\u00f3n\u00bb, tomando como base el milagro de la multiplicaci\u00f3n de los panes y peces relatado en el Evangelio de San Mateo, y dijo que el \u00abcamino a seguir\u00bb se\u00f1alado por Jes\u00fas a sus disc\u00edpulos, es \u00absaciar al pueblo y tenerlo unido; es decir, estar al servicio de la vida y de la comuni\u00f3n\u00bb.<\/span><\/p>\n<p><span class=\"text1noticias\"> <\/span><\/p>\n<p><span class=\"text1noticias\">\u00abPues invoquemos al Se\u00f1or, para que haga siempre a su Iglesia capaz de este santo servicio, y para que cada uno de nosotros pueda ser instrumento de comuni\u00f3n en su propia familia, en el trabajo, en la parroquia y en los grupos de pertenencia\u00bb.<\/span><\/p>\n<p><span class=\"text1noticias\"> <\/span><\/p>\n<p><span class=\"text1noticias\">El Papa indic\u00f3 que \u00abel inicio de la narraci\u00f3n que hace Mateo\u00bb presenta a Jes\u00fas que \u00abapenas recibido la noticia de la muerte de Juan Bautista, y con una barca atraviesa el lago en b\u00fasqueda de ?un lugar desierto para esta a solas?\u00bb.<\/span><\/p>\n<p><span class=\"text1noticias\"> <\/span><\/p>\n<p><span class=\"text1noticias\">\u00abLa gente lo intuye y lo precede a pie ? \u00c9l va por el lago, y la gente a pie ? as\u00ed que ?cuando desembarc\u00f3, Jes\u00fas vio una gran muchedumbre y, compadeci\u00e9ndose de ella, cur\u00f3 a los enfermos?\u00bb.<\/span><\/p>\n<p><span class=\"text1noticias\"> <\/span><\/p>\n<p><span class=\"text1noticias\">\u00abAs\u00ed era Jes\u00fas: siempre con la compasi\u00f3n, siempre pensando en los dem\u00e1s\u00bb, indic\u00f3 el Papa.<\/span><\/p>\n<p><span class=\"text1noticias\"> <\/span><\/p>\n<p><span class=\"text1noticias\">\u00abImpresiona la determinaci\u00f3n de la gente, que teme ser dejada sola, como abandonada\u00bb, destac\u00f3 el Santo Padre, y se\u00f1al\u00f3 que \u00abviendo esto Jes\u00fas se conmueve. Jes\u00fas no es fr\u00edo, no tiene un coraz\u00f3n fr\u00edo. Jes\u00fas es capaz de conmoverse\u00bb.<\/span><\/p>\n<p><span class=\"text1noticias\"> <\/span><\/p>\n<p><span class=\"text1noticias\">\u00abSu compasi\u00f3n no es un vago sentimiento; en cambio muestra toda la fuerza de su voluntad por estar cerca de nosotros y salvarnos. Nos ama tanto. Tanto nos ama, Jes\u00fas. Y quiere estar cerca de nosotros\u00bb.<\/span><\/p>\n<p><span class=\"text1noticias\"> <\/span><\/p>\n<p><span class=\"text1noticias\">Al acercarse la tarde, record\u00f3 el Papa, \u00abJes\u00fas se preocupa por dar de comer a todas aquellas personas, cansadas y hambrientas\u00bb y \u00abquiere involucrar en esto a sus disc\u00edpulos\u00bb.<\/span><\/p>\n<p><span class=\"text1noticias\"> <\/span><\/p>\n<p><span class=\"text1noticias\">\u00abDe hecho, les dice a ellos: ?denles de comer ustedes mismos?. Y demostr\u00f3 a ellos que los pocos panes y peces que ten\u00edan, con la fuerza de la fe y de la oraci\u00f3n, pod\u00edan ser compartidos por toda aquella gente. Es un milagro que hace \u00c9l, pero es el milagro de la fe, de la oraci\u00f3n con la compasi\u00f3n y el amor\u00bb.<\/span><\/p>\n<p><span class=\"text1noticias\"> <\/span><\/p>\n<p><span class=\"text1noticias\">El Santo Padre destac\u00f3 que \u00abel Se\u00f1or va al encuentro de las necesidades de los hombres, pero quiere hacer de cada uno de nosotros concretamente participes de su compasi\u00f3n\u00bb.<\/span><\/p>\n<p><span class=\"text1noticias\"> <\/span><\/p>\n<p><span class=\"text1noticias\">Francisco tambi\u00e9n hizo hincapi\u00e9 en que los signos de Jes\u00fas en el milagro de la multiplicaci\u00f3n de los panes y los peces son los mismos que \u00abha realizado en la \u00daltima Cena: el mismo; y son tambi\u00e9n los mismos que todo sacerdote realiza cuando celebra la Santa Eucarist\u00eda. La comunidad cristiana nace y renace continuamente de esta comuni\u00f3n eucar\u00edstica\u00bb.<\/span><\/p>\n<p><span class=\"text1noticias\"> <\/span><\/p>\n<p><span class=\"text1noticias\">\u00abVivir la comuni\u00f3n con Cristo es por lo tanto otra cosa que permanecer pasivos y ajenos a la vida cotidiana, al contrario, siempre nos introduce m\u00e1s en la relaci\u00f3n con los hombres y las mujeres de nuestro tiempo, para ofrecerles un signo concreto de la misericordia y de la atenci\u00f3n de Cristo\u00bb, dijo.<\/span><\/p>\n<p><span class=\"text1noticias\"> <\/span><\/p>\n<p><span class=\"text1noticias\">El Santo Padre subray\u00f3 que \u00abas\u00ed Jes\u00fas ve a la gente, siente compasi\u00f3n, multiplica los panes y lo mismo hace con la Eucarist\u00eda\u00bb.<\/span><\/p>\n<p><span class=\"text1noticias\"> <\/span><\/p>\n<p><span class=\"text1noticias\">\u00abY nosotros creyentes que recibimos este pan somos impulsados por Jes\u00fas a llevar este servicio a los dem\u00e1s, con la misma compasi\u00f3n de Jes\u00fas. Este es el ca<\/span>mino\u00bb, indic\u00f3.<\/p>\n<h6> 2016-08-17 10:26:47 <\/h6>\n<p><!--\n<link rel=\"stylesheet\" href=\"css\/bootstrap.min.css\">\n\n\n<ul class=\"pagination\">\n\t    \n\t\n\n<li >\n\t<a href='?page_no=18641'>Previous<\/a>\n\t<\/li>\n\n\n       \n    \n\n<li><a href='?page_no=1'>1<\/a><\/li>\n\n\n\n<li><a href='?page_no=2'>2<\/a><\/li>\n\n\n\n<li><a>...<\/a><\/li>\n\n\n\n<li><a href='?page_no=18640'>18640<\/a><\/li>\n\n\n\n<li><a href='?page_no=18641'>18641<\/a><\/li>\n\n\n\n<li class='active'><a>18642<\/a><\/li>\n\n\n\n<li><a href='?page_no=18643'>18643<\/a><\/li>\n\n\n\n<li><a href='?page_no=18644'>18644<\/a><\/li>\n\n\n\n<li><a>...<\/a><\/li>\n\n\n\n<li><a href='?page_no=51012'>51012<\/a><\/li>\n\n\n\n<li><a href='?page_no=51013'>51013<\/a><\/li>\n\n    \n\t\n\n<li >\n\t<a href='?page_no=18643'>Next<\/a>\n\t<\/li>\n\n\n    \n\n<li><a href='?page_no=51013'>Last &rsaquo;&rsaquo;<\/a><\/li>\n\n<\/ul>\n\n\n--><br \/>\n<\/body><\/p>\n","protected":false},"excerpt":{"rendered":"<p>VATICANO, 17 Ago. 16 \/ 06:56 am (ACI).- En su Audiencia General del 17 de agosto, en el Aula Pablo VI del Vaticano, el Papa Francisco exhort\u00f3 a los fieles a ser \u00absigno visible de la misericordia de Dios\u00bb, para que descienda \u00abla comuni\u00f3n y la paz entre los hombres y la comuni\u00f3n de los [&hellip;]<\/p>\n","protected":false},"author":3,"featured_media":0,"comment_status":"open","ping_status":"open","sticky":false,"template":"","format":"standard","meta":{"footnotes":""},"categories":[23],"tags":[],"class_list":["post-248997","post","type-post","status-publish","format-standard","hentry","category-internacional"],"_links":{"self":[{"href":"https:\/\/diariodominicano.com\/index.php?rest_route=\/wp\/v2\/posts\/248997","targetHints":{"allow":["GET"]}}],"collection":[{"href":"https:\/\/diariodominicano.com\/index.php?rest_route=\/wp\/v2\/posts"}],"about":[{"href":"https:\/\/diariodominicano.com\/index.php?rest_route=\/wp\/v2\/types\/post"}],"author":[{"embeddable":true,"href":"https:\/\/diariodominicano.com\/index.php?rest_route=\/wp\/v2\/users\/3"}],"replies":[{"embeddable":true,"href":"https:\/\/diariodominicano.com\/index.php?rest_route=%2Fwp%2Fv2%2Fcomments&post=248997"}],"version-history":[{"count":0,"href":"https:\/\/diariodominicano.com\/index.php?rest_route=\/wp\/v2\/posts\/248997\/revisions"}],"wp:attachment":[{"href":"https:\/\/diariodominicano.com\/index.php?rest_route=%2Fwp%2Fv2%2Fmedia&parent=248997"}],"wp:term":[{"taxonomy":"category","embeddable":true,"href":"https:\/\/diariodominicano.com\/index.php?rest_route=%2Fwp%2Fv2%2Fcategories&post=248997"},{"taxonomy":"post_tag","embeddable":true,"href":"https:\/\/diariodominicano.com\/index.php?rest_route=%2Fwp%2Fv2%2Ftags&post=248997"}],"curies":[{"name":"wp","href":"https:\/\/api.w.org\/{rel}","templated":true}]}}