{"id":248996,"date":"2016-08-17T10:43:20","date_gmt":"2016-08-17T10:43:20","guid":{"rendered":"http:\/\/diariodominicano.ddns.net\/?p=248996"},"modified":"2016-08-17T10:43:20","modified_gmt":"2016-08-17T10:43:20","slug":"incendio-del-ferry-caribbean-fantasy-en-san-juan-fue-controlado","status":"publish","type":"post","link":"https:\/\/diariodominicano.com\/?p=248996","title":{"rendered":"Incendio del ferry Caribbean Fantasy en San Juan fue controlado"},"content":{"rendered":"<p><body><\/p>\n<p><img decoding=\"async\" src=\"img3\/Ferrysincendio17-8.jpg\" \/>  <\/p>\n<p><span class=\"text1noticias\">Puerto Rico, 17 de agosto.- Un incendio se report\u00f3 esta ma\u00f1ana a bordo del ferry Caribbean Fantasy mientras llegaba a San Juan, lo que provoc\u00f3 la movilizaci\u00f3n de las autoridades y el desalojo de todos sus 387 pasajeros.<\/span><\/p>\n<p><span class=\"text1noticias\"> <\/span><\/p>\n<p><span class=\"text1noticias\"> <\/span><\/p>\n<p><span class=\"text1noticias\">El informe preliminar de la Oficina de Prensa de la Polic\u00eda se\u00f1ala que  la embarcaci\u00f3n proveniente de Rep\u00fablica Dominicana confront\u00f3 problemas mec\u00e1nicos y se detect\u00f3 humo a eso de las 7:52 a.m. La Polic\u00eda se dirigi\u00f3 al \u00e1rea de la Termoel\u00e9ctrica en Levittown para atender la situaci\u00f3n de emergencia.<\/span><\/p>\n<p><span class=\"text1noticias\"> <\/span><\/p>\n<p><span class=\"text1noticias\"> <\/span><\/p>\n<p><span class=\"text1noticias\">N\u00e9stor Gonz\u00e1lez hijo, principal oficial de operaciones de la empresa Marine Express, agente exclusivo de America Cruise Ferries, dijo a ELNUEVODIA.COM no tener todos los detalles de lo acontecido, pero que el barco zarp\u00f3 anoche de Santo Domingo sin problemas y que esta ma\u00f1ana, mientras se acercaba a la entrada de El Morro en San Juan, se detect\u00f3 humo en un \u00e1rea que no pudo precisar.<\/span><\/p>\n<p><span class=\"text1noticias\"> <\/span><\/p>\n<p><span class=\"text1noticias\"> <\/span><\/p>\n<p><span class=\"text1noticias\">Luego, comenz\u00f3 un peque\u00f1o incendio que, seg\u00fan Gonz\u00e1lez, ya est\u00e1 bajo control.<\/span><\/p>\n<p><span class=\"text1noticias\">Indic\u00f3 que como parte del protocolo de seguridad los 387 pasajeros a bordo fueron desalojados. \u00abLos pasajeros est\u00e1n a salvo\u00bb, dijo.<\/span><\/p>\n<p><span class=\"text1noticias\"> <\/span><\/p>\n<p><span class=\"text1noticias\">De hecho, algunos testigos han dicho que veh\u00edculos de la Autoridad Metropolitana de Autobuses (AMA) est\u00e1n transportando a pasajeros afectados por la emergencia.<\/span><\/p>\n<p><span class=\"text1noticias\"> <\/span><\/p>\n<p><span class=\"text1noticias\">\u00abEstamos investigando (lo sucedido). El barco se encuentra ahora mismo por el \u00e1rea de El Morro porque una vez hay un fuego, no importa lo que sea, se apagan las m\u00e1quinas, se corta todo lo que tenga que ver con combustible, se tira el ancla, y se evac\u00faa a los pasajeros para cuidar sus vidas. No creo haya sido un fuego intencional,  pero no tengo todos los detalles\u00bb, destac\u00f3 el ejecutivo.<\/span><\/p>\n<p><span class=\"text1noticias\"> <\/span><\/p>\n<p><span class=\"text1noticias\">Unidades de FURA llegaron al lugar.<\/span><\/p>\n<p><span class=\"text1noticias\">A eso de las 10:00 a.m. el Centro M\u00e9dico en R\u00edo Piedras no hab\u00eda recibido ning\u00fan pasajero afectado por el fuego, dijo Ivette P\u00e9rez, portavoz de la Administraci\u00f3n de Servicios M\u00e9dicos (ASEM). <\/span><\/p>\n<p><span class=\"text1noticias\"> <\/span><\/p>\n<p><span class=\"text1noticias\">Sin embargo, expuso que la instituci\u00f3n m\u00e9dica tiene su plan de acci\u00f3n activado para recibir aquellos pasajeros afectados si fuese necesario.<\/span><\/p>\n<p><span class=\"text1noticias\"> <\/span><\/p>\n<p><span class=\"text1noticias\">Asimismo, dijo que personal del Centro M\u00e9dico se encuentra ahora mismo en el muelle donde bajaron los pasajeros para atender cualquier emergencia que all\u00ed se presente, adem\u00e1s de redirigir a los pasajeros menos impactados a otros hospitales, si fuese necesario. All\u00ed est\u00e1n el emergenci\u00f3logo Juan Nazario y el doctor Israel Ayala, director de los servicios m\u00e9dicos que presta la ASEM. (Fuente: Nuevo D\u00eda, Puerto <\/span>Rico)<\/p>\n<h6> 2016-08-17 10:43:20 <\/h6>\n<p><!--\n<link rel=\"stylesheet\" href=\"css\/bootstrap.min.css\">\n\n\n<ul class=\"pagination\">\n\t    \n\t\n\n<li >\n\t<a href='?page_no=18640'>Previous<\/a>\n\t<\/li>\n\n\n       \n    \n\n<li><a href='?page_no=1'>1<\/a><\/li>\n\n\n\n<li><a href='?page_no=2'>2<\/a><\/li>\n\n\n\n<li><a>...<\/a><\/li>\n\n\n\n<li><a href='?page_no=18639'>18639<\/a><\/li>\n\n\n\n<li><a href='?page_no=18640'>18640<\/a><\/li>\n\n\n\n<li class='active'><a>18641<\/a><\/li>\n\n\n\n<li><a href='?page_no=18642'>18642<\/a><\/li>\n\n\n\n<li><a href='?page_no=18643'>18643<\/a><\/li>\n\n\n\n<li><a>...<\/a><\/li>\n\n\n\n<li><a href='?page_no=51012'>51012<\/a><\/li>\n\n\n\n<li><a href='?page_no=51013'>51013<\/a><\/li>\n\n    \n\t\n\n<li >\n\t<a href='?page_no=18642'>Next<\/a>\n\t<\/li>\n\n\n    \n\n<li><a href='?page_no=51013'>Last &rsaquo;&rsaquo;<\/a><\/li>\n\n<\/ul>\n\n\n--><br \/>\n<\/body><\/p>\n","protected":false},"excerpt":{"rendered":"<p>Puerto Rico, 17 de agosto.- Un incendio se report\u00f3 esta ma\u00f1ana a bordo del ferry Caribbean Fantasy mientras llegaba a San Juan, lo que provoc\u00f3 la movilizaci\u00f3n de las autoridades y el desalojo de todos sus 387 pasajeros. El informe preliminar de la Oficina de Prensa de la Polic\u00eda se\u00f1ala que la embarcaci\u00f3n proveniente de [&hellip;]<\/p>\n","protected":false},"author":3,"featured_media":0,"comment_status":"open","ping_status":"open","sticky":false,"template":"","format":"standard","meta":{"footnotes":""},"categories":[23],"tags":[],"class_list":["post-248996","post","type-post","status-publish","format-standard","hentry","category-internacional"],"_links":{"self":[{"href":"https:\/\/diariodominicano.com\/index.php?rest_route=\/wp\/v2\/posts\/248996","targetHints":{"allow":["GET"]}}],"collection":[{"href":"https:\/\/diariodominicano.com\/index.php?rest_route=\/wp\/v2\/posts"}],"about":[{"href":"https:\/\/diariodominicano.com\/index.php?rest_route=\/wp\/v2\/types\/post"}],"author":[{"embeddable":true,"href":"https:\/\/diariodominicano.com\/index.php?rest_route=\/wp\/v2\/users\/3"}],"replies":[{"embeddable":true,"href":"https:\/\/diariodominicano.com\/index.php?rest_route=%2Fwp%2Fv2%2Fcomments&post=248996"}],"version-history":[{"count":0,"href":"https:\/\/diariodominicano.com\/index.php?rest_route=\/wp\/v2\/posts\/248996\/revisions"}],"wp:attachment":[{"href":"https:\/\/diariodominicano.com\/index.php?rest_route=%2Fwp%2Fv2%2Fmedia&parent=248996"}],"wp:term":[{"taxonomy":"category","embeddable":true,"href":"https:\/\/diariodominicano.com\/index.php?rest_route=%2Fwp%2Fv2%2Fcategories&post=248996"},{"taxonomy":"post_tag","embeddable":true,"href":"https:\/\/diariodominicano.com\/index.php?rest_route=%2Fwp%2Fv2%2Ftags&post=248996"}],"curies":[{"name":"wp","href":"https:\/\/api.w.org\/{rel}","templated":true}]}}