{"id":248995,"date":"2016-08-17T11:15:07","date_gmt":"2016-08-17T11:15:07","guid":{"rendered":"http:\/\/diariodominicano.ddns.net\/?p=248995"},"modified":"2016-08-17T11:15:07","modified_gmt":"2016-08-17T11:15:07","slug":"importante-comandante-taliban-entre-19-muertos-en-norte-de-afganistan","status":"publish","type":"post","link":"https:\/\/diariodominicano.com\/?p=248995","title":{"rendered":"Importante comandante talib\u00e1n entre 19 muertos en norte de Afganist\u00e1n"},"content":{"rendered":"<p><body><\/p>\n<p><span class=\"text1noticias\"> KABUL, 17 ago (Xinhua) &#8212; Qari Zabihullah, un importante comandante talib\u00e1n, se encuentra entre los 19 milicianos que han sido abatidos este mi\u00e9rcoles en la provincia septentrional afgana de Kunduz, inform\u00f3 el Ministerio del Interior en un comunicado.<\/span><\/p>\n<p><span class=\"text1noticias\"> <\/span><\/p>\n<p><span class=\"text1noticias\">     \u00abLas fuerzas de seguridad, en su campa\u00f1a contra los milicianos en los distritos de Khan Abad y Chardara de la provincia de Kunduz, han abatido a 19 rebeldes, entre ellos el destacado comandante talib\u00e1n Qari Zabihullah\u00bb, seg\u00fan el comunicado.<\/span><\/p>\n<p><span class=\"text1noticias\"> <\/span><\/p>\n<p><span class=\"text1noticias\">     Qari Zabihullah, reza el texto, era un comandante clave de los talibanes y hab\u00eda organizado actividades subversivas, atentados al borde de carreteras y ataques contra las fuerzas gubernamentales a lo largo de la conflictiva provincia de Kunduz. Su asesinato podr\u00eda suponer un gran rev\u00e9s para los milicianos, de acuerdo con el comunicado.<\/span><\/p>\n<p><span class=\"text1noticias\"> <\/span><\/p>\n<p><span class=\"text1noticias\">     Los milicianos talibanes a\u00fan no han hecho comentarios sobre esta informaci\u00f3<\/span>n. <\/p>\n<h6> 2016-08-17 11:15:07 <\/h6>\n<p><!--\n<link rel=\"stylesheet\" href=\"css\/bootstrap.min.css\">\n\n\n<ul class=\"pagination\">\n\t    \n\t\n\n<li >\n\t<a href='?page_no=18639'>Previous<\/a>\n\t<\/li>\n\n\n       \n    \n\n<li><a href='?page_no=1'>1<\/a><\/li>\n\n\n\n<li><a href='?page_no=2'>2<\/a><\/li>\n\n\n\n<li><a>...<\/a><\/li>\n\n\n\n<li><a href='?page_no=18638'>18638<\/a><\/li>\n\n\n\n<li><a href='?page_no=18639'>18639<\/a><\/li>\n\n\n\n<li class='active'><a>18640<\/a><\/li>\n\n\n\n<li><a href='?page_no=18641'>18641<\/a><\/li>\n\n\n\n<li><a href='?page_no=18642'>18642<\/a><\/li>\n\n\n\n<li><a>...<\/a><\/li>\n\n\n\n<li><a href='?page_no=51012'>51012<\/a><\/li>\n\n\n\n<li><a href='?page_no=51013'>51013<\/a><\/li>\n\n    \n\t\n\n<li >\n\t<a href='?page_no=18641'>Next<\/a>\n\t<\/li>\n\n\n    \n\n<li><a href='?page_no=51013'>Last &rsaquo;&rsaquo;<\/a><\/li>\n\n<\/ul>\n\n\n--><br \/>\n<\/body><\/p>\n","protected":false},"excerpt":{"rendered":"<p>KABUL, 17 ago (Xinhua) &#8212; Qari Zabihullah, un importante comandante talib\u00e1n, se encuentra entre los 19 milicianos que han sido abatidos este mi\u00e9rcoles en la provincia septentrional afgana de Kunduz, inform\u00f3 el Ministerio del Interior en un comunicado. \u00abLas fuerzas de seguridad, en su campa\u00f1a contra los milicianos en los distritos de Khan Abad y [&hellip;]<\/p>\n","protected":false},"author":3,"featured_media":0,"comment_status":"open","ping_status":"open","sticky":false,"template":"","format":"standard","meta":{"footnotes":""},"categories":[23],"tags":[],"class_list":["post-248995","post","type-post","status-publish","format-standard","hentry","category-internacional"],"_links":{"self":[{"href":"https:\/\/diariodominicano.com\/index.php?rest_route=\/wp\/v2\/posts\/248995","targetHints":{"allow":["GET"]}}],"collection":[{"href":"https:\/\/diariodominicano.com\/index.php?rest_route=\/wp\/v2\/posts"}],"about":[{"href":"https:\/\/diariodominicano.com\/index.php?rest_route=\/wp\/v2\/types\/post"}],"author":[{"embeddable":true,"href":"https:\/\/diariodominicano.com\/index.php?rest_route=\/wp\/v2\/users\/3"}],"replies":[{"embeddable":true,"href":"https:\/\/diariodominicano.com\/index.php?rest_route=%2Fwp%2Fv2%2Fcomments&post=248995"}],"version-history":[{"count":0,"href":"https:\/\/diariodominicano.com\/index.php?rest_route=\/wp\/v2\/posts\/248995\/revisions"}],"wp:attachment":[{"href":"https:\/\/diariodominicano.com\/index.php?rest_route=%2Fwp%2Fv2%2Fmedia&parent=248995"}],"wp:term":[{"taxonomy":"category","embeddable":true,"href":"https:\/\/diariodominicano.com\/index.php?rest_route=%2Fwp%2Fv2%2Fcategories&post=248995"},{"taxonomy":"post_tag","embeddable":true,"href":"https:\/\/diariodominicano.com\/index.php?rest_route=%2Fwp%2Fv2%2Ftags&post=248995"}],"curies":[{"name":"wp","href":"https:\/\/api.w.org\/{rel}","templated":true}]}}