{"id":248994,"date":"2016-08-17T11:20:11","date_gmt":"2016-08-17T11:20:11","guid":{"rendered":"http:\/\/diariodominicano.ddns.net\/?p=248994"},"modified":"2016-08-17T11:20:11","modified_gmt":"2016-08-17T11:20:11","slug":"explosion-de-bomba-deja-dos-muertos-y-siete-heridos-en-noroeste-de-pakistan","status":"publish","type":"post","link":"https:\/\/diariodominicano.com\/?p=248994","title":{"rendered":"Explosi\u00f3n de bomba deja dos muertos y siete heridos en noroeste de Pakist\u00e1n"},"content":{"rendered":"<p><body><\/p>\n<p><span class=\"text1noticias\">     ISLAMABAD, 17 ago (Xinhua) &#8212; Al menos dos efectivos de seguridad murieron y otros siete resultaron heridos la tarde del mi\u00e9rcoles tras la explosi\u00f3n de una bomba en su veh\u00edculo en la zona tribal de la Agencia de Khyber, en el noroeste de Pakist\u00e1n, inform\u00f3 el canal de televisi\u00f3n en idioma urdu Dawn News.<\/span><\/p>\n<p><span class=\"text1noticias\"> <\/span><\/p>\n<p><span class=\"text1noticias\">     Seg\u00fan el canal de televisi\u00f3n, la explosi\u00f3n tuvo lugar cuando el veh\u00edculo de las fuerzas de seguridad choc\u00f3 contra una mina en el valle de Tirah de la Agencia de Khyber, zona tribal semiaut\u00f3noma a lo largo de la frontera entre Pakist\u00e1n y Afganist\u00e1n.<\/span><\/p>\n<p><span class=\"text1noticias\"> <\/span><\/p>\n<p><span class=\"text1noticias\">     Los soldados heridos fueron trasladados a un hospital cercano.<\/span><\/p>\n<p><span class=\"text1noticias\"> <\/span><\/p>\n<p><span class=\"text1noticias\">     Ning\u00fan grupo ha reivindicado la autor\u00eda del ataque hasta el momento.<\/span><\/p>\n<p><span class=\"text1noticias\"> <\/span><\/p>\n<p><span class=\"text1noticias\">     El incidente ocurri\u00f3 un d\u00eda despu\u00e9s del lanzamiento de una operaci\u00f3n del Ej\u00e9rcito paquistan\u00ed en la zona del valle de Tirah de la Agencia de Khyber, a fin de reforzar el despliegue de tropas para el control y vigilancia efectivos contra los movimientos en la porosa frontera de la Agencia.<\/span><\/p>\n<p><span class=\"text1noticias\"> <\/span><\/p>\n<p><span class=\"text1noticias\">     El Ej\u00e9rcito tambi\u00e9n abati\u00f3 a 14 milicianos e hiri\u00f3 a otros 11 en las operaciones a\u00e9rea y terrestre del martes en el valle, afirm\u00f3 el ala de los medios del Ej\u00e9rc<\/span>ito. <\/p>\n<h6> 2016-08-17 11:20:11 <\/h6>\n<p><!--\n<link rel=\"stylesheet\" href=\"css\/bootstrap.min.css\">\n\n\n<ul class=\"pagination\">\n\t    \n\t\n\n<li >\n\t<a href='?page_no=18638'>Previous<\/a>\n\t<\/li>\n\n\n       \n    \n\n<li><a href='?page_no=1'>1<\/a><\/li>\n\n\n\n<li><a href='?page_no=2'>2<\/a><\/li>\n\n\n\n<li><a>...<\/a><\/li>\n\n\n\n<li><a href='?page_no=18637'>18637<\/a><\/li>\n\n\n\n<li><a href='?page_no=18638'>18638<\/a><\/li>\n\n\n\n<li class='active'><a>18639<\/a><\/li>\n\n\n\n<li><a href='?page_no=18640'>18640<\/a><\/li>\n\n\n\n<li><a href='?page_no=18641'>18641<\/a><\/li>\n\n\n\n<li><a>...<\/a><\/li>\n\n\n\n<li><a href='?page_no=51012'>51012<\/a><\/li>\n\n\n\n<li><a href='?page_no=51013'>51013<\/a><\/li>\n\n    \n\t\n\n<li >\n\t<a href='?page_no=18640'>Next<\/a>\n\t<\/li>\n\n\n    \n\n<li><a href='?page_no=51013'>Last &rsaquo;&rsaquo;<\/a><\/li>\n\n<\/ul>\n\n\n--><br \/>\n<\/body><\/p>\n","protected":false},"excerpt":{"rendered":"<p>ISLAMABAD, 17 ago (Xinhua) &#8212; Al menos dos efectivos de seguridad murieron y otros siete resultaron heridos la tarde del mi\u00e9rcoles tras la explosi\u00f3n de una bomba en su veh\u00edculo en la zona tribal de la Agencia de Khyber, en el noroeste de Pakist\u00e1n, inform\u00f3 el canal de televisi\u00f3n en idioma urdu Dawn News. Seg\u00fan [&hellip;]<\/p>\n","protected":false},"author":3,"featured_media":0,"comment_status":"open","ping_status":"open","sticky":false,"template":"","format":"standard","meta":{"footnotes":""},"categories":[23],"tags":[],"class_list":["post-248994","post","type-post","status-publish","format-standard","hentry","category-internacional"],"_links":{"self":[{"href":"https:\/\/diariodominicano.com\/index.php?rest_route=\/wp\/v2\/posts\/248994","targetHints":{"allow":["GET"]}}],"collection":[{"href":"https:\/\/diariodominicano.com\/index.php?rest_route=\/wp\/v2\/posts"}],"about":[{"href":"https:\/\/diariodominicano.com\/index.php?rest_route=\/wp\/v2\/types\/post"}],"author":[{"embeddable":true,"href":"https:\/\/diariodominicano.com\/index.php?rest_route=\/wp\/v2\/users\/3"}],"replies":[{"embeddable":true,"href":"https:\/\/diariodominicano.com\/index.php?rest_route=%2Fwp%2Fv2%2Fcomments&post=248994"}],"version-history":[{"count":0,"href":"https:\/\/diariodominicano.com\/index.php?rest_route=\/wp\/v2\/posts\/248994\/revisions"}],"wp:attachment":[{"href":"https:\/\/diariodominicano.com\/index.php?rest_route=%2Fwp%2Fv2%2Fmedia&parent=248994"}],"wp:term":[{"taxonomy":"category","embeddable":true,"href":"https:\/\/diariodominicano.com\/index.php?rest_route=%2Fwp%2Fv2%2Fcategories&post=248994"},{"taxonomy":"post_tag","embeddable":true,"href":"https:\/\/diariodominicano.com\/index.php?rest_route=%2Fwp%2Fv2%2Ftags&post=248994"}],"curies":[{"name":"wp","href":"https:\/\/api.w.org\/{rel}","templated":true}]}}