{"id":248992,"date":"2016-08-17T11:38:31","date_gmt":"2016-08-17T11:38:31","guid":{"rendered":"http:\/\/diariodominicano.ddns.net\/?p=248992"},"modified":"2016-08-17T11:38:31","modified_gmt":"2016-08-17T11:38:31","slug":"rajoy-anuncia-aceptacion-de-pp-para-negociar-con-ciudadanos-en-espana","status":"publish","type":"post","link":"https:\/\/diariodominicano.com\/?p=248992","title":{"rendered":"Rajoy anuncia aceptaci\u00f3n de PP para negociar con Ciudadanos en Espa\u00f1a"},"content":{"rendered":"<p><body><\/p>\n<p><img decoding=\"async\" src=\"img3\/Rajoy17-8.jpg\" \/>  <\/p>\n<p><span class=\"text1noticias\"> MADRID, 17 ago (Xinhua) &#8212; El presidente del gobierno en funciones de Espa\u00f1a, Mariano Rajoy, anunci\u00f3 hoy que el Comit\u00e9 Ejecutivo Nacional del gubernamental Partido Popular (PP) ha dado el visto bueno para comenzar a negociar una investidura con Ciudadanos.<\/span><\/p>\n<p><span class=\"text1noticias\"> <\/span><\/p>\n<p><span class=\"text1noticias\">     \u00abLa clave es que en Espa\u00f1a haya un gobierno ya y que no se repitan las elecciones\u00bb, destac\u00f3 el mandatario en rueda de prensa posterior a su cita con la dirigencia de su partido el PP.  <\/span><\/p>\n<p><span class=\"text1noticias\"> <\/span><\/p>\n<p><span class=\"text1noticias\">     Rajoy ha comunicado al Comit\u00e9 Ejecutivo del PP que la prolongaci\u00f3n de esta situaci\u00f3n de interinidad en Espa\u00f1a, \u00abpuede provocar problemas en el futuro\u00bb, pues la naci\u00f3n \u00abnecesita un gobierno ya\u00bb.<\/span><\/p>\n<p><span class=\"text1noticias\"> <\/span><\/p>\n<p><span class=\"text1noticias\">     \u00abEs una anomal\u00eda estar en funciones durante ocho meses. Esta situaci\u00f3n es mala para Espa\u00f1a, y la \u00fanica urgencia es forma un gobierno\u00bb, sostuvo.<\/span><\/p>\n<p><span class=\"text1noticias\"> <\/span><\/p>\n<p><span class=\"text1noticias\">     Se\u00f1al\u00f3 que el pa\u00eds ib\u00e9rico necesita un gobierno por la situaci\u00f3n de la econom\u00eda, por lo \u00aban\u00f3malo de seguir as\u00ed\u00bb en funciones y por \u00abotras cuestiones urgentes que nos est\u00e1n esperando\u00bb, por lo que prometi\u00f3 que har\u00e1 todo lo que pueda para formar gobierno.<\/span><\/p>\n<p><span class=\"text1noticias\"> <\/span><\/p>\n<p><span class=\"text1noticias\">     Advirti\u00f3, no obstante, que \u00abla responsabilidad no la tiene solo el PP\u00bb, ya que la investidura no ser\u00e1 posible si el Partido Socialista Obrero Espa\u00f1ol (PSOE), con 85 esca\u00f1os, no apoya o se abstiene en la investidura para formar gobierno.<\/span><\/p>\n<p><span class=\"text1noticias\"> <\/span><\/p>\n<p><span class=\"text1noticias\">     Si logra el \u00abs\u00ed\u00bb del partido Ciudadanos (32 diputados) y el de Coalici\u00f3n Canaria (1 esca\u00f1o), con el que tambi\u00e9n mantiene contactos, tendr\u00eda en total 170 votos, incluidos los 137 del PP, aunque a\u00fan necesitar\u00eda al menos 11 abstenciones para ser investido.<\/span><\/p>\n<p><span class=\"text1noticias\"> <\/span><\/p>\n<p><span class=\"text1noticias\">     Mariano Rajoy afirm\u00f3 tambi\u00e9n que el benepl\u00e1cito de su partido no quiere decir que haya aceptado las seis condiciones impuestas por Ciudadanos, referidas a la regeneraci\u00f3n democr\u00e1tica y a la lucha contra la corrupci\u00f3n, entre otras.          <\/span><\/p>\n<p><span class=\"text1noticias\"> <\/span><\/p>\n<p><span class=\"text1noticias\">     El mandatario espa\u00f1ol en funciones ha mencionado su deseo de hablar con el secretario general del PSOE, Pedro S\u00e1nchez, respecto a cu\u00e1l puede ser la fecha en que se celebre una sesi\u00f3n de investidura o si se mantiene en el \u00abno\u00bb al PP y \u00abprefiere la repetici\u00f3n\u00bb de elecciones.<\/span><\/p>\n<p><span class=\"text1noticias\"> <\/span><\/p>\n<p><span class=\"text1noticias\">     Coment\u00f3, adem\u00e1s, que se encontrar\u00e1 con el presidente de Ciudadanos, Albert Rivera, para iniciar negociaciones sobre su elecci\u00f3n.<\/span><\/p>\n<p><span class=\"text1noticias\"> <\/span><\/p>\n<p><span class=\"text1noticias\">     Ciudadanos, en tanto, aclar\u00f3 este mi\u00e9rcoles que no aceptar\u00e1 matices a sus condiciones, por lo que ha pedido al PP que fije fecha y hora para el debate de investidura, requerimientos sobre los que Rajoy no se ha pronunciado por el<\/span> momento. <\/p>\n<h6> 2016-08-17 11:38:31 <\/h6>\n<p><!--\n<link rel=\"stylesheet\" href=\"css\/bootstrap.min.css\">\n\n\n<ul class=\"pagination\">\n\t    \n\t\n\n<li >\n\t<a href='?page_no=18636'>Previous<\/a>\n\t<\/li>\n\n\n       \n    \n\n<li><a href='?page_no=1'>1<\/a><\/li>\n\n\n\n<li><a href='?page_no=2'>2<\/a><\/li>\n\n\n\n<li><a>...<\/a><\/li>\n\n\n\n<li><a href='?page_no=18635'>18635<\/a><\/li>\n\n\n\n<li><a href='?page_no=18636'>18636<\/a><\/li>\n\n\n\n<li class='active'><a>18637<\/a><\/li>\n\n\n\n<li><a href='?page_no=18638'>18638<\/a><\/li>\n\n\n\n<li><a href='?page_no=18639'>18639<\/a><\/li>\n\n\n\n<li><a>...<\/a><\/li>\n\n\n\n<li><a href='?page_no=51012'>51012<\/a><\/li>\n\n\n\n<li><a href='?page_no=51013'>51013<\/a><\/li>\n\n    \n\t\n\n<li >\n\t<a href='?page_no=18638'>Next<\/a>\n\t<\/li>\n\n\n    \n\n<li><a href='?page_no=51013'>Last &rsaquo;&rsaquo;<\/a><\/li>\n\n<\/ul>\n\n\n--><br \/>\n<\/body><\/p>\n","protected":false},"excerpt":{"rendered":"<p>MADRID, 17 ago (Xinhua) &#8212; El presidente del gobierno en funciones de Espa\u00f1a, Mariano Rajoy, anunci\u00f3 hoy que el Comit\u00e9 Ejecutivo Nacional del gubernamental Partido Popular (PP) ha dado el visto bueno para comenzar a negociar una investidura con Ciudadanos. \u00abLa clave es que en Espa\u00f1a haya un gobierno ya y que no se repitan [&hellip;]<\/p>\n","protected":false},"author":3,"featured_media":0,"comment_status":"open","ping_status":"open","sticky":false,"template":"","format":"standard","meta":{"footnotes":""},"categories":[23],"tags":[],"class_list":["post-248992","post","type-post","status-publish","format-standard","hentry","category-internacional"],"_links":{"self":[{"href":"https:\/\/diariodominicano.com\/index.php?rest_route=\/wp\/v2\/posts\/248992","targetHints":{"allow":["GET"]}}],"collection":[{"href":"https:\/\/diariodominicano.com\/index.php?rest_route=\/wp\/v2\/posts"}],"about":[{"href":"https:\/\/diariodominicano.com\/index.php?rest_route=\/wp\/v2\/types\/post"}],"author":[{"embeddable":true,"href":"https:\/\/diariodominicano.com\/index.php?rest_route=\/wp\/v2\/users\/3"}],"replies":[{"embeddable":true,"href":"https:\/\/diariodominicano.com\/index.php?rest_route=%2Fwp%2Fv2%2Fcomments&post=248992"}],"version-history":[{"count":0,"href":"https:\/\/diariodominicano.com\/index.php?rest_route=\/wp\/v2\/posts\/248992\/revisions"}],"wp:attachment":[{"href":"https:\/\/diariodominicano.com\/index.php?rest_route=%2Fwp%2Fv2%2Fmedia&parent=248992"}],"wp:term":[{"taxonomy":"category","embeddable":true,"href":"https:\/\/diariodominicano.com\/index.php?rest_route=%2Fwp%2Fv2%2Fcategories&post=248992"},{"taxonomy":"post_tag","embeddable":true,"href":"https:\/\/diariodominicano.com\/index.php?rest_route=%2Fwp%2Fv2%2Ftags&post=248992"}],"curies":[{"name":"wp","href":"https:\/\/api.w.org\/{rel}","templated":true}]}}