{"id":248991,"date":"2016-08-17T13:04:21","date_gmt":"2016-08-17T13:04:21","guid":{"rendered":"http:\/\/diariodominicano.ddns.net\/?p=248991"},"modified":"2016-08-17T13:04:21","modified_gmt":"2016-08-17T13:04:21","slug":"hijo-de-el-chapo-secuestrado-es-pieza-importante-en-cartel-de-sinaloa","status":"publish","type":"post","link":"https:\/\/diariodominicano.com\/?p=248991","title":{"rendered":"Hijo de \u00abEl Chapo\u00bb secuestrado es pieza importante en c\u00e1rtel de Sinaloa"},"content":{"rendered":"<p><body><\/p>\n<p><img decoding=\"async\" src=\"img3\/Chapito17-8.jpg\" \/>  <\/p>\n<p><span class=\"text1noticias\"> Por Luis Brito<\/span><\/p>\n<p><span class=\"text1noticias\"> <\/span><\/p>\n<p><span class=\"text1noticias\">     MEXICO, 17 ago (Xinhua) &#8212; Para la justicia de Estados Unidos, Jes\u00fas Alfredo Guzm\u00e1n Salazar, hijo del narco Joaqu\u00edn \u00abEl Chapo\u00bb Guzm\u00e1n, es un personaje de relevancia dentro de la operaci\u00f3n del c\u00e1rtel de Sinaloa, al grado que congel\u00f3 sus bienes en su pa\u00eds.<\/span><\/p>\n<p><span class=\"text1noticias\"> <\/span><\/p>\n<p><span class=\"text1noticias\">     Apodado \u00abAlfredillo\u00bb, el hombre que fue secuestrado el pasado lunes por hombres armados del c\u00e1rtel rival en un restaurante del balneario de Puerto Vallarta, en el oeste de M\u00e9xico, es blanco de varias acusaciones presentadas por Washington desde 2009 ante una corte federal en Chicago, seg\u00fan documentos p\u00fablicos del caso.<\/span><\/p>\n<p><span class=\"text1noticias\"> <\/span><\/p>\n<p><span class=\"text1noticias\">     Los fiscales del Departamento de Justicia estadounidense lo catalogan como un coordinador log\u00edstico que actu\u00f3 por lo menos desde 2005 en nombre de su padre para traficar varios kilos de coca\u00edna, hero\u00edna y marihuana hacia su territorio, adem\u00e1s de encargarse de enviar las ganancias por su venta a M\u00e9xico.<\/span><\/p>\n<p><span class=\"text1noticias\"> <\/span><\/p>\n<p><span class=\"text1noticias\">     A la par, el Departamento del Tesoro congel\u00f3 en junio de 2012 los bienes que pudiera tener en su territorio y prohibi\u00f3 a sus ciudadanos efectuar negocios o transacciones con \u00e9l, bajo la Ley de Designaci\u00f3n de Cabecillas Extranjeros del Narcotr\u00e1fico, conocida como Ley Kingpin.<\/span><\/p>\n<p><span class=\"text1noticias\"> <\/span><\/p>\n<p><span class=\"text1noticias\">     \u00abAlfredillo\u00bb es uno de los cuatro hijos que el l\u00edder del c\u00e1rtel de Sinaloa tuvo con su primera esposa, Mar\u00eda Alejandrina Salazar, luego de que contrajeron nupcias en 1977, conforme la informaci\u00f3n que la fiscal\u00eda mexicana tiene sobre la vida del capo.<\/span><\/p>\n<p><span class=\"text1noticias\"> <\/span><\/p>\n<p><span class=\"text1noticias\">     De acuerdo con la justicia de EEUU, el presunto narcotraficante tendr\u00eda 30 a\u00f1os de edad, seis menos que su hermano Iv\u00e1n Archivaldo, tambi\u00e9n considerado al menos como operador dentro de la organizaci\u00f3n criminal que su padre, actualmente en la c\u00e1rcel, lider\u00f3 desde la d\u00e9cada de los noventa del siglo pasado.<\/span><\/p>\n<p><span class=\"text1noticias\"> <\/span><\/p>\n<p><span class=\"text1noticias\">     Seg\u00fan la Fiscal\u00eda General de Jalisco, el hijo de \u00abEl Chapo\u00bb fue secuestrado por siete pistoleros la madrugada del lunes cuando depart\u00eda con cinco hombres y nueve mujeres en el restaurante \u00abLa Leche\u00bb, situado en la zona hotelera del tur\u00edstico puerto del Pac\u00edfico mexicano.<\/span><\/p>\n<p><span class=\"text1noticias\"> <\/span><\/p>\n<p><span class=\"text1noticias\">     Al parecer, realizaban una celebraci\u00f3n cuando fueron tomados por sorpresa por los agresores, quienes se llevaron a los seis hombres de la mesa y dejaron libres a las acompa\u00f1antes, de acuerdo con la versi\u00f3n oficial.<\/span><\/p>\n<p><span class=\"text1noticias\"> <\/span><\/p>\n<p><span class=\"text1noticias\">     No es la primera ocasi\u00f3n que \u00abEl Chapo\u00bb sufre un ataque a un hijo, pues en mayo de 2008 pistoleros de la organizaci\u00f3n rival de los Beltr\u00e1n Leyva asesinaron a Edgar Guzm\u00e1n L\u00f3pez, a quien tuvo con su segunda esposa, en calles de la ciudad de Culiac\u00e1n, capital del estado de Sinaloa (noroeste).<\/span><\/p>\n<p><span class=\"text1noticias\"> <\/span><\/p>\n<p><span class=\"text1noticias\">     Sin embargo, el secuestro de \u00abAlfredillo\u00bb tiene un tinte de excepcional porque se registra cuando su padre suma siete meses en la prisi\u00f3n, tras ser recapturado en enero de este a\u00f1o luego de su fuga en agosto 2015, dijo a Xinhua el crimin\u00f3logo Mart\u00edn Barr\u00f3n, experto en temas de narcotr\u00e1fico.<\/span><\/p>\n<p><span class=\"text1noticias\"> <\/span><\/p>\n<p><span class=\"text1noticias\">     \u00abEs visible que el hecho de que \u00e9l est\u00e9 en prisi\u00f3n, y sobre todo en Ciudad Ju\u00e1rez (en el norte\u00f1o estado de Chihuahua), ha puesto de alguna manera en vulnerabilidad a parte de su familia y esto ha sido aprovechado por los grupos rivales de Joaqu\u00edn Guzm\u00e1n\u00bb, consider\u00f3 en entrevista.<\/span><\/p>\n<p><span class=\"text1noticias\"> <\/span><\/p>\n<p><span class=\"text1noticias\">     El crimin\u00f3logo agreg\u00f3 que es previsible que el plagio genere acciones de venganza por parte de miembros del c\u00e1rtel de Sinaloa contra la organizaci\u00f3n criminal responsable, la cual las autoridades han dejado entrever que es el c\u00e1rtel Jalisco Nueva Generaci\u00f3n.<\/span><\/p>\n<p><span class=\"text1noticias\"> <\/span><\/p>\n<p><span class=\"text1noticias\">     Ese c\u00e1rtel surgi\u00f3 hacia 2010 tras la reestructuraci\u00f3n de grupos criminales y actualmente las agencias de seguridad mexicanas consideran que opera en Jalisco y en estados del centro, sur y este del pa\u00eds, donde han sido protagonistas de tiroteos, desapariciones de rivales y asesinatos.<\/span><\/p>\n<p><span class=\"text1noticias\"> <\/span><\/p>\n<p><span class=\"text1noticias\">     Una posible escalada de actos violentos ha sido tambi\u00e9n prevista por autoridades de Jalisco y los estados vecinos, que ya han dicho que se coordinan con las fuerzas federales para reforzar las medidas de vigilancia tanto en el balneario como en otras zonas de la regi\u00f3n.<\/span><\/p>\n<p><span class=\"text1noticias\"> <\/span><\/p>\n<p><span class=\"text1noticias\">     El fiscal de Jalisco, Eduardo Almaguer, ha declarado que no por tratarse de hombres vinculados al crimen organizado dejar\u00e1n de investigar el secuestro para dar con su paradero y detener a los responsables.<\/span><\/p>\n<p><span class=\"text1noticias\"> <\/span><\/p>\n<p><span class=\"text1noticias\">     La Procuradur\u00eda General de la Rep\u00fablica (PGR, fiscal\u00eda) anunci\u00f3 la v\u00edspera por la noche que un grupo de agentes de su fiscal\u00eda especializada contra la delincuencia organizada se sumar\u00e1 a las investigaciones efectuadas por el gobierno estatal.<\/span><\/p>\n<p><span class=\"text1noticias\"> <\/span><\/p>\n<p><span class=\"text1noticias\">     \u00abLos seguidores de la gente que todav\u00eda siga bajo las \u00f3rdenes de Joaqu\u00edn Guzm\u00e1n necesariamente dar\u00e1n una respuesta. Esto lo \u00fanico que provoca es un incremento de la violencia en esa zona\u00bb , se\u00f1al\u00f3 el crimin\u00f3logo Barr\u00f3n. <\/span><\/p>\n<h6> 2016-08-17 13:04:21 <\/h6>\n<p><!--\n<link rel=\"stylesheet\" href=\"css\/bootstrap.min.css\">\n\n\n<ul class=\"pagination\">\n\t    \n\t\n\n<li >\n\t<a href='?page_no=18635'>Previous<\/a>\n\t<\/li>\n\n\n       \n    \n\n<li><a href='?page_no=1'>1<\/a><\/li>\n\n\n\n<li><a href='?page_no=2'>2<\/a><\/li>\n\n\n\n<li><a>...<\/a><\/li>\n\n\n\n<li><a href='?page_no=18634'>18634<\/a><\/li>\n\n\n\n<li><a href='?page_no=18635'>18635<\/a><\/li>\n\n\n\n<li class='active'><a>18636<\/a><\/li>\n\n\n\n<li><a href='?page_no=18637'>18637<\/a><\/li>\n\n\n\n<li><a href='?page_no=18638'>18638<\/a><\/li>\n\n\n\n<li><a>...<\/a><\/li>\n\n\n\n<li><a href='?page_no=51012'>51012<\/a><\/li>\n\n\n\n<li><a href='?page_no=51013'>51013<\/a><\/li>\n\n    \n\t\n\n<li >\n\t<a href='?page_no=18637'>Next<\/a>\n\t<\/li>\n\n\n    \n\n<li><a href='?page_no=51013'>Last &rsaquo;&rsaquo;<\/a><\/li>\n\n<\/ul>\n\n\n--><br \/>\n<\/body><\/p>\n","protected":false},"excerpt":{"rendered":"<p>Por Luis Brito MEXICO, 17 ago (Xinhua) &#8212; Para la justicia de Estados Unidos, Jes\u00fas Alfredo Guzm\u00e1n Salazar, hijo del narco Joaqu\u00edn \u00abEl Chapo\u00bb Guzm\u00e1n, es un personaje de relevancia dentro de la operaci\u00f3n del c\u00e1rtel de Sinaloa, al grado que congel\u00f3 sus bienes en su pa\u00eds. Apodado \u00abAlfredillo\u00bb, el hombre que fue secuestrado el [&hellip;]<\/p>\n","protected":false},"author":3,"featured_media":0,"comment_status":"open","ping_status":"open","sticky":false,"template":"","format":"standard","meta":{"footnotes":""},"categories":[23],"tags":[],"class_list":["post-248991","post","type-post","status-publish","format-standard","hentry","category-internacional"],"_links":{"self":[{"href":"https:\/\/diariodominicano.com\/index.php?rest_route=\/wp\/v2\/posts\/248991","targetHints":{"allow":["GET"]}}],"collection":[{"href":"https:\/\/diariodominicano.com\/index.php?rest_route=\/wp\/v2\/posts"}],"about":[{"href":"https:\/\/diariodominicano.com\/index.php?rest_route=\/wp\/v2\/types\/post"}],"author":[{"embeddable":true,"href":"https:\/\/diariodominicano.com\/index.php?rest_route=\/wp\/v2\/users\/3"}],"replies":[{"embeddable":true,"href":"https:\/\/diariodominicano.com\/index.php?rest_route=%2Fwp%2Fv2%2Fcomments&post=248991"}],"version-history":[{"count":0,"href":"https:\/\/diariodominicano.com\/index.php?rest_route=\/wp\/v2\/posts\/248991\/revisions"}],"wp:attachment":[{"href":"https:\/\/diariodominicano.com\/index.php?rest_route=%2Fwp%2Fv2%2Fmedia&parent=248991"}],"wp:term":[{"taxonomy":"category","embeddable":true,"href":"https:\/\/diariodominicano.com\/index.php?rest_route=%2Fwp%2Fv2%2Fcategories&post=248991"},{"taxonomy":"post_tag","embeddable":true,"href":"https:\/\/diariodominicano.com\/index.php?rest_route=%2Fwp%2Fv2%2Ftags&post=248991"}],"curies":[{"name":"wp","href":"https:\/\/api.w.org\/{rel}","templated":true}]}}