{"id":248989,"date":"2016-08-18T08:18:33","date_gmt":"2016-08-18T08:18:33","guid":{"rendered":"http:\/\/diariodominicano.ddns.net\/?p=248989"},"modified":"2016-08-18T08:18:33","modified_gmt":"2016-08-18T08:18:33","slug":"explosion-coche-bomba-deja-tres-muertos-y-100-heridos-en-turquia","status":"publish","type":"post","link":"https:\/\/diariodominicano.com\/?p=248989","title":{"rendered":"Explosi\u00f3n coche bomba deja tres muertos y 100 heridos en Turqu\u00eda"},"content":{"rendered":"<p><body><\/p>\n<p><img decoding=\"async\" src=\"img3\/Turquia18-8.jpg\" \/><br \/><img decoding=\"async\" src=\"img3\/Turquiaviolencia18-8.jpg\" \/>  <\/p>\n<p><span class=\"text1noticias\">   ANKARA, 18 ago (Xinhua) &#8212; Al menos tres personas murieron y m\u00e1s de 100 resultaron heridas este jueves a consecuencia de la explosi\u00f3n de un coche bomba cerca de una comisar\u00eda en la provincia de Elazig, en el sureste de Turqu\u00eda, infom\u00f3 la agencia de noticias Dogan.<\/span><\/p>\n<p><span class=\"text1noticias\"> <\/span><\/p>\n<p><span class=\"text1noticias\">     El ataque, atribuido al ilegalizado Partido de los Trabajadores del Kurdist\u00e1n (PKK), alcanz\u00f3 los alrededores del Departamento de la Polic\u00eda de Elazig sobre las 09:20 hora local (12:20 GMT). La prensa local tambi\u00e9n inform\u00f3 de tiroteos despu\u00e9s del atentado, comunic\u00f3 el diario Daily Sabah.<\/span><\/p>\n<p><span class=\"text1noticias\"> <\/span><\/p>\n<p><span class=\"text1noticias\">     Al menos tres personas murieron y m\u00e1s de 100 resultaron heridas en la explosi\u00f3n, revelaron a Dogan fuentes oficiales locales.<\/span><\/p>\n<p><span class=\"text1noticias\"> <\/span><\/p>\n<p><span class=\"text1noticias\">     Los v\u00eddeos de la escena mostraron humo alz\u00e1ndose de la zona y, seg\u00fan las informaciones, muchos edificios en el \u00e1rea resultaron da\u00f1ados.<\/span><\/p>\n<p><span class=\"text1noticias\"> <\/span><\/p>\n<p><span class=\"text1noticias\">     Ambulancias y las fuerzas de seguridad fueron desplegadas en el lugar de los hechos tras el ataque, y se llevan a cabo operaciones para buscar a los autores.<\/span><\/p>\n<p><span class=\"text1noticias\"> <\/span><\/p>\n<p><span class=\"text1noticias\">     El atentado en Elazig llega tras la explosi\u00f3n ocurrida el mi\u00e9rcoles por la noche en la provincia oriental turca de Van, atentado tambi\u00e9n atribuido al PKK, que dej\u00f3 al menos 73 heridos, incluidos 20 poli<\/span>c\u00edas.<\/p>\n<\/p>\n<p>     El PKK est\u00e1 incluido en la lista negra de organizaciones terroristas de Estados Unidos, la Uni\u00f3n Europea y Turqu\u00eda.<\/p>\n<h6> 2016-08-18 08:18:33 <\/h6>\n<p><!--\n<link rel=\"stylesheet\" href=\"css\/bootstrap.min.css\">\n\n\n<ul class=\"pagination\">\n\t    \n\t\n\n<li >\n\t<a href='?page_no=18633'>Previous<\/a>\n\t<\/li>\n\n\n       \n    \n\n<li><a href='?page_no=1'>1<\/a><\/li>\n\n\n\n<li><a href='?page_no=2'>2<\/a><\/li>\n\n\n\n<li><a>...<\/a><\/li>\n\n\n\n<li><a href='?page_no=18632'>18632<\/a><\/li>\n\n\n\n<li><a href='?page_no=18633'>18633<\/a><\/li>\n\n\n\n<li class='active'><a>18634<\/a><\/li>\n\n\n\n<li><a href='?page_no=18635'>18635<\/a><\/li>\n\n\n\n<li><a href='?page_no=18636'>18636<\/a><\/li>\n\n\n\n<li><a>...<\/a><\/li>\n\n\n\n<li><a href='?page_no=51012'>51012<\/a><\/li>\n\n\n\n<li><a href='?page_no=51013'>51013<\/a><\/li>\n\n    \n\t\n\n<li >\n\t<a href='?page_no=18635'>Next<\/a>\n\t<\/li>\n\n\n    \n\n<li><a href='?page_no=51013'>Last &rsaquo;&rsaquo;<\/a><\/li>\n\n<\/ul>\n\n\n--><br \/>\n<\/body><\/p>\n","protected":false},"excerpt":{"rendered":"<p>ANKARA, 18 ago (Xinhua) &#8212; Al menos tres personas murieron y m\u00e1s de 100 resultaron heridas este jueves a consecuencia de la explosi\u00f3n de un coche bomba cerca de una comisar\u00eda en la provincia de Elazig, en el sureste de Turqu\u00eda, infom\u00f3 la agencia de noticias Dogan. El ataque, atribuido al ilegalizado Partido de los [&hellip;]<\/p>\n","protected":false},"author":3,"featured_media":0,"comment_status":"open","ping_status":"open","sticky":false,"template":"","format":"standard","meta":{"footnotes":""},"categories":[23],"tags":[],"class_list":["post-248989","post","type-post","status-publish","format-standard","hentry","category-internacional"],"_links":{"self":[{"href":"https:\/\/diariodominicano.com\/index.php?rest_route=\/wp\/v2\/posts\/248989","targetHints":{"allow":["GET"]}}],"collection":[{"href":"https:\/\/diariodominicano.com\/index.php?rest_route=\/wp\/v2\/posts"}],"about":[{"href":"https:\/\/diariodominicano.com\/index.php?rest_route=\/wp\/v2\/types\/post"}],"author":[{"embeddable":true,"href":"https:\/\/diariodominicano.com\/index.php?rest_route=\/wp\/v2\/users\/3"}],"replies":[{"embeddable":true,"href":"https:\/\/diariodominicano.com\/index.php?rest_route=%2Fwp%2Fv2%2Fcomments&post=248989"}],"version-history":[{"count":0,"href":"https:\/\/diariodominicano.com\/index.php?rest_route=\/wp\/v2\/posts\/248989\/revisions"}],"wp:attachment":[{"href":"https:\/\/diariodominicano.com\/index.php?rest_route=%2Fwp%2Fv2%2Fmedia&parent=248989"}],"wp:term":[{"taxonomy":"category","embeddable":true,"href":"https:\/\/diariodominicano.com\/index.php?rest_route=%2Fwp%2Fv2%2Fcategories&post=248989"},{"taxonomy":"post_tag","embeddable":true,"href":"https:\/\/diariodominicano.com\/index.php?rest_route=%2Fwp%2Fv2%2Ftags&post=248989"}],"curies":[{"name":"wp","href":"https:\/\/api.w.org\/{rel}","templated":true}]}}