{"id":248988,"date":"2016-08-18T08:39:31","date_gmt":"2016-08-18T08:39:31","guid":{"rendered":"http:\/\/diariodominicano.ddns.net\/?p=248988"},"modified":"2016-08-18T08:39:31","modified_gmt":"2016-08-18T08:39:31","slug":"al-menos-3-muerto-y-50-heridos-en-ataque-con-cohetes-en-afganistan","status":"publish","type":"post","link":"https:\/\/diariodominicano.com\/?p=248988","title":{"rendered":"Al menos 3 muerto y 50 heridos en ataque con cohetes en Afganist\u00e1n"},"content":{"rendered":"<p><body><\/p>\n<p><span class=\"text1noticias\">   ASADABAD, Afganist\u00e1n, 18 ago (Xinhua) &#8212; Al menos tres personas murieron y otras 50 resultaron heridas este jueves a consecuencia de un ataque con cohetes perpetrado en la ciudad de Asadabad, capital de la provincia de Kunar, en el este de Afganist\u00e1n, coincidiendo con la celebraci\u00f3n del D\u00eda de la Independencia en el pa\u00eds, informaron fuentes de seguridad.<\/span><\/p>\n<p><span class=\"text1noticias\"> <\/span><\/p>\n<p><span class=\"text1noticias\">     El atentado ocurri\u00f3 en la ma\u00f1ana cuando los milicianos dispararon dos rondas de morteros contra un edificio del gobierno de la monta\u00f1osa provincia, 185 kil\u00f3metros al este de Kabul, capital del pa\u00eds.<\/span><\/p>\n<p><span class=\"text1noticias\"> <\/span><\/p>\n<p><span class=\"text1noticias\">     \u00abSe estaba llevando a cabo una celebraci\u00f3n en el edificio de la oficina del gobernador para conmemorar el D\u00eda de Independencia. Cerca de las 10:30 a.m. hora local, dos morteros alcanzaron una zona cerca del edificio, causando la muerte de dos menores y un hombre e hiriendo a otras 50\u00bb, detall\u00f3 a Xinhua una fuente de seguridad que prefiri\u00f3 permanecer en el anonimato.<\/span><\/p>\n<p><span class=\"text1noticias\"> <\/span><\/p>\n<p><span class=\"text1noticias\">     El ataque lanzado por \u00ablos enemigos de Afganist\u00e1n\u00bb est\u00e1 destinado a perturbar la celebraci\u00f3n, a\u00f1adi\u00f3 la fuente, que atribuy\u00f3 a los talibanes el ataque.<\/span><\/p>\n<p><span class=\"text1noticias\"> <\/span><\/p>\n<p><span class=\"text1noticias\">     \u00abSeg\u00fan los informes iniciales, tres personas murieron y 49 resultaron heridas. Los heridos fueron trasladados por las fuerzas de seguridad y los equipos de rescate a los hospitales. El n\u00famero de muertos puede elevarse ya que algunos de los heridos permanecen en condici\u00f3n cr\u00edtica\u00bb, dijo a Xinhua el gobernador provincial, Wahidullah Kalimzai.<\/span><\/p>\n<p><span class=\"text1noticias\"> <\/span><\/p>\n<p><span class=\"text1noticias\">     Afganist\u00e1n connmemora este jueves el 97\u00ba aniversario de su independencia de la ocupaci\u00f3n brit\u00e1nica a trav\u00e9s reuniones y celebraciones a lo largo del pa\u00eds en medio de rigurosas medidas de seguri<\/span>dad. <\/p>\n<h6> 2016-08-18 08:39:31 <\/h6>\n<p><!--\n<link rel=\"stylesheet\" href=\"css\/bootstrap.min.css\">\n\n\n<ul class=\"pagination\">\n\t    \n\t\n\n<li >\n\t<a href='?page_no=18632'>Previous<\/a>\n\t<\/li>\n\n\n       \n    \n\n<li><a href='?page_no=1'>1<\/a><\/li>\n\n\n\n<li><a href='?page_no=2'>2<\/a><\/li>\n\n\n\n<li><a>...<\/a><\/li>\n\n\n\n<li><a href='?page_no=18631'>18631<\/a><\/li>\n\n\n\n<li><a href='?page_no=18632'>18632<\/a><\/li>\n\n\n\n<li class='active'><a>18633<\/a><\/li>\n\n\n\n<li><a href='?page_no=18634'>18634<\/a><\/li>\n\n\n\n<li><a href='?page_no=18635'>18635<\/a><\/li>\n\n\n\n<li><a>...<\/a><\/li>\n\n\n\n<li><a href='?page_no=51012'>51012<\/a><\/li>\n\n\n\n<li><a href='?page_no=51013'>51013<\/a><\/li>\n\n    \n\t\n\n<li >\n\t<a href='?page_no=18634'>Next<\/a>\n\t<\/li>\n\n\n    \n\n<li><a href='?page_no=51013'>Last &rsaquo;&rsaquo;<\/a><\/li>\n\n<\/ul>\n\n\n--><br \/>\n<\/body><\/p>\n","protected":false},"excerpt":{"rendered":"<p>ASADABAD, Afganist\u00e1n, 18 ago (Xinhua) &#8212; Al menos tres personas murieron y otras 50 resultaron heridas este jueves a consecuencia de un ataque con cohetes perpetrado en la ciudad de Asadabad, capital de la provincia de Kunar, en el este de Afganist\u00e1n, coincidiendo con la celebraci\u00f3n del D\u00eda de la Independencia en el pa\u00eds, informaron [&hellip;]<\/p>\n","protected":false},"author":3,"featured_media":0,"comment_status":"open","ping_status":"open","sticky":false,"template":"","format":"standard","meta":{"footnotes":""},"categories":[23],"tags":[],"class_list":["post-248988","post","type-post","status-publish","format-standard","hentry","category-internacional"],"_links":{"self":[{"href":"https:\/\/diariodominicano.com\/index.php?rest_route=\/wp\/v2\/posts\/248988","targetHints":{"allow":["GET"]}}],"collection":[{"href":"https:\/\/diariodominicano.com\/index.php?rest_route=\/wp\/v2\/posts"}],"about":[{"href":"https:\/\/diariodominicano.com\/index.php?rest_route=\/wp\/v2\/types\/post"}],"author":[{"embeddable":true,"href":"https:\/\/diariodominicano.com\/index.php?rest_route=\/wp\/v2\/users\/3"}],"replies":[{"embeddable":true,"href":"https:\/\/diariodominicano.com\/index.php?rest_route=%2Fwp%2Fv2%2Fcomments&post=248988"}],"version-history":[{"count":0,"href":"https:\/\/diariodominicano.com\/index.php?rest_route=\/wp\/v2\/posts\/248988\/revisions"}],"wp:attachment":[{"href":"https:\/\/diariodominicano.com\/index.php?rest_route=%2Fwp%2Fv2%2Fmedia&parent=248988"}],"wp:term":[{"taxonomy":"category","embeddable":true,"href":"https:\/\/diariodominicano.com\/index.php?rest_route=%2Fwp%2Fv2%2Fcategories&post=248988"},{"taxonomy":"post_tag","embeddable":true,"href":"https:\/\/diariodominicano.com\/index.php?rest_route=%2Fwp%2Fv2%2Ftags&post=248988"}],"curies":[{"name":"wp","href":"https:\/\/api.w.org\/{rel}","templated":true}]}}