{"id":248987,"date":"2016-08-18T08:45:52","date_gmt":"2016-08-18T08:45:52","guid":{"rendered":"http:\/\/diariodominicano.ddns.net\/?p=248987"},"modified":"2016-08-18T08:45:52","modified_gmt":"2016-08-18T08:45:52","slug":"con-epitafios-sobre-cometas-blancas-despiden-guerra-en-colombia","status":"publish","type":"post","link":"https:\/\/diariodominicano.com\/?p=248987","title":{"rendered":"Con epitafios sobre cometas blancas despiden Guerra en Colombia"},"content":{"rendered":"<p><body><\/p>\n<p><span class=\"text1noticias\">  BOGOTA, 18 ago (Xinhua) &#8212; El gran pasillo central de la Biblioteca Nacional de Colombia fue el espacio para que funcionarios de esta entidad y del Ministerio de Cultura elevaran su imaginaci\u00f3n para despedir la guerra plasmando epitafios sobre cometas blancas.<\/span><\/p>\n<p><span class=\"text1noticias\"> <\/span><\/p>\n<p><span class=\"text1noticias\">     Con frases como como \u00abAqu\u00ed yace la muerte, sin derecho a la vida eterna\u00bb, \u00abAdi\u00f3s a las armas: el porvenir es largo\u00bb y \u00abEl odio es una \u00edntima guerra, la primera de todas\u00bb, el acto sirvi\u00f3 para lanzar la iniciativa #DescanseEnPazLaGuerra, a trav\u00e9s de la que los colombianos dentro y fuera del pa\u00eds podr\u00e1n enviar sus mensajes de aliento para una Colombia libre de violencia.<\/span><\/p>\n<p><span class=\"text1noticias\"> <\/span><\/p>\n<p><span class=\"text1noticias\">     Mariana Garc\u00e9s, ministra de Cultura, dijo a Xinhua durante el evento, celebrado el mi\u00e9rcoles, que en el tr\u00e1nsito del pa\u00eds hacia la paz su cartera tiene el objetivo de promover actividades que resalten aspectos como la convivencia pac\u00edfica, la reconciliaci\u00f3n y la memoria colectiva.<\/span><\/p>\n<p><span class=\"text1noticias\"> <\/span><\/p>\n<p><span class=\"text1noticias\">     \u00abCreemos que nuestra tarea es divulgarla y trabajarla desde el ministerio hacia toda la comunidad. Pero tambi\u00e9n debemos trabajarla desde casa, tenemos que tener un ambiente propicio en el lugar de trabajo y que esta sea una conversaci\u00f3n en la sala de nuestra casa\u00bb, se\u00f1al\u00f3.<\/span><\/p>\n<p><span class=\"text1noticias\"> <\/span><\/p>\n<p><span class=\"text1noticias\">     \u00abPor eso lanzamos un concurso que involucra a todas las bibliotecas p\u00fablicas del pa\u00eds y consiste en convocar a todas las personas a que escriban el epitafio con que creen que debemos enterrar a la guerra, esa gran frase con la que podemos despedirnos del conflicto en Colombia\u00bb, a\u00f1adi\u00f3.<\/span><\/p>\n<p><span class=\"text1noticias\"> <\/span><\/p>\n<p><span class=\"text1noticias\">     La iniciativa puede ser seguida a trav\u00e9s de las cuentas de twiter @mincultura, @bibliotecanalco y @CasaPoesiaSilva. Tambi\u00e9n se extender\u00e1 a las 1.424 bibliotecas de Red Nacional de Bibliotecas del pa\u00eds.<\/span><\/p>\n<p><span class=\"text1noticias\"> <\/span><\/p>\n<p><span class=\"text1noticias\">     Garc\u00e9s tambi\u00e9n resalt\u00f3 la urgencia de que los colombianos se enteren detalladamente del contenido de los actuales acuerdos de paz entre el Gobierno y la guerrilla de las FARC para que el d\u00eda de la refrendaci\u00f3n tomen una decisi\u00f3n acertada.<\/span><\/p>\n<p><span class=\"text1noticias\"> <\/span><\/p>\n<p><span class=\"text1noticias\">     Afirm\u00f3 que a quienes a\u00fan dudan sobre los beneficios de la paz, \u00abyo les dir\u00eda que analicen los acuerdos, que lean por s\u00ed mismos, que se formen sus propios criterios, que de verdad hagan un esfuerzo por informarse, por conversar sobre el tema y que de verdad le den una oportunidad a los j\u00f3venes y a los ni\u00f1os de Colombia, una oportunidad que nosotros no tuvimos\u00bb.<\/span><\/p>\n<p><span class=\"text1noticias\"> <\/span><\/p>\n<p><span class=\"text1noticias\">     El acto para presentar el proyecto cont\u00f3 con una demostraci\u00f3n de cometismo de interior y un recital de poes\u00eda, en el que se leyeron versos de autores que han imaginado el silencio de las armas y han convocado la paz usando el poder de las palabras.<\/span><\/p>\n<p><span class=\"text1noticias\"> <\/span><\/p>\n<p><span class=\"text1noticias\">     Consuelo Gait\u00e1n, directora de la Biblioteca Nacional, inform\u00f3 a Xinhua que el evento quiso hacer coincidir el mes de los vientos en Colombia con el deseo de los colombianos por acabar con el conflicto armado.<\/span><\/p>\n<p><span class=\"text1noticias\"> <\/span><\/p>\n<p><span class=\"text1noticias\">     Adem\u00e1s se\u00f1al\u00f3 otras actividades que realiza la biblioteca en procura de establecer una cultura de paz en Colombia y que se suman a estos actos simb\u00f3licos.<\/span><\/p>\n<p><span class=\"text1noticias\"> <\/span><\/p>\n<p><span class=\"text1noticias\">     \u00abEstamos realizando la elaboraci\u00f3n de un archivo muy completo con poemas y expresiones literarias sobre la guerra para que todas las personas puedan consultarlo en las bibliotecas p\u00fablicas y entiendan que esta es una historia que lleva much\u00edsimos a\u00f1os, que hay que comprenderla y que la solidaridad y la compasi\u00f3n son muy importantes para la reconstrucci\u00f3n de un pa\u00eds en paz\u00bb, dijo.<\/span><\/p>\n<p><span class=\"text1noticias\"> <\/span><\/p>\n<p><span class=\"text1noticias\">     La funcionaria recalc\u00f3 el car\u00e1cter diverso e incluyente de estas iniciativas culturales cuyo principal objetivo es lograr la identificaci\u00f3n de cada ciudadano con el otro para poder comprender que los episodios del conflicto pudieron sucederle a cualquiera.  <\/span><\/p>\n<p><span class=\"text1noticias\"> <\/span><\/p>\n<p><span class=\"text1noticias\">     \u00abRealmente somos distintos, tenemos muchas historias, tenemos muchas voces y tenemos que respetarnos\u00bb, explic\u00f3.<\/span><\/p>\n<p><span class=\"text1noticias\"> <\/span><\/p>\n<p><span class=\"text1noticias\">     Seg\u00fan a\u00f1adi\u00f3, \u00abtenemos que encontrar la manera de poder intercambiar las diferentes versiones de c\u00f3mo hemos vivido la guerra, c\u00f3mo hemos sufrido nuestros dolores y entender que entre todos podemos construir relatos en donde no haya siempre un ganador y un perdedor porque realmente si estamos en guerra todos hemos perdido, si estamos en paz todos estamos ganando\u00bb.<\/span><\/p>\n<p><span class=\"text1noticias\"> <\/span><\/p>\n<p><span class=\"text1noticias\">     El ministerio tiene tambi\u00e9n otros programas para contribuir a la era posconflicto como M\u00fasica para la Reconciliaci\u00f3n, M\u00fasica para la Convivencia, Escuelas para el Desminado y las Escuelas Talleres de Paz para la formaci\u00f3n de j\u00f3venes en di<\/span>versos oficios.<\/p>\n<h6> 2016-08-18 08:45:52 <\/h6>\n<p><!--\n<link rel=\"stylesheet\" href=\"css\/bootstrap.min.css\">\n\n\n<ul class=\"pagination\">\n\t    \n\t\n\n<li >\n\t<a href='?page_no=18631'>Previous<\/a>\n\t<\/li>\n\n\n       \n    \n\n<li><a href='?page_no=1'>1<\/a><\/li>\n\n\n\n<li><a href='?page_no=2'>2<\/a><\/li>\n\n\n\n<li><a>...<\/a><\/li>\n\n\n\n<li><a href='?page_no=18630'>18630<\/a><\/li>\n\n\n\n<li><a href='?page_no=18631'>18631<\/a><\/li>\n\n\n\n<li class='active'><a>18632<\/a><\/li>\n\n\n\n<li><a href='?page_no=18633'>18633<\/a><\/li>\n\n\n\n<li><a href='?page_no=18634'>18634<\/a><\/li>\n\n\n\n<li><a>...<\/a><\/li>\n\n\n\n<li><a href='?page_no=51012'>51012<\/a><\/li>\n\n\n\n<li><a href='?page_no=51013'>51013<\/a><\/li>\n\n    \n\t\n\n<li >\n\t<a href='?page_no=18633'>Next<\/a>\n\t<\/li>\n\n\n    \n\n<li><a href='?page_no=51013'>Last &rsaquo;&rsaquo;<\/a><\/li>\n\n<\/ul>\n\n\n--><br \/>\n<\/body><\/p>\n","protected":false},"excerpt":{"rendered":"<p>BOGOTA, 18 ago (Xinhua) &#8212; El gran pasillo central de la Biblioteca Nacional de Colombia fue el espacio para que funcionarios de esta entidad y del Ministerio de Cultura elevaran su imaginaci\u00f3n para despedir la guerra plasmando epitafios sobre cometas blancas. Con frases como como \u00abAqu\u00ed yace la muerte, sin derecho a la vida eterna\u00bb, [&hellip;]<\/p>\n","protected":false},"author":3,"featured_media":0,"comment_status":"open","ping_status":"open","sticky":false,"template":"","format":"standard","meta":{"footnotes":""},"categories":[23],"tags":[],"class_list":["post-248987","post","type-post","status-publish","format-standard","hentry","category-internacional"],"_links":{"self":[{"href":"https:\/\/diariodominicano.com\/index.php?rest_route=\/wp\/v2\/posts\/248987","targetHints":{"allow":["GET"]}}],"collection":[{"href":"https:\/\/diariodominicano.com\/index.php?rest_route=\/wp\/v2\/posts"}],"about":[{"href":"https:\/\/diariodominicano.com\/index.php?rest_route=\/wp\/v2\/types\/post"}],"author":[{"embeddable":true,"href":"https:\/\/diariodominicano.com\/index.php?rest_route=\/wp\/v2\/users\/3"}],"replies":[{"embeddable":true,"href":"https:\/\/diariodominicano.com\/index.php?rest_route=%2Fwp%2Fv2%2Fcomments&post=248987"}],"version-history":[{"count":0,"href":"https:\/\/diariodominicano.com\/index.php?rest_route=\/wp\/v2\/posts\/248987\/revisions"}],"wp:attachment":[{"href":"https:\/\/diariodominicano.com\/index.php?rest_route=%2Fwp%2Fv2%2Fmedia&parent=248987"}],"wp:term":[{"taxonomy":"category","embeddable":true,"href":"https:\/\/diariodominicano.com\/index.php?rest_route=%2Fwp%2Fv2%2Fcategories&post=248987"},{"taxonomy":"post_tag","embeddable":true,"href":"https:\/\/diariodominicano.com\/index.php?rest_route=%2Fwp%2Fv2%2Ftags&post=248987"}],"curies":[{"name":"wp","href":"https:\/\/api.w.org\/{rel}","templated":true}]}}