{"id":248985,"date":"2016-08-18T10:18:47","date_gmt":"2016-08-18T10:18:47","guid":{"rendered":"http:\/\/diariodominicano.ddns.net\/?p=248985"},"modified":"2016-08-18T10:18:47","modified_gmt":"2016-08-18T10:18:47","slug":"vuelo-de-qatar-airways-aterriza-de-emergencia-en-estambul","status":"publish","type":"post","link":"https:\/\/diariodominicano.com\/?p=248985","title":{"rendered":"Vuelo de Qatar Airways aterriza de emergencia en Estambul"},"content":{"rendered":"<p><body><\/p>\n<p><span class=\"text1noticias\">   ESTAMBUL, 18 ago (Xinhua) &#8212; Un avi\u00f3n de pasajeros de Qatar Airways hizo hoy un aterrizaje de emergencia en el Aeropuerto Ataturk de Estambul despu\u00e9s de que uno de sus motores se incendiara.<\/span><\/p>\n<p><span class=\"text1noticias\"> <\/span><\/p>\n<p><span class=\"text1noticias\">     El motor izquierdo del avi\u00f3n Airbus 330 se incendi\u00f3 poco despu\u00e9s de despegar del aeropuerto de Estambul, inform\u00f3 la agencia de noticias privada Dogan.<\/span><\/p>\n<p><span class=\"text1noticias\"> <\/span><\/p>\n<p><span class=\"text1noticias\">     La agencia de noticias estatal Anadolu indic\u00f3 que el avi\u00f3n present\u00f3 una falla t\u00e9cnica en uno de sus motores.<\/span><\/p>\n<p><span class=\"text1noticias\"> <\/span><\/p>\n<p><span class=\"text1noticias\">     El avi\u00f3n ya reanud\u00f3 su vuelo hacia Doha, capital de Qata<\/span>r. <\/p>\n<h6> 2016-08-18 10:18:47 <\/h6>\n<p><!--\n<link rel=\"stylesheet\" href=\"css\/bootstrap.min.css\">\n\n\n<ul class=\"pagination\">\n\t    \n\t\n\n<li >\n\t<a href='?page_no=18629'>Previous<\/a>\n\t<\/li>\n\n\n       \n    \n\n<li><a href='?page_no=1'>1<\/a><\/li>\n\n\n\n<li><a href='?page_no=2'>2<\/a><\/li>\n\n\n\n<li><a>...<\/a><\/li>\n\n\n\n<li><a href='?page_no=18628'>18628<\/a><\/li>\n\n\n\n<li><a href='?page_no=18629'>18629<\/a><\/li>\n\n\n\n<li class='active'><a>18630<\/a><\/li>\n\n\n\n<li><a href='?page_no=18631'>18631<\/a><\/li>\n\n\n\n<li><a href='?page_no=18632'>18632<\/a><\/li>\n\n\n\n<li><a>...<\/a><\/li>\n\n\n\n<li><a href='?page_no=51012'>51012<\/a><\/li>\n\n\n\n<li><a href='?page_no=51013'>51013<\/a><\/li>\n\n    \n\t\n\n<li >\n\t<a href='?page_no=18631'>Next<\/a>\n\t<\/li>\n\n\n    \n\n<li><a href='?page_no=51013'>Last &rsaquo;&rsaquo;<\/a><\/li>\n\n<\/ul>\n\n\n--><br \/>\n<\/body><\/p>\n","protected":false},"excerpt":{"rendered":"<p>ESTAMBUL, 18 ago (Xinhua) &#8212; Un avi\u00f3n de pasajeros de Qatar Airways hizo hoy un aterrizaje de emergencia en el Aeropuerto Ataturk de Estambul despu\u00e9s de que uno de sus motores se incendiara. El motor izquierdo del avi\u00f3n Airbus 330 se incendi\u00f3 poco despu\u00e9s de despegar del aeropuerto de Estambul, inform\u00f3 la agencia de noticias [&hellip;]<\/p>\n","protected":false},"author":3,"featured_media":0,"comment_status":"open","ping_status":"open","sticky":false,"template":"","format":"standard","meta":{"footnotes":""},"categories":[23],"tags":[],"class_list":["post-248985","post","type-post","status-publish","format-standard","hentry","category-internacional"],"_links":{"self":[{"href":"https:\/\/diariodominicano.com\/index.php?rest_route=\/wp\/v2\/posts\/248985","targetHints":{"allow":["GET"]}}],"collection":[{"href":"https:\/\/diariodominicano.com\/index.php?rest_route=\/wp\/v2\/posts"}],"about":[{"href":"https:\/\/diariodominicano.com\/index.php?rest_route=\/wp\/v2\/types\/post"}],"author":[{"embeddable":true,"href":"https:\/\/diariodominicano.com\/index.php?rest_route=\/wp\/v2\/users\/3"}],"replies":[{"embeddable":true,"href":"https:\/\/diariodominicano.com\/index.php?rest_route=%2Fwp%2Fv2%2Fcomments&post=248985"}],"version-history":[{"count":0,"href":"https:\/\/diariodominicano.com\/index.php?rest_route=\/wp\/v2\/posts\/248985\/revisions"}],"wp:attachment":[{"href":"https:\/\/diariodominicano.com\/index.php?rest_route=%2Fwp%2Fv2%2Fmedia&parent=248985"}],"wp:term":[{"taxonomy":"category","embeddable":true,"href":"https:\/\/diariodominicano.com\/index.php?rest_route=%2Fwp%2Fv2%2Fcategories&post=248985"},{"taxonomy":"post_tag","embeddable":true,"href":"https:\/\/diariodominicano.com\/index.php?rest_route=%2Fwp%2Fv2%2Ftags&post=248985"}],"curies":[{"name":"wp","href":"https:\/\/api.w.org\/{rel}","templated":true}]}}