{"id":248984,"date":"2016-08-18T11:19:13","date_gmt":"2016-08-18T11:19:13","guid":{"rendered":"http:\/\/diariodominicano.ddns.net\/?p=248984"},"modified":"2016-08-18T11:19:13","modified_gmt":"2016-08-18T11:19:13","slug":"rumania-desmiente-recepcion-de-armas-nucleares-de-eeuu-transferidas-desde-turquia","status":"publish","type":"post","link":"https:\/\/diariodominicano.com\/?p=248984","title":{"rendered":"Rumania desmiente recepci\u00f3n de armas nucleares de EEUU transferidas desde Turqu\u00eda"},"content":{"rendered":"<p><body><\/p>\n<p><span class=\"text1noticias\">     BUCAREST, 18 ago (Xinhua) &#8212; El Ministerio de Relaciones Exteriores de Rumania desminti\u00f3 hoy una supuesta transferencia a su territorio de armas nucleares estadounidenses que estaban desplegadas en Turqu\u00eda.<\/span><\/p>\n<p><span class=\"text1noticias\"> <\/span><\/p>\n<p><span class=\"text1noticias\">    \u00abEl Ministerio de Relaciones Exteriores rechaza firmemente esa informaci\u00f3n\u00bb, dijo la canciller\u00eda, citada por la agencia oficial de noticias Agerpres.<\/span><\/p>\n<p><span class=\"text1noticias\"> <\/span><\/p>\n<p><span class=\"text1noticias\">     EurActiv.com inform\u00f3 hoy, bas\u00e1ndose en dos \u00abfuentes independientes\u00bb an\u00f3nimas, que Estados Unidos hab\u00eda empezado a transferir armas nucleares desplegadas en Turqu\u00eda hacia Rumania, en el contexto del deterioro de las relaciones entre Washington y Ankara.<\/span><\/p>\n<p><span class=\"text1noticias\"> <\/span><\/p>\n<p><span class=\"text1noticias\">     La transferencia de \u00abm\u00e1s de 20 armas nucleares\u00bb ha sido muy desafiante en t\u00e9rminos t\u00e9cnicos y pol\u00edticos, sin embargo, como las relaciones estadounidense-turcas se han deteriorado tanto tras la intentona golpista, Washington ya no conf\u00eda en Ankara para que albergue las armas, de acuerdo con las fuentes.<\/span><\/p>\n<p><span class=\"text1noticias\"> <\/span><\/p>\n<p><span class=\"text1noticias\">     Las armas est\u00e1n siendo trasladadas a la base a\u00e9rea Deveselu, un sitio de defensa antimisiles bal\u00edsticos reci\u00e9n abierta en el sur de Rumania, dijo una de las fuentes.<\/span><\/p>\n<p><span class=\"text1noticias\"> <\/span><\/p>\n<p><span class=\"text1noticias\">     En un informe reciente, el grupo de consultor\u00eda estadounidense Stimson Center dijo que cerca de 50 armas nucleares estaban almacenadas en la Base A\u00e9rea Incirlik de Tur<\/span>qu\u00eda.<\/p>\n<h6> 2016-08-18 11:19:13 <\/h6>\n<p><!--\n<link rel=\"stylesheet\" href=\"css\/bootstrap.min.css\">\n\n\n<ul class=\"pagination\">\n\t    \n\t\n\n<li >\n\t<a href='?page_no=18628'>Previous<\/a>\n\t<\/li>\n\n\n       \n    \n\n<li><a href='?page_no=1'>1<\/a><\/li>\n\n\n\n<li><a href='?page_no=2'>2<\/a><\/li>\n\n\n\n<li><a>...<\/a><\/li>\n\n\n\n<li><a href='?page_no=18627'>18627<\/a><\/li>\n\n\n\n<li><a href='?page_no=18628'>18628<\/a><\/li>\n\n\n\n<li class='active'><a>18629<\/a><\/li>\n\n\n\n<li><a href='?page_no=18630'>18630<\/a><\/li>\n\n\n\n<li><a href='?page_no=18631'>18631<\/a><\/li>\n\n\n\n<li><a>...<\/a><\/li>\n\n\n\n<li><a href='?page_no=51012'>51012<\/a><\/li>\n\n\n\n<li><a href='?page_no=51013'>51013<\/a><\/li>\n\n    \n\t\n\n<li >\n\t<a href='?page_no=18630'>Next<\/a>\n\t<\/li>\n\n\n    \n\n<li><a href='?page_no=51013'>Last &rsaquo;&rsaquo;<\/a><\/li>\n\n<\/ul>\n\n\n--><br \/>\n<\/body><\/p>\n","protected":false},"excerpt":{"rendered":"<p>BUCAREST, 18 ago (Xinhua) &#8212; El Ministerio de Relaciones Exteriores de Rumania desminti\u00f3 hoy una supuesta transferencia a su territorio de armas nucleares estadounidenses que estaban desplegadas en Turqu\u00eda. \u00abEl Ministerio de Relaciones Exteriores rechaza firmemente esa informaci\u00f3n\u00bb, dijo la canciller\u00eda, citada por la agencia oficial de noticias Agerpres. EurActiv.com inform\u00f3 hoy, bas\u00e1ndose en dos [&hellip;]<\/p>\n","protected":false},"author":3,"featured_media":0,"comment_status":"open","ping_status":"open","sticky":false,"template":"","format":"standard","meta":{"footnotes":""},"categories":[23],"tags":[],"class_list":["post-248984","post","type-post","status-publish","format-standard","hentry","category-internacional"],"_links":{"self":[{"href":"https:\/\/diariodominicano.com\/index.php?rest_route=\/wp\/v2\/posts\/248984","targetHints":{"allow":["GET"]}}],"collection":[{"href":"https:\/\/diariodominicano.com\/index.php?rest_route=\/wp\/v2\/posts"}],"about":[{"href":"https:\/\/diariodominicano.com\/index.php?rest_route=\/wp\/v2\/types\/post"}],"author":[{"embeddable":true,"href":"https:\/\/diariodominicano.com\/index.php?rest_route=\/wp\/v2\/users\/3"}],"replies":[{"embeddable":true,"href":"https:\/\/diariodominicano.com\/index.php?rest_route=%2Fwp%2Fv2%2Fcomments&post=248984"}],"version-history":[{"count":0,"href":"https:\/\/diariodominicano.com\/index.php?rest_route=\/wp\/v2\/posts\/248984\/revisions"}],"wp:attachment":[{"href":"https:\/\/diariodominicano.com\/index.php?rest_route=%2Fwp%2Fv2%2Fmedia&parent=248984"}],"wp:term":[{"taxonomy":"category","embeddable":true,"href":"https:\/\/diariodominicano.com\/index.php?rest_route=%2Fwp%2Fv2%2Fcategories&post=248984"},{"taxonomy":"post_tag","embeddable":true,"href":"https:\/\/diariodominicano.com\/index.php?rest_route=%2Fwp%2Fv2%2Ftags&post=248984"}],"curies":[{"name":"wp","href":"https:\/\/api.w.org\/{rel}","templated":true}]}}