{"id":248983,"date":"2016-08-18T11:42:10","date_gmt":"2016-08-18T11:42:10","guid":{"rendered":"http:\/\/diariodominicano.ddns.net\/?p=248983"},"modified":"2016-08-18T11:42:10","modified_gmt":"2016-08-18T11:42:10","slug":"declaran-estado-de-emergencia-en-este-de-los-angeles-por-incendios","status":"publish","type":"post","link":"https:\/\/diariodominicano.com\/?p=248983","title":{"rendered":"Declaran estado de emergencia en este de Los \u00c1ngeles por incendios"},"content":{"rendered":"<p><body><\/p>\n<p><img decoding=\"async\" src=\"img3\/Californai18-8.jpg\" \/><br \/><img decoding=\"async\" src=\"img3\/apagadocalifornia18-8.jpg\" \/>  <\/p>\n<p><span class=\"text1noticias\">Washington, 18 ago (PL) El estado de emergencia se mantiene hoy en el este de Los \u00c1ngeles, a consecuencia de un incendio de grandes proporciones que oblig\u00f3 a evacuar a 82 mil 640 personas mientras que mil 300 bomberos intentan sofocarlo.<\/span><\/p>\n<p><span class=\"text1noticias\"> <\/span><\/p>\n<p><span class=\"text1noticias\">El gobernador de California, Jerry Brown, declar\u00f3 el estado de emergencia en el condado de San Bernardino, situado a unos 100 kil\u00f3metros al este de Los \u00c1ngeles, para agilizar la movilizaci\u00f3n de las agencias gubernamentales que luchan contra el siniestro, bautizado como BlueCut.<\/span><\/p>\n<p><span class=\"text1noticias\"> <\/span><\/p>\n<p><span class=\"text1noticias\">Hasta este momento, el fuego consumi\u00f3 m\u00e1s de 12 mil hect\u00e1reas de terrenos y hay m\u00e1s de 34 mil 500 viviendas amenazadas por las llamas.<\/span><\/p>\n<p><span class=\"text1noticias\"> <\/span><\/p>\n<p><span class=\"text1noticias\">Expertos del cuerpo de bomberos de California explicaron que las condiciones climatol\u00f3gicas no ayudan, pues se mantienen las altas temperaturas, los terrenos contin\u00faan \u00e1ridos y sigue soplando una brisa caliente.<\/span><\/p>\n<p><span class=\"text1noticias\"> <\/span><\/p>\n<p><span class=\"text1noticias\">&#8216;Hay una maleza muy seca, que es puro combustible&#8230; es muy peligroso para el p\u00fablico y tambi\u00e9n para los efectivos&#8217;, dijo la portavoz de los bomberos, Lynne Tolmachoff.<\/span><\/p>\n<p><span class=\"text1noticias\"> <\/span><\/p>\n<p><span class=\"text1noticias\">Las autoridades de California dispusieron la creaci\u00f3n de dos centros de acogida y cuatro refugios para animales, y anunciaron que varias rutas y calles de la zona estaban cerradas, al igual que el centro de esqu\u00ed de alta monta\u00f1a en Wright<\/span>wood.<\/p>\n<h6> 2016-08-18 11:42:10 <\/h6>\n<p><!--\n<link rel=\"stylesheet\" href=\"css\/bootstrap.min.css\">\n\n\n<ul class=\"pagination\">\n\t    \n\t\n\n<li >\n\t<a href='?page_no=18627'>Previous<\/a>\n\t<\/li>\n\n\n       \n    \n\n<li><a href='?page_no=1'>1<\/a><\/li>\n\n\n\n<li><a href='?page_no=2'>2<\/a><\/li>\n\n\n\n<li><a>...<\/a><\/li>\n\n\n\n<li><a href='?page_no=18626'>18626<\/a><\/li>\n\n\n\n<li><a href='?page_no=18627'>18627<\/a><\/li>\n\n\n\n<li class='active'><a>18628<\/a><\/li>\n\n\n\n<li><a href='?page_no=18629'>18629<\/a><\/li>\n\n\n\n<li><a href='?page_no=18630'>18630<\/a><\/li>\n\n\n\n<li><a>...<\/a><\/li>\n\n\n\n<li><a href='?page_no=51012'>51012<\/a><\/li>\n\n\n\n<li><a href='?page_no=51013'>51013<\/a><\/li>\n\n    \n\t\n\n<li >\n\t<a href='?page_no=18629'>Next<\/a>\n\t<\/li>\n\n\n    \n\n<li><a href='?page_no=51013'>Last &rsaquo;&rsaquo;<\/a><\/li>\n\n<\/ul>\n\n\n--><br \/>\n<\/body><\/p>\n","protected":false},"excerpt":{"rendered":"<p>Washington, 18 ago (PL) El estado de emergencia se mantiene hoy en el este de Los \u00c1ngeles, a consecuencia de un incendio de grandes proporciones que oblig\u00f3 a evacuar a 82 mil 640 personas mientras que mil 300 bomberos intentan sofocarlo. El gobernador de California, Jerry Brown, declar\u00f3 el estado de emergencia en el condado [&hellip;]<\/p>\n","protected":false},"author":3,"featured_media":0,"comment_status":"open","ping_status":"open","sticky":false,"template":"","format":"standard","meta":{"footnotes":""},"categories":[23],"tags":[],"class_list":["post-248983","post","type-post","status-publish","format-standard","hentry","category-internacional"],"_links":{"self":[{"href":"https:\/\/diariodominicano.com\/index.php?rest_route=\/wp\/v2\/posts\/248983","targetHints":{"allow":["GET"]}}],"collection":[{"href":"https:\/\/diariodominicano.com\/index.php?rest_route=\/wp\/v2\/posts"}],"about":[{"href":"https:\/\/diariodominicano.com\/index.php?rest_route=\/wp\/v2\/types\/post"}],"author":[{"embeddable":true,"href":"https:\/\/diariodominicano.com\/index.php?rest_route=\/wp\/v2\/users\/3"}],"replies":[{"embeddable":true,"href":"https:\/\/diariodominicano.com\/index.php?rest_route=%2Fwp%2Fv2%2Fcomments&post=248983"}],"version-history":[{"count":0,"href":"https:\/\/diariodominicano.com\/index.php?rest_route=\/wp\/v2\/posts\/248983\/revisions"}],"wp:attachment":[{"href":"https:\/\/diariodominicano.com\/index.php?rest_route=%2Fwp%2Fv2%2Fmedia&parent=248983"}],"wp:term":[{"taxonomy":"category","embeddable":true,"href":"https:\/\/diariodominicano.com\/index.php?rest_route=%2Fwp%2Fv2%2Fcategories&post=248983"},{"taxonomy":"post_tag","embeddable":true,"href":"https:\/\/diariodominicano.com\/index.php?rest_route=%2Fwp%2Fv2%2Ftags&post=248983"}],"curies":[{"name":"wp","href":"https:\/\/api.w.org\/{rel}","templated":true}]}}