{"id":248982,"date":"2016-08-18T12:58:18","date_gmt":"2016-08-18T12:58:18","guid":{"rendered":"http:\/\/diariodominicano.ddns.net\/?p=248982"},"modified":"2016-08-18T12:58:18","modified_gmt":"2016-08-18T12:58:18","slug":"senadores-brasilenos-defienden-propuesta-de-plebiscito","status":"publish","type":"post","link":"https:\/\/diariodominicano.com\/?p=248982","title":{"rendered":"Senadores brasile\u00f1os defienden propuesta de plebiscito"},"content":{"rendered":"<p><body><\/p>\n<p><img decoding=\"async\" src=\"img3\/dilma18-8.jpg\" \/>  <\/p>\n<p><span class=\"text1noticias\">Brasilia, 18 ago (PL) Varios senadores brasile\u00f1os defendieron hoy la propuesta de realizar un plebiscito para consultar a la poblaci\u00f3n sobre la realizaci\u00f3n de nuevas elecciones presidenciales en el pa\u00eds.<\/span><\/p>\n<p><span class=\"text1noticias\"> <\/span><\/p>\n<p><span class=\"text1noticias\">La idea fue presentada por la presidenta Dilma Rousseff a trav\u00e9s de una carta divulgada el pasado martes y le\u00edda la v\u00edspera en el Senado. El parlamentario Jo\u00e3o Capiberibe, del Partido Socialista Brasile\u00f1o, destac\u00f3 que la propuesta del plebiscito gan\u00f3 una adhesi\u00f3n importante: la de la jefa de Estado apartada; y expres\u00f3 su deseo de que el mandatario interino Michel Temer siga ese ejemplo, el de respetar los derechos sociales.<\/span><\/p>\n<p><span class=\"text1noticias\"> <\/span><\/p>\n<p><span class=\"text1noticias\">Por su parte, la senadora Vanesa Grazziotin, del Partido Comunista de Brasil, se\u00f1al\u00f3 que una consulta popular ser\u00eda lo ideal para resolver el impasse pol\u00edtico que atraviesa el gigante suramericano, una soluci\u00f3n democr\u00e1tica para socorrer al pa\u00eds.<\/span><\/p>\n<p><span class=\"text1noticias\"> <\/span><\/p>\n<p><span class=\"text1noticias\">Pues si vivimos una crisis, lo que es un hecho, no podemos imaginar que la salida de esa situaci\u00f3n se llame Michel Temer; por el contrario, la permanencia de un presidente interino en el poder solo agravar\u00e1 la realidad pol\u00edtica e institucional, advirti\u00f3 la legisladora.<\/span><\/p>\n<p><span class=\"text1noticias\"> <\/span><\/p>\n<p><span class=\"text1noticias\">De acuerdo con Capiberibe, el impeachment es solo una cortina de humo para evitar una nueva elecci\u00f3n presidencial, esta vez con solo 81 votantes y dos candidatos: Rousseff y Temer.<\/span><\/p>\n<p><span class=\"text1noticias\"> <\/span><\/p>\n<p><span class=\"text1noticias\">En mi opini\u00f3n, tambi\u00e9n representa el fracaso de la representaci\u00f3n pol\u00edtica en el Congreso Nacional, que no sabe c\u00f3mo superar la actual crisis, a\u00f1adi\u00f3 el sen<\/span>ador.<\/p>\n<h6> 2016-08-18 12:58:18 <\/h6>\n<p><!--\n<link rel=\"stylesheet\" href=\"css\/bootstrap.min.css\">\n\n\n<ul class=\"pagination\">\n\t    \n\t\n\n<li >\n\t<a href='?page_no=18626'>Previous<\/a>\n\t<\/li>\n\n\n       \n    \n\n<li><a href='?page_no=1'>1<\/a><\/li>\n\n\n\n<li><a href='?page_no=2'>2<\/a><\/li>\n\n\n\n<li><a>...<\/a><\/li>\n\n\n\n<li><a href='?page_no=18625'>18625<\/a><\/li>\n\n\n\n<li><a href='?page_no=18626'>18626<\/a><\/li>\n\n\n\n<li class='active'><a>18627<\/a><\/li>\n\n\n\n<li><a href='?page_no=18628'>18628<\/a><\/li>\n\n\n\n<li><a href='?page_no=18629'>18629<\/a><\/li>\n\n\n\n<li><a>...<\/a><\/li>\n\n\n\n<li><a href='?page_no=51012'>51012<\/a><\/li>\n\n\n\n<li><a href='?page_no=51013'>51013<\/a><\/li>\n\n    \n\t\n\n<li >\n\t<a href='?page_no=18628'>Next<\/a>\n\t<\/li>\n\n\n    \n\n<li><a href='?page_no=51013'>Last &rsaquo;&rsaquo;<\/a><\/li>\n\n<\/ul>\n\n\n--><br \/>\n<\/body><\/p>\n","protected":false},"excerpt":{"rendered":"<p>Brasilia, 18 ago (PL) Varios senadores brasile\u00f1os defendieron hoy la propuesta de realizar un plebiscito para consultar a la poblaci\u00f3n sobre la realizaci\u00f3n de nuevas elecciones presidenciales en el pa\u00eds. La idea fue presentada por la presidenta Dilma Rousseff a trav\u00e9s de una carta divulgada el pasado martes y le\u00edda la v\u00edspera en el Senado. [&hellip;]<\/p>\n","protected":false},"author":3,"featured_media":0,"comment_status":"open","ping_status":"open","sticky":false,"template":"","format":"standard","meta":{"footnotes":""},"categories":[23],"tags":[],"class_list":["post-248982","post","type-post","status-publish","format-standard","hentry","category-internacional"],"_links":{"self":[{"href":"https:\/\/diariodominicano.com\/index.php?rest_route=\/wp\/v2\/posts\/248982","targetHints":{"allow":["GET"]}}],"collection":[{"href":"https:\/\/diariodominicano.com\/index.php?rest_route=\/wp\/v2\/posts"}],"about":[{"href":"https:\/\/diariodominicano.com\/index.php?rest_route=\/wp\/v2\/types\/post"}],"author":[{"embeddable":true,"href":"https:\/\/diariodominicano.com\/index.php?rest_route=\/wp\/v2\/users\/3"}],"replies":[{"embeddable":true,"href":"https:\/\/diariodominicano.com\/index.php?rest_route=%2Fwp%2Fv2%2Fcomments&post=248982"}],"version-history":[{"count":0,"href":"https:\/\/diariodominicano.com\/index.php?rest_route=\/wp\/v2\/posts\/248982\/revisions"}],"wp:attachment":[{"href":"https:\/\/diariodominicano.com\/index.php?rest_route=%2Fwp%2Fv2%2Fmedia&parent=248982"}],"wp:term":[{"taxonomy":"category","embeddable":true,"href":"https:\/\/diariodominicano.com\/index.php?rest_route=%2Fwp%2Fv2%2Fcategories&post=248982"},{"taxonomy":"post_tag","embeddable":true,"href":"https:\/\/diariodominicano.com\/index.php?rest_route=%2Fwp%2Fv2%2Ftags&post=248982"}],"curies":[{"name":"wp","href":"https:\/\/api.w.org\/{rel}","templated":true}]}}