{"id":248981,"date":"2016-08-18T13:07:51","date_gmt":"2016-08-18T13:07:51","guid":{"rendered":"http:\/\/diariodominicano.ddns.net\/?p=248981"},"modified":"2016-08-18T13:07:51","modified_gmt":"2016-08-18T13:07:51","slug":"proponen-eliminar-carceles-privadas-en-estados-unidos","status":"publish","type":"post","link":"https:\/\/diariodominicano.com\/?p=248981","title":{"rendered":"Proponen eliminar c\u00e1rceles privadas en Estados Unidos"},"content":{"rendered":"<p><body><\/p>\n<p><img decoding=\"async\" src=\"img3\/USAfjustice18-8.jpg\" \/>  <\/p>\n<p><span class=\"text1noticias\">Washington, 18 ago (PL) El Departamento de Justicia anunci\u00f3 hoy que tiene previsto eliminar gradualmente las prisiones privadas en Estados Unidos por ser poco eficaces y menos seguras que las instalaciones penitenciarias regidas por el gobierno federal.<\/span><\/p>\n<p><span class=\"text1noticias\"> <\/span><\/p>\n<p><span class=\"text1noticias\">En un memorando emitido por la Fiscal General adjunta, Sally Yates, y difundido aqu\u00ed por el diario The Washington Post, se dan instrucciones a los funcionarios de dicho despacho de no renovar los contratos con los operadores privados de prisiones o bien &#8216;reducir sustancialmente&#8217; el alcance de este tipo de contratos.<\/span><\/p>\n<p><span class=\"text1noticias\"> <\/span><\/p>\n<p><span class=\"text1noticias\">El objetivo, destaca el documento, es poner fin al uso de prisiones de gesti\u00f3n privada.<\/span><\/p>\n<p><span class=\"text1noticias\"> <\/span><\/p>\n<p><span class=\"text1noticias\">&#8216;Ellos simplemente no proporcionan el mismo nivel de servicios correccionales, programas y recursos; no ahorran notablemente los costos, y como se se\u00f1al\u00f3 en un informe reciente de la Oficina del Inspector General del Departamento, no mantienen el mismo nivel de protecci\u00f3n y seguridad&#8217;, subray\u00f3 Yates en el comunicado.<\/span><\/p>\n<p><span class=\"text1noticias\"> <\/span><\/p>\n<p><span class=\"text1noticias\">El memorando destaca que el Departamento de Justicia contrat\u00f3 a instituciones privadas hace cerca de 10 a\u00f1os, despu\u00e9s de una explosi\u00f3n de la poblaci\u00f3n penal, pero esta declin\u00f3 su crecimiento desde 2013.<\/span><\/p>\n<p><span class=\"text1noticias\"> <\/span><\/p>\n<p><span class=\"text1noticias\">&#8216;Las prisiones privadas -agreg\u00f3 la Fiscal General adjunta- tuvieron un papel importante durante un per\u00edodo de tiempo dif\u00edcil, pero ahora son menos eficaces que las instalaciones administradas por el gobierno&#8217;.<\/span><\/p>\n<p><span class=\"text1noticias\"> <\/span><\/p>\n<p><span class=\"text1noticias\">Actualmente, cerca del 20 por ciento de la poblaci\u00f3n penal en Estados Unidos cumple sus condenas en c\u00e1rceles privadas, vinculadas principalmente a la empresa GEO Group, que cuenta con 36 c\u00e1rceles y unas 44 mil capacidades y Corrections Corporation of America que dispone de 47 prisiones que albergan a 68 mil reclusos.<\/span><\/p>\n<p><span class=\"text1noticias\"> <\/span><\/p>\n<p><span class=\"text1noticias\">Estados Unidos es el pa\u00eds con m\u00e1s reclusos por habitantes con una cifra que alcanza los 2,3 millones de personas privadas de lib<\/span>ertad.<\/p>\n<h6> 2016-08-18 13:07:51 <\/h6>\n<p><!--\n<link rel=\"stylesheet\" href=\"css\/bootstrap.min.css\">\n\n\n<ul class=\"pagination\">\n\t    \n\t\n\n<li >\n\t<a href='?page_no=18625'>Previous<\/a>\n\t<\/li>\n\n\n       \n    \n\n<li><a href='?page_no=1'>1<\/a><\/li>\n\n\n\n<li><a href='?page_no=2'>2<\/a><\/li>\n\n\n\n<li><a>...<\/a><\/li>\n\n\n\n<li><a href='?page_no=18624'>18624<\/a><\/li>\n\n\n\n<li><a href='?page_no=18625'>18625<\/a><\/li>\n\n\n\n<li class='active'><a>18626<\/a><\/li>\n\n\n\n<li><a href='?page_no=18627'>18627<\/a><\/li>\n\n\n\n<li><a href='?page_no=18628'>18628<\/a><\/li>\n\n\n\n<li><a>...<\/a><\/li>\n\n\n\n<li><a href='?page_no=51012'>51012<\/a><\/li>\n\n\n\n<li><a href='?page_no=51013'>51013<\/a><\/li>\n\n    \n\t\n\n<li >\n\t<a href='?page_no=18627'>Next<\/a>\n\t<\/li>\n\n\n    \n\n<li><a href='?page_no=51013'>Last &rsaquo;&rsaquo;<\/a><\/li>\n\n<\/ul>\n\n\n--><br \/>\n<\/body><\/p>\n","protected":false},"excerpt":{"rendered":"<p>Washington, 18 ago (PL) El Departamento de Justicia anunci\u00f3 hoy que tiene previsto eliminar gradualmente las prisiones privadas en Estados Unidos por ser poco eficaces y menos seguras que las instalaciones penitenciarias regidas por el gobierno federal. En un memorando emitido por la Fiscal General adjunta, Sally Yates, y difundido aqu\u00ed por el diario The [&hellip;]<\/p>\n","protected":false},"author":3,"featured_media":0,"comment_status":"open","ping_status":"open","sticky":false,"template":"","format":"standard","meta":{"footnotes":""},"categories":[23],"tags":[],"class_list":["post-248981","post","type-post","status-publish","format-standard","hentry","category-internacional"],"_links":{"self":[{"href":"https:\/\/diariodominicano.com\/index.php?rest_route=\/wp\/v2\/posts\/248981","targetHints":{"allow":["GET"]}}],"collection":[{"href":"https:\/\/diariodominicano.com\/index.php?rest_route=\/wp\/v2\/posts"}],"about":[{"href":"https:\/\/diariodominicano.com\/index.php?rest_route=\/wp\/v2\/types\/post"}],"author":[{"embeddable":true,"href":"https:\/\/diariodominicano.com\/index.php?rest_route=\/wp\/v2\/users\/3"}],"replies":[{"embeddable":true,"href":"https:\/\/diariodominicano.com\/index.php?rest_route=%2Fwp%2Fv2%2Fcomments&post=248981"}],"version-history":[{"count":0,"href":"https:\/\/diariodominicano.com\/index.php?rest_route=\/wp\/v2\/posts\/248981\/revisions"}],"wp:attachment":[{"href":"https:\/\/diariodominicano.com\/index.php?rest_route=%2Fwp%2Fv2%2Fmedia&parent=248981"}],"wp:term":[{"taxonomy":"category","embeddable":true,"href":"https:\/\/diariodominicano.com\/index.php?rest_route=%2Fwp%2Fv2%2Fcategories&post=248981"},{"taxonomy":"post_tag","embeddable":true,"href":"https:\/\/diariodominicano.com\/index.php?rest_route=%2Fwp%2Fv2%2Ftags&post=248981"}],"curies":[{"name":"wp","href":"https:\/\/api.w.org\/{rel}","templated":true}]}}