{"id":248979,"date":"2016-08-19T00:33:43","date_gmt":"2016-08-19T00:33:43","guid":{"rendered":"http:\/\/diariodominicano.ddns.net\/?p=248979"},"modified":"2016-08-19T00:33:43","modified_gmt":"2016-08-19T00:33:43","slug":"la-onu-admite-jugo-un-papel-por-el-colera-en-haiti","status":"publish","type":"post","link":"https:\/\/diariodominicano.com\/?p=248979","title":{"rendered":"La ONU admite jug\u00f3 un papel por el c\u00f3lera en Hait\u00ed"},"content":{"rendered":"<p><body><\/p>\n<p><img decoding=\"async\" src=\"img3\/ONU00.jpg\" \/>  <\/p>\n<p> La organizaci\u00f3n M\u00e9dicos Sin Fronteras (MSF) reabri\u00f3 centros de tratamiento de c\u00f3lera en Hait\u00ed ante el recrudecimiento de la enfermedad, durante el inicio de la epidemia.<\/p>\n<\/p>\n<p>EFE<\/p>\n<p>Naciones Unidas.- Naciones Unidas admiti\u00f3 por primera vez que tuvo un papel en el inicio de la epidemia de c\u00f3lera en Hait\u00ed, que ha dejado desde 2010 miles de muertos y cientos de miles de afectados.<\/p>\n<\/p>\n<p>\u00abDurante el \u00faltimo a\u00f1o, la ONU se ha convencido de que debe hacer m\u00e1s en relaci\u00f3n con su propia implicaci\u00f3n en el brote inicial y el sufrimiento de los afectados por el c\u00f3lera\u00bb, se\u00f1al\u00f3 el portavoz Farhan Haq.<\/p>\n<\/p>\n<p>La declaraci\u00f3n, publicada primero por The New York Times y remitida a Efe, llega en respuesta a un informe por ahora confidencial elaborado por el relator especial sobre Derechos Humanos y Pobreza Extrema de la ONU, Philip Alston.<\/p>\n<\/p>\n<p>El texto, que se har\u00e1 p\u00fablico a finales de septiembre, servir\u00e1 de base para un nuevo paquete de acciones que Naciones Unidas tiene previsto poner en marcha para apoyar a Hait\u00ed.<\/p>\n<\/p>\n<p>\u00abLa nueva respuesta ser\u00e1 presentada p\u00fablicamente en los pr\u00f3ximos dos meses, una vez que est\u00e9 totalmente elaborada, acordada con las autoridades haitianas y discutida con los Estados miembros\u00bb, se\u00f1al\u00f3 el portavoz, que no quiso dar m\u00e1s detalles.<\/p>\n<\/p>\n<p>Varios grupos de v\u00edctimas del c\u00f3lera han demandado a la ONU ante la Justicia para que compense a los afectados y repare los da\u00f1os que consideran que caus\u00f3.<\/p>\n<\/p>\n<p>Ante esas acciones, la organizaci\u00f3n se ha defendido en todo momento esgrimiendo su inmunidad, un privilegio que considera que impide que sea juzgada por los hechos.<\/p>\n<\/p>\n<p>Seg\u00fan los demandantes, el brote de c\u00f3lera que a\u00fan afecta al pa\u00eds caribe\u00f1o fue causado por un vertido en un r\u00edo de residuos fecales del contingente nepal\u00ed de la Misi\u00f3n de las Naciones Unidas para la Estabilizaci\u00f3n de Hait\u00ed (Minustah).<\/p>\n<\/p>\n<p>Se trata de una posibilidad que admiten varios estudios t\u00e9cnicos pero que la ONU ha rechazado en repetidas ocasiones, aunque la organizaci\u00f3n ha subrayado siempre su compromiso a seguir colaborando con las autoridades para eliminar la enfermedad en el pa\u00eds.<\/p>\n<\/p>\n<p>\u00abEsta es una gran victoria para los miles de haitianos que han estado marchando por la justicia, escribiendo a la ONU y llev\u00e1ndola ante los tribunales\u00bb, se\u00f1al\u00f3 en un comunicado el abogado Mario Joseph, responsable de una de las campa\u00f1as que busca reparaciones para las v\u00edctimas.<\/p>\n<\/p>\n<p>\u00abEste es un primer paso revolucionario hacia la justicia\u00bb, dijo Beatrice Lindstrom en nombre del Instituto para la Justicia y Democracia en Hait\u00ed, una organizaci\u00f3n que tambi\u00e9n ha impulsado acciones contra Naciones Unidas.<\/p>\n<\/p>\n<p>El portavoz de la ONU, sin embargo, dej\u00f3 claro en declaraciones a los periodistas que la \u00abposici\u00f3n jur\u00eddica\u00bb de la organizaci\u00f3n en el caso \u00abno ha cambiado\u00bb.<\/p>\n<\/p>\n<p>La epidemia de c\u00f3lera que arranc\u00f3 en Hait\u00ed en 2010 ha afectado a centenares de miles de personas y ha causado m\u00e1s de 9.000 muertos, seg\u00fan diversos c\u00e1lculos.<\/p>\n<\/p>\n<p>Aunque el n\u00famero de v\u00edctimas se ha ido reduciendo en los \u00faltimos a\u00f1os, han seguido surgiendo nuevos brotes regularmente y Haq reiter\u00f3 que la enfermedad sigue siendo \u00abun problema\u00bb para el pa\u00eds.<\/p>\n<\/p>\n<p>\u00abEstamos tratando de ver c\u00f3mo resolver esto y hacer lo correcto\u00bb, se\u00f1al\u00f3 el portavoz.<\/p>\n<h6> 2016-08-19 00:33:43 <\/h6>\n<p><!--\n<link rel=\"stylesheet\" href=\"css\/bootstrap.min.css\">\n\n\n<ul class=\"pagination\">\n\t    \n\t\n\n<li >\n\t<a href='?page_no=18623'>Previous<\/a>\n\t<\/li>\n\n\n       \n    \n\n<li><a href='?page_no=1'>1<\/a><\/li>\n\n\n\n<li><a href='?page_no=2'>2<\/a><\/li>\n\n\n\n<li><a>...<\/a><\/li>\n\n\n\n<li><a href='?page_no=18622'>18622<\/a><\/li>\n\n\n\n<li><a href='?page_no=18623'>18623<\/a><\/li>\n\n\n\n<li class='active'><a>18624<\/a><\/li>\n\n\n\n<li><a href='?page_no=18625'>18625<\/a><\/li>\n\n\n\n<li><a href='?page_no=18626'>18626<\/a><\/li>\n\n\n\n<li><a>...<\/a><\/li>\n\n\n\n<li><a href='?page_no=51012'>51012<\/a><\/li>\n\n\n\n<li><a href='?page_no=51013'>51013<\/a><\/li>\n\n    \n\t\n\n<li >\n\t<a href='?page_no=18625'>Next<\/a>\n\t<\/li>\n\n\n    \n\n<li><a href='?page_no=51013'>Last &rsaquo;&rsaquo;<\/a><\/li>\n\n<\/ul>\n\n\n--><br \/>\n<\/body><\/p>\n","protected":false},"excerpt":{"rendered":"<p>La organizaci\u00f3n M\u00e9dicos Sin Fronteras (MSF) reabri\u00f3 centros de tratamiento de c\u00f3lera en Hait\u00ed ante el recrudecimiento de la enfermedad, durante el inicio de la epidemia. EFE Naciones Unidas.- Naciones Unidas admiti\u00f3 por primera vez que tuvo un papel en el inicio de la epidemia de c\u00f3lera en Hait\u00ed, que ha dejado desde 2010 miles [&hellip;]<\/p>\n","protected":false},"author":3,"featured_media":0,"comment_status":"open","ping_status":"open","sticky":false,"template":"","format":"standard","meta":{"footnotes":""},"categories":[23],"tags":[],"class_list":["post-248979","post","type-post","status-publish","format-standard","hentry","category-internacional"],"_links":{"self":[{"href":"https:\/\/diariodominicano.com\/index.php?rest_route=\/wp\/v2\/posts\/248979","targetHints":{"allow":["GET"]}}],"collection":[{"href":"https:\/\/diariodominicano.com\/index.php?rest_route=\/wp\/v2\/posts"}],"about":[{"href":"https:\/\/diariodominicano.com\/index.php?rest_route=\/wp\/v2\/types\/post"}],"author":[{"embeddable":true,"href":"https:\/\/diariodominicano.com\/index.php?rest_route=\/wp\/v2\/users\/3"}],"replies":[{"embeddable":true,"href":"https:\/\/diariodominicano.com\/index.php?rest_route=%2Fwp%2Fv2%2Fcomments&post=248979"}],"version-history":[{"count":0,"href":"https:\/\/diariodominicano.com\/index.php?rest_route=\/wp\/v2\/posts\/248979\/revisions"}],"wp:attachment":[{"href":"https:\/\/diariodominicano.com\/index.php?rest_route=%2Fwp%2Fv2%2Fmedia&parent=248979"}],"wp:term":[{"taxonomy":"category","embeddable":true,"href":"https:\/\/diariodominicano.com\/index.php?rest_route=%2Fwp%2Fv2%2Fcategories&post=248979"},{"taxonomy":"post_tag","embeddable":true,"href":"https:\/\/diariodominicano.com\/index.php?rest_route=%2Fwp%2Fv2%2Ftags&post=248979"}],"curies":[{"name":"wp","href":"https:\/\/api.w.org\/{rel}","templated":true}]}}