{"id":248977,"date":"2016-08-19T12:05:34","date_gmt":"2016-08-19T12:05:34","guid":{"rendered":"http:\/\/diariodominicano.ddns.net\/?p=248977"},"modified":"2016-08-19T12:05:34","modified_gmt":"2016-08-19T12:05:34","slug":"renuncia-presidente-del-equipo-de-campana-de-donald-trump","status":"publish","type":"post","link":"https:\/\/diariodominicano.com\/?p=248977","title":{"rendered":"Renuncia presidente del equipo de campa\u00f1a de Donald Trump"},"content":{"rendered":"<p><body><\/p>\n<p><img decoding=\"async\" src=\"img3\/euapaulmanafort19-8.jpg\" \/>  <\/p>\n<p><span class=\"text1noticias\">Washington, 19 ago (PL) El presidente del equipo de campa\u00f1a presidencial republicana, Paul Manafort, renunci\u00f3 hoy a su cargo, despu\u00e9s que Stephen Bannon y Kellyanne Conway se incorporaron hace dos d\u00edas como jefe ejecutivo y directora de comunicaciones, respectivamente.<\/span><\/p>\n<p><span class=\"text1noticias\"> <\/span><\/p>\n<p><span class=\"text1noticias\">En un comunicado difundido este viernes, el candidato presidencial republicano Donald Trump explic\u00f3 que Manafort present\u00f3 su dimisi\u00f3n, elogiando el trabajo del hasta ahora presidente de su equipo de campa\u00f1a, a quien calific\u00f3 de ser un &#8216;verdadero profesional&#8217;.<\/span><\/p>\n<p><span class=\"text1noticias\"> <\/span><\/p>\n<p><span class=\"text1noticias\">&#8216;Estoy muy agradecido por su gran trabajo y ayuda para llegar a donde estamos hoy, y, en particular, su gu\u00eda en los procesos de captaci\u00f3n de delegado y en la Convenci\u00f3n&#8217;, agreg\u00f3 Trump.<\/span><\/p>\n<p><span class=\"text1noticias\"> <\/span><\/p>\n<p><span class=\"text1noticias\">Seg\u00fan expertos, la renuncia del presidente de la campa\u00f1a se est\u00e1 vinculando a los recientes nombramientos de Bannon y Conway, que pueden ser vistos como una disminuci\u00f3n de su mandato.<\/span><\/p>\n<p><span class=\"text1noticias\"> <\/span><\/p>\n<p><span class=\"text1noticias\">La salida de Manafort ocurre en medio de un esc\u00e1ndalo que lo involucra en trabajos encubiertos relacionados con un partido pol\u00edtico en Ucrania.<\/span><\/p>\n<p><span class=\"text1noticias\"> <\/span><\/p>\n<p><span class=\"text1noticias\">Un reciente art\u00edculo publicado en el diario The New York Times se\u00f1al\u00f3 que las autoridades ucranianas encontraron evidencias de pagos del gobierno de ese pa\u00eds europeo a Paul Manafort, valorados en 12,7 millones de d\u00f3lares, hace algunos a\u00f1os.<\/span><\/p>\n<p><span class=\"text1noticias\"> <\/span><\/p>\n<p><span class=\"text1noticias\">Trascendi\u00f3 adem\u00e1s que Manafort ayud\u00f3 a financiar durante la guerra en Angola al grupo opositor Uni\u00f3n Nacional para la Independencia Total de Angola (Unita) dirigido por Jonas Savimbi.<\/span><\/p>\n<p><span class=\"text1noticias\"> <\/span><\/p>\n<p><span class=\"text1noticias\">El expresidente de la campa\u00f1a presidencial de Trump es un conocido estratega y lobista a favor de financiamientos norteamericanos de grupos pol\u00edticos y dictadores en todo el mundo, durante las \u00faltimas d\u00e9cadas.<\/span><\/p>\n<p><span class=\"text1noticias\"> <\/span><\/p>\n<p><span class=\"text1noticias\">Fue consejero de los presidentes Gerald Ford, Ronald Reagan y George <\/span>W. Bush.<\/p>\n<h6> 2016-08-19 12:05:34 <\/h6>\n<p><!--\n<link rel=\"stylesheet\" href=\"css\/bootstrap.min.css\">\n\n\n<ul class=\"pagination\">\n\t    \n\t\n\n<li >\n\t<a href='?page_no=18621'>Previous<\/a>\n\t<\/li>\n\n\n       \n    \n\n<li><a href='?page_no=1'>1<\/a><\/li>\n\n\n\n<li><a href='?page_no=2'>2<\/a><\/li>\n\n\n\n<li><a>...<\/a><\/li>\n\n\n\n<li><a href='?page_no=18620'>18620<\/a><\/li>\n\n\n\n<li><a href='?page_no=18621'>18621<\/a><\/li>\n\n\n\n<li class='active'><a>18622<\/a><\/li>\n\n\n\n<li><a href='?page_no=18623'>18623<\/a><\/li>\n\n\n\n<li><a href='?page_no=18624'>18624<\/a><\/li>\n\n\n\n<li><a>...<\/a><\/li>\n\n\n\n<li><a href='?page_no=51012'>51012<\/a><\/li>\n\n\n\n<li><a href='?page_no=51013'>51013<\/a><\/li>\n\n    \n\t\n\n<li >\n\t<a href='?page_no=18623'>Next<\/a>\n\t<\/li>\n\n\n    \n\n<li><a href='?page_no=51013'>Last &rsaquo;&rsaquo;<\/a><\/li>\n\n<\/ul>\n\n\n--><br \/>\n<\/body><\/p>\n","protected":false},"excerpt":{"rendered":"<p>Washington, 19 ago (PL) El presidente del equipo de campa\u00f1a presidencial republicana, Paul Manafort, renunci\u00f3 hoy a su cargo, despu\u00e9s que Stephen Bannon y Kellyanne Conway se incorporaron hace dos d\u00edas como jefe ejecutivo y directora de comunicaciones, respectivamente. En un comunicado difundido este viernes, el candidato presidencial republicano Donald Trump explic\u00f3 que Manafort present\u00f3 [&hellip;]<\/p>\n","protected":false},"author":3,"featured_media":0,"comment_status":"open","ping_status":"open","sticky":false,"template":"","format":"standard","meta":{"footnotes":""},"categories":[23],"tags":[],"class_list":["post-248977","post","type-post","status-publish","format-standard","hentry","category-internacional"],"_links":{"self":[{"href":"https:\/\/diariodominicano.com\/index.php?rest_route=\/wp\/v2\/posts\/248977","targetHints":{"allow":["GET"]}}],"collection":[{"href":"https:\/\/diariodominicano.com\/index.php?rest_route=\/wp\/v2\/posts"}],"about":[{"href":"https:\/\/diariodominicano.com\/index.php?rest_route=\/wp\/v2\/types\/post"}],"author":[{"embeddable":true,"href":"https:\/\/diariodominicano.com\/index.php?rest_route=\/wp\/v2\/users\/3"}],"replies":[{"embeddable":true,"href":"https:\/\/diariodominicano.com\/index.php?rest_route=%2Fwp%2Fv2%2Fcomments&post=248977"}],"version-history":[{"count":0,"href":"https:\/\/diariodominicano.com\/index.php?rest_route=\/wp\/v2\/posts\/248977\/revisions"}],"wp:attachment":[{"href":"https:\/\/diariodominicano.com\/index.php?rest_route=%2Fwp%2Fv2%2Fmedia&parent=248977"}],"wp:term":[{"taxonomy":"category","embeddable":true,"href":"https:\/\/diariodominicano.com\/index.php?rest_route=%2Fwp%2Fv2%2Fcategories&post=248977"},{"taxonomy":"post_tag","embeddable":true,"href":"https:\/\/diariodominicano.com\/index.php?rest_route=%2Fwp%2Fv2%2Ftags&post=248977"}],"curies":[{"name":"wp","href":"https:\/\/api.w.org\/{rel}","templated":true}]}}