{"id":248976,"date":"2016-08-19T13:04:11","date_gmt":"2016-08-19T13:04:11","guid":{"rendered":"http:\/\/diariodominicano.ddns.net\/?p=248976"},"modified":"2016-08-19T13:04:11","modified_gmt":"2016-08-19T13:04:11","slug":"incendio-causa-nube-toxica-sobre-la-paz","status":"publish","type":"post","link":"https:\/\/diariodominicano.com\/?p=248976","title":{"rendered":"Incendio causa nube t\u00f3xica sobre La Paz"},"content":{"rendered":"<p><body><\/p>\n<p><img decoding=\"async\" src=\"img3\/Bolivia19-8.jpg\" \/>  <\/p>\n<p>La Paz, 19 ago (PL) Una densa nube t\u00f3xica cubre hoy a esta ciudad causada por un incendio en una popular zona comercial que, despu\u00e9s de ocho horas, logr\u00f3 controlar el Cuerpo de Bomberos.<\/p>\n<\/p>\n<p>Una columna de humo negro y gases t\u00f3xicos se extiende por el centro de la urbe que expide olor pl\u00e1stico quemado, raspa la garganta y produce escozor en la nariz, declar\u00f3 Carlos Choque, vecino cercano adonde se registr\u00f3 el siniestro.<\/p>\n<\/p>\n<p>Tal vez un cortocircuito origin\u00f3 el fuego en un dep\u00f3sito de juguetes, cuya quema produce emisiones contaminantes de di\u00f3xido de carbono y metales pesados, apunt\u00f3 el ministro de Gobierno, Carlos Romero.<\/p>\n<\/p>\n<p>Una edificaci\u00f3n de cinco pisos de la calle Incachaca, en la popular zona 14 de septiembre, de La Paz, comenz\u00f3 a arder a eso de la 01:00, hora local, y las llamas se prolongaron hasta las 08:30.<\/p>\n<\/p>\n<p>En el \u00ednterin se consumieron centenares de kilogramos de juguetes de pl\u00e1stico, cuya combusti\u00f3n super\u00f3 los mil grados Celsius.<\/p>\n<\/p>\n<p>Al menos cinco personas, entre ellas varios bomberos requirieron de atenci\u00f3n m\u00e9dica inmediata al presentar signos de intoxicaci\u00f3n.<\/p>\n<\/p>\n<p>La secretaria municipal de Gesti\u00f3n Ambiental, Mariana Daza, alert\u00f3 a la poblaci\u00f3n de no aproximarse al lugar del incendio y a utilizar protecci\u00f3n para respirar como medida de precauci\u00f3n.<\/p>\n<h6> 2016-08-19 13:04:11 <\/h6>\n<p><!--\n<link rel=\"stylesheet\" href=\"css\/bootstrap.min.css\">\n\n\n<ul class=\"pagination\">\n\t    \n\t\n\n<li >\n\t<a href='?page_no=18620'>Previous<\/a>\n\t<\/li>\n\n\n       \n    \n\n<li><a href='?page_no=1'>1<\/a><\/li>\n\n\n\n<li><a href='?page_no=2'>2<\/a><\/li>\n\n\n\n<li><a>...<\/a><\/li>\n\n\n\n<li><a href='?page_no=18619'>18619<\/a><\/li>\n\n\n\n<li><a href='?page_no=18620'>18620<\/a><\/li>\n\n\n\n<li class='active'><a>18621<\/a><\/li>\n\n\n\n<li><a href='?page_no=18622'>18622<\/a><\/li>\n\n\n\n<li><a href='?page_no=18623'>18623<\/a><\/li>\n\n\n\n<li><a>...<\/a><\/li>\n\n\n\n<li><a href='?page_no=51012'>51012<\/a><\/li>\n\n\n\n<li><a href='?page_no=51013'>51013<\/a><\/li>\n\n    \n\t\n\n<li >\n\t<a href='?page_no=18622'>Next<\/a>\n\t<\/li>\n\n\n    \n\n<li><a href='?page_no=51013'>Last &rsaquo;&rsaquo;<\/a><\/li>\n\n<\/ul>\n\n\n--><br \/>\n<\/body><\/p>\n","protected":false},"excerpt":{"rendered":"<p>La Paz, 19 ago (PL) Una densa nube t\u00f3xica cubre hoy a esta ciudad causada por un incendio en una popular zona comercial que, despu\u00e9s de ocho horas, logr\u00f3 controlar el Cuerpo de Bomberos. Una columna de humo negro y gases t\u00f3xicos se extiende por el centro de la urbe que expide olor pl\u00e1stico quemado, [&hellip;]<\/p>\n","protected":false},"author":3,"featured_media":0,"comment_status":"open","ping_status":"open","sticky":false,"template":"","format":"standard","meta":{"footnotes":""},"categories":[23],"tags":[],"class_list":["post-248976","post","type-post","status-publish","format-standard","hentry","category-internacional"],"_links":{"self":[{"href":"https:\/\/diariodominicano.com\/index.php?rest_route=\/wp\/v2\/posts\/248976","targetHints":{"allow":["GET"]}}],"collection":[{"href":"https:\/\/diariodominicano.com\/index.php?rest_route=\/wp\/v2\/posts"}],"about":[{"href":"https:\/\/diariodominicano.com\/index.php?rest_route=\/wp\/v2\/types\/post"}],"author":[{"embeddable":true,"href":"https:\/\/diariodominicano.com\/index.php?rest_route=\/wp\/v2\/users\/3"}],"replies":[{"embeddable":true,"href":"https:\/\/diariodominicano.com\/index.php?rest_route=%2Fwp%2Fv2%2Fcomments&post=248976"}],"version-history":[{"count":0,"href":"https:\/\/diariodominicano.com\/index.php?rest_route=\/wp\/v2\/posts\/248976\/revisions"}],"wp:attachment":[{"href":"https:\/\/diariodominicano.com\/index.php?rest_route=%2Fwp%2Fv2%2Fmedia&parent=248976"}],"wp:term":[{"taxonomy":"category","embeddable":true,"href":"https:\/\/diariodominicano.com\/index.php?rest_route=%2Fwp%2Fv2%2Fcategories&post=248976"},{"taxonomy":"post_tag","embeddable":true,"href":"https:\/\/diariodominicano.com\/index.php?rest_route=%2Fwp%2Fv2%2Ftags&post=248976"}],"curies":[{"name":"wp","href":"https:\/\/api.w.org\/{rel}","templated":true}]}}