{"id":248974,"date":"2016-08-19T13:16:16","date_gmt":"2016-08-19T13:16:16","guid":{"rendered":"http:\/\/diariodominicano.ddns.net\/?p=248974"},"modified":"2016-08-19T13:16:16","modified_gmt":"2016-08-19T13:16:16","slug":"experto-habla-sobre-frontera-caliente-entre-venezuela-y-colombia","status":"publish","type":"post","link":"https:\/\/diariodominicano.com\/?p=248974","title":{"rendered":"Experto habla sobre \u00abfrontera caliente\u00bb entre Venezuela y Colombia"},"content":{"rendered":"<p><body><\/p>\n<p><span class=\"text1noticias\"> Por Marian Avila<\/span><\/p>\n<p><span class=\"text1noticias\"> <\/span><\/p>\n<p><span class=\"text1noticias\">     CARACAS, 19 ago (Xinhua) &#8212; La frontera entre Venezuela y Colombia de 2.219 kil\u00f3metros de extensi\u00f3n no en vano ha sido calificada como una \u00abfrontera caliente\u00bb, explic\u00f3 el periodista argentino Carlos Azn\u00e1rez, experto en temas internacionales.<\/span><\/p>\n<p><span class=\"text1noticias\"> <\/span><\/p>\n<p><span class=\"text1noticias\">     El tambi\u00e9n director del medio \u00abResumen Latinoamericano\u00bb hizo referencia para Xinhua a los resultados del cierre fronterizo por parte del gobierno venezolano desde 2015.<\/span><\/p>\n<p><span class=\"text1noticias\"> <\/span><\/p>\n<p><span class=\"text1noticias\">     El cierre obedeci\u00f3, entre otros factores, a un ataque por la espalda de un comando paramilitar contra tres efectivos de la Fuerza Armada Nacional Bolivariana (FANB) el 19 de agosto de 2015, que los dej\u00f3 gravemente heridos y en terapia intensiva en un hospital local.<\/span><\/p>\n<p><span class=\"text1noticias\"> <\/span><\/p>\n<p><span class=\"text1noticias\">     El presidente de Venezuela, Nicol\u00e1s Maduro, se refiri\u00f3 ante medios internacionales al cierre en 2015 de los m\u00e1s de 2.000 kil\u00f3metros de frontera que el pa\u00eds comparte con la vecina Colombia, con la frase: \u00abEsta frontera se pudri\u00f3\u00bb.<\/span><\/p>\n<p><span class=\"text1noticias\"> <\/span><\/p>\n<p><span class=\"text1noticias\">     Azn\u00e1rez detall\u00f3 que \u00abel problema no s\u00f3lo resid\u00eda en la cantidad de litros de gasolina y de productos alimenticios y medicinales que d\u00eda a d\u00eda se iban de Venezuela hacia Colombia, sino que tambi\u00e9n se fue generando un clima de peligrosa provocaci\u00f3n por la entrada a trav\u00e9s de diversos pasos de elementos ligados al narco-paramilitarismo\u00bb.<\/span><\/p>\n<p><span class=\"text1noticias\"> <\/span><\/p>\n<p><span class=\"text1noticias\">     \u00abPoco a poco se fueron instalando en barrios perif\u00e9ricos de las grandes ciudades, incluida Caracas (la capital)\u00bb, coment\u00f3 el periodista.<\/span><\/p>\n<p><span class=\"text1noticias\"> <\/span><\/p>\n<p><span class=\"text1noticias\">     La medida, que solo ocurre en casos de estados de excepci\u00f3n, fue levantada de forma parcial, permitiendo por ahora el paso de peatones, luego de largas conversaciones entre los dignatarios de ambos pa\u00edses, que termin\u00f3 en una hoja de ruta para la reapertura gradual.<\/span><\/p>\n<p><span class=\"text1noticias\"> <\/span><\/p>\n<p><span class=\"text1noticias\">     Sin embargo, una de sus causas que es el paramilitarismo parece persistir, y es que el fen\u00f3meno no es cosa de hace un d\u00eda en la naci\u00f3n sudamericana.<\/span><\/p>\n<p><span class=\"text1noticias\"> <\/span><\/p>\n<p><span class=\"text1noticias\">     Carlos Azn\u00e1rez opin\u00f3 sobre los resultados de la medida, que no solo logr\u00f3 reducir el contrabando en 80 por ciento como lo han explicado las autoridades venezolanas, sino que \u00abfueron desarticuladas bandas ligadas al paramilitarismo colombiano-venezolano\u00bb.<\/span><\/p>\n<p><span class=\"text1noticias\"> <\/span><\/p>\n<p><span class=\"text1noticias\">     \u00abLa presencia de elementos paramilitares llegados desde Colombia tienen un claro prop\u00f3sito desestabilizador para Venezuela\u00bb, explic\u00f3 el especialista.  <\/span><\/p>\n<p><span class=\"text1noticias\"> <\/span><\/p>\n<p><span class=\"text1noticias\">     Record\u00f3 que ello no es nuevo, \u00abya que en tiempos del propio comandante Hugo Ch\u00e1vez fueron desarticulados grupos de uniformados que se hallaban en las cercan\u00edas de Caracas, acantonados y armados para insurgir en un momento preciso\u00bb.<\/span><\/p>\n<p><span class=\"text1noticias\"> <\/span><\/p>\n<p><span class=\"text1noticias\">     En mayo de 2004, el entonces presidente Hugo Ch\u00e1vez (1999-2013) denunci\u00f3 al mundo la presencia de un ej\u00e9rcito paramilitar en la finca Daktari en el municipio El Hatillo del estado de Miranda (centro-norte).<\/span><\/p>\n<p><span class=\"text1noticias\"> <\/span><\/p>\n<p><span class=\"text1noticias\">     El objetivo de ese escuadr\u00f3n era su asesinato. En total eran 116 hombres, todos colombianos, vestidos con uniformes militares venezolanos y con armas de guerra.  <\/span><\/p>\n<p><span class=\"text1noticias\"> <\/span><\/p>\n<p><span class=\"text1noticias\">     Ch\u00e1vez deport\u00f3 en esa oportunidad a los paramilitares y los entreg\u00f3 al entonces presidente de Colombia, Alvaro Uribe V\u00e9lez (2002-2010), para que la justicia de ese pa\u00eds se encargara de ellos<\/span><\/p>\n<p><span class=\"text1noticias\"> <\/span><\/p>\n<p><span class=\"text1noticias\">     El periodista argentino detall\u00f3 a Xinhua que es tambi\u00e9n conocida la presencia de estas bandas mezcladas con sujetos del hampa local que operan en barrios humildes de Caracas.<\/span><\/p>\n<p><span class=\"text1noticias\"> <\/span><\/p>\n<p><span class=\"text1noticias\">     Dijo que generan asesinatos e incluso producen \u00abel desalojo violento de familias enteras para aposentarse en tal o cual sitio y desde all\u00ed producir hechos de violencia\u00bb.<\/span><\/p>\n<p><span class=\"text1noticias\"> <\/span><\/p>\n<p><span class=\"text1noticias\">     \u00abVarios militantes populares y tambi\u00e9n altos cargos del Ej\u00e9rcito y la Guardia Nacional fueron asesinados por individuos cuyo accionar es t\u00edpico del paramilitarismo\u00bb, se\u00f1al\u00f3 el entrevistado.<\/span><\/p>\n<p><span class=\"text1noticias\"> <\/span><\/p>\n<p><span class=\"text1noticias\">     Coment\u00f3 que por ello, \u00abno se equivocan los altos cargos del gobierno venezolano cuando dicen lo que dicen del paramilitarismo\u00bb.<\/span><\/p>\n<p><span class=\"text1noticias\"> <\/span><\/p>\n<p><span class=\"text1noticias\">     \u00abNo le ocurre solo a Venezuela. Se trata de una estrategia continental alentada por la derecha regional y por el imperialismo estadounidense, que desea destruir los procesos populares y progresistas que se fueron instalando en el continente en los \u00faltimos quince a\u00f1os\u00bb, expres\u00f3.<\/span><\/p>\n<p><span class=\"text1noticias\"> <\/span><\/p>\n<p><span class=\"text1noticias\">     Venezuela ha denunciado de forma permanente la presencia paramilitar colombiana en su territorio, ya no s\u00f3lo con fines pol\u00edticos, sino como parte de la \u00abguerra\u00bb econ\u00f3mica.  <\/span><\/p>\n<p><span class=\"text1noticias\"> <\/span><\/p>\n<p><span class=\"text1noticias\">     Contrabando de extracci\u00f3n, secuestro, prostituci\u00f3n, narcotr\u00e1fico, tr\u00e1fico de armas y de combustible son algunas de las denuncias en las que ha insistido el presidente Maduro.<\/span><\/p>\n<p><span class=\"text1noticias\"> <\/span><\/p>\n<p><span class=\"text1noticias\">     Estas denuncias lo llevaron a decretar hace un a\u00f1o el cierre fronterizo, con el deseo de que en un momento se restablezca la paz y la convivencia sana entre pa\u00edses hermanos.<\/span><\/p>\n<p><span class=\"text1noticias\"> <\/span><\/p>\n<p><span class=\"text1noticias\">     El mandatario venezolano anunci\u00f3 el 10 de septiembre de 2015 la creaci\u00f3n de la nueva misi\u00f3n (organizaci\u00f3n) socialista denominada Nueva Frontera de Paz, orientada a consolidar un territorio donde \u00abrija una nueva sociedad de paz\u00bb.<\/span><\/p>\n<p><span class=\"text1noticias\"> <\/span><\/p>\n<p><span class=\"text1noticias\">     Seg\u00fan el mandatario, la misi\u00f3n estar\u00eda encargada de cubrir varios objetivos: \u00abPrimero la seguridad, limpiar de paramilitarismo y narcotr\u00e1fico, y segundo repoblar la frontera\u00bb.<\/span><\/p>\n<p><span class=\"text1noticias\"> <\/span><\/p>\n<p><span class=\"text1noticias\">     Para Carlos Azn\u00e1rez, una \u00abfrontera de paz exige que haya respeto mutuo por parte de los dos gobiernos, y no que desde una parte de la ecuaci\u00f3n se est\u00e9 siempre decidido a desestabilizar al otro\u00bb.<\/span><\/p>\n<p><span class=\"text1noticias\"> <\/span><\/p>\n<p><span class=\"text1noticias\">     \u00abAhora, que otra vez se ha vuelto a dialogar, la esperanza est\u00e1 puesta en que prive la hermandad pueblo a pueblo, y que sea la propia gente colombiana la que se oponga a que su gobierno no adopte otra vez una actitud injerencist<\/span>a\u00bb, expres\u00f3 el periodista.<\/p>\n<h6> 2016-08-19 13:16:16 <\/h6>\n<p><!--\n<link rel=\"stylesheet\" href=\"css\/bootstrap.min.css\">\n\n\n<ul class=\"pagination\">\n\t    \n\t\n\n<li >\n\t<a href='?page_no=18618'>Previous<\/a>\n\t<\/li>\n\n\n       \n    \n\n<li><a href='?page_no=1'>1<\/a><\/li>\n\n\n\n<li><a href='?page_no=2'>2<\/a><\/li>\n\n\n\n<li><a>...<\/a><\/li>\n\n\n\n<li><a href='?page_no=18617'>18617<\/a><\/li>\n\n\n\n<li><a href='?page_no=18618'>18618<\/a><\/li>\n\n\n\n<li class='active'><a>18619<\/a><\/li>\n\n\n\n<li><a href='?page_no=18620'>18620<\/a><\/li>\n\n\n\n<li><a href='?page_no=18621'>18621<\/a><\/li>\n\n\n\n<li><a>...<\/a><\/li>\n\n\n\n<li><a href='?page_no=51012'>51012<\/a><\/li>\n\n\n\n<li><a href='?page_no=51013'>51013<\/a><\/li>\n\n    \n\t\n\n<li >\n\t<a href='?page_no=18620'>Next<\/a>\n\t<\/li>\n\n\n    \n\n<li><a href='?page_no=51013'>Last &rsaquo;&rsaquo;<\/a><\/li>\n\n<\/ul>\n\n\n--><br \/>\n<\/body><\/p>\n","protected":false},"excerpt":{"rendered":"<p>Por Marian Avila CARACAS, 19 ago (Xinhua) &#8212; La frontera entre Venezuela y Colombia de 2.219 kil\u00f3metros de extensi\u00f3n no en vano ha sido calificada como una \u00abfrontera caliente\u00bb, explic\u00f3 el periodista argentino Carlos Azn\u00e1rez, experto en temas internacionales. El tambi\u00e9n director del medio \u00abResumen Latinoamericano\u00bb hizo referencia para Xinhua a los resultados del cierre [&hellip;]<\/p>\n","protected":false},"author":3,"featured_media":0,"comment_status":"open","ping_status":"open","sticky":false,"template":"","format":"standard","meta":{"footnotes":""},"categories":[23],"tags":[],"class_list":["post-248974","post","type-post","status-publish","format-standard","hentry","category-internacional"],"_links":{"self":[{"href":"https:\/\/diariodominicano.com\/index.php?rest_route=\/wp\/v2\/posts\/248974","targetHints":{"allow":["GET"]}}],"collection":[{"href":"https:\/\/diariodominicano.com\/index.php?rest_route=\/wp\/v2\/posts"}],"about":[{"href":"https:\/\/diariodominicano.com\/index.php?rest_route=\/wp\/v2\/types\/post"}],"author":[{"embeddable":true,"href":"https:\/\/diariodominicano.com\/index.php?rest_route=\/wp\/v2\/users\/3"}],"replies":[{"embeddable":true,"href":"https:\/\/diariodominicano.com\/index.php?rest_route=%2Fwp%2Fv2%2Fcomments&post=248974"}],"version-history":[{"count":0,"href":"https:\/\/diariodominicano.com\/index.php?rest_route=\/wp\/v2\/posts\/248974\/revisions"}],"wp:attachment":[{"href":"https:\/\/diariodominicano.com\/index.php?rest_route=%2Fwp%2Fv2%2Fmedia&parent=248974"}],"wp:term":[{"taxonomy":"category","embeddable":true,"href":"https:\/\/diariodominicano.com\/index.php?rest_route=%2Fwp%2Fv2%2Fcategories&post=248974"},{"taxonomy":"post_tag","embeddable":true,"href":"https:\/\/diariodominicano.com\/index.php?rest_route=%2Fwp%2Fv2%2Ftags&post=248974"}],"curies":[{"name":"wp","href":"https:\/\/api.w.org\/{rel}","templated":true}]}}