{"id":248972,"date":"2016-08-19T13:48:58","date_gmt":"2016-08-19T13:48:58","guid":{"rendered":"http:\/\/diariodominicano.ddns.net\/?p=248972"},"modified":"2016-08-19T13:48:58","modified_gmt":"2016-08-19T13:48:58","slug":"aumenta-a-86-cifra-de-victimas-de-atentado-en-niza-francia","status":"publish","type":"post","link":"https:\/\/diariodominicano.com\/?p=248972","title":{"rendered":"Aumenta a 86 cifra de v\u00edctimas de atentado en Niza, Francia"},"content":{"rendered":"<p><body><\/p>\n<p><img decoding=\"async\" src=\"img3\/francia-niza19-8.jpg\" \/>  <\/p>\n<p><span class=\"text1noticias\">Par\u00eds, 19 ago (PL) Un hombre que result\u00f3 herido en el atentado a la ciudad francesa de Niza falleci\u00f3 a causa de las lesiones, con lo que sube a 86 la cifra de v\u00edctimas por el ataque, inform\u00f3 hoy una fuente oficial.<\/span><\/p>\n<p><span class=\"text1noticias\"> <\/span><\/p>\n<p><span class=\"text1noticias\">En un comunicado, la secretaria de Estado encargada de la Ayuda a V\u00edctimas, Juliette M\u00e9adel, detall\u00f3 que el deceso ocurri\u00f3 la v\u00edspera, aunque no precis\u00f3 la identidad del fallecido.<\/span><\/p>\n<p><span class=\"text1noticias\"> <\/span><\/p>\n<p><span class=\"text1noticias\">&#8216;La secretaria de Estado se moviliz\u00f3 para acompa\u00f1ar a su esposa y dos hijos en esta prueba&#8217;, a\u00f1adi\u00f3 el texto.<\/span><\/p>\n<p><span class=\"text1noticias\"> <\/span><\/p>\n<p><span class=\"text1noticias\">El 14 de julio un hombre arremeti\u00f3 con un cami\u00f3n contra una multitud reunida en el Paseo de los Ingleses, en la sure\u00f1a ciudad de Niza, y dej\u00f3 84 muertos y unos 400 heridos, seg\u00fan los reportes iniciales.<\/span><\/p>\n<p><span class=\"text1noticias\"> <\/span><\/p>\n<p><span class=\"text1noticias\">Tres semanas despu\u00e9s falleci\u00f3 un lesionado identificado como Pierre Hattermann, y con el nuevo deceso reportado este viernes la cifra total asciende a 86.<\/span><\/p>\n<p><span class=\"text1noticias\"> <\/span><\/p>\n<p><span class=\"text1noticias\">El autor del ataque, que fue abatido por la polic\u00eda, era un tunecino llamado Mohamed Lahouaiej Bouhlel, mientras el hecho fue reivindicado por el autodenominado Estado Isl\u00e1<\/span>mico.<\/p>\n<h6> 2016-08-19 13:48:58 <\/h6>\n<p><!--\n<link rel=\"stylesheet\" href=\"css\/bootstrap.min.css\">\n\n\n<ul class=\"pagination\">\n\t    \n\t\n\n<li >\n\t<a href='?page_no=18616'>Previous<\/a>\n\t<\/li>\n\n\n       \n    \n\n<li><a href='?page_no=1'>1<\/a><\/li>\n\n\n\n<li><a href='?page_no=2'>2<\/a><\/li>\n\n\n\n<li><a>...<\/a><\/li>\n\n\n\n<li><a href='?page_no=18615'>18615<\/a><\/li>\n\n\n\n<li><a href='?page_no=18616'>18616<\/a><\/li>\n\n\n\n<li class='active'><a>18617<\/a><\/li>\n\n\n\n<li><a href='?page_no=18618'>18618<\/a><\/li>\n\n\n\n<li><a href='?page_no=18619'>18619<\/a><\/li>\n\n\n\n<li><a>...<\/a><\/li>\n\n\n\n<li><a href='?page_no=51012'>51012<\/a><\/li>\n\n\n\n<li><a href='?page_no=51013'>51013<\/a><\/li>\n\n    \n\t\n\n<li >\n\t<a href='?page_no=18618'>Next<\/a>\n\t<\/li>\n\n\n    \n\n<li><a href='?page_no=51013'>Last &rsaquo;&rsaquo;<\/a><\/li>\n\n<\/ul>\n\n\n--><br \/>\n<\/body><\/p>\n","protected":false},"excerpt":{"rendered":"<p>Par\u00eds, 19 ago (PL) Un hombre que result\u00f3 herido en el atentado a la ciudad francesa de Niza falleci\u00f3 a causa de las lesiones, con lo que sube a 86 la cifra de v\u00edctimas por el ataque, inform\u00f3 hoy una fuente oficial. En un comunicado, la secretaria de Estado encargada de la Ayuda a V\u00edctimas, [&hellip;]<\/p>\n","protected":false},"author":3,"featured_media":0,"comment_status":"open","ping_status":"open","sticky":false,"template":"","format":"standard","meta":{"footnotes":""},"categories":[23],"tags":[],"class_list":["post-248972","post","type-post","status-publish","format-standard","hentry","category-internacional"],"_links":{"self":[{"href":"https:\/\/diariodominicano.com\/index.php?rest_route=\/wp\/v2\/posts\/248972","targetHints":{"allow":["GET"]}}],"collection":[{"href":"https:\/\/diariodominicano.com\/index.php?rest_route=\/wp\/v2\/posts"}],"about":[{"href":"https:\/\/diariodominicano.com\/index.php?rest_route=\/wp\/v2\/types\/post"}],"author":[{"embeddable":true,"href":"https:\/\/diariodominicano.com\/index.php?rest_route=\/wp\/v2\/users\/3"}],"replies":[{"embeddable":true,"href":"https:\/\/diariodominicano.com\/index.php?rest_route=%2Fwp%2Fv2%2Fcomments&post=248972"}],"version-history":[{"count":0,"href":"https:\/\/diariodominicano.com\/index.php?rest_route=\/wp\/v2\/posts\/248972\/revisions"}],"wp:attachment":[{"href":"https:\/\/diariodominicano.com\/index.php?rest_route=%2Fwp%2Fv2%2Fmedia&parent=248972"}],"wp:term":[{"taxonomy":"category","embeddable":true,"href":"https:\/\/diariodominicano.com\/index.php?rest_route=%2Fwp%2Fv2%2Fcategories&post=248972"},{"taxonomy":"post_tag","embeddable":true,"href":"https:\/\/diariodominicano.com\/index.php?rest_route=%2Fwp%2Fv2%2Ftags&post=248972"}],"curies":[{"name":"wp","href":"https:\/\/api.w.org\/{rel}","templated":true}]}}