{"id":248970,"date":"2016-08-19T15:07:27","date_gmt":"2016-08-19T15:07:27","guid":{"rendered":"http:\/\/diariodominicano.ddns.net\/?p=248970"},"modified":"2016-08-19T15:07:27","modified_gmt":"2016-08-19T15:07:27","slug":"fmi-preve-serio-impacto-del-envejecimiento-poblacional-en-eurozona","status":"publish","type":"post","link":"https:\/\/diariodominicano.com\/?p=248970","title":{"rendered":"FMI prev\u00e9 serio impacto del envejecimiento poblacional en Eurozona"},"content":{"rendered":"<p><body><\/p>\n<p><img decoding=\"async\" src=\"img3\/envejecimiento.jpg\" \/>  <\/p>\n<\/p>\n<p><span class=\"text1noticias\">Bruselas, 19 ago (PL) El envejecimiento de la fuerza de trabajo en la Eurozona frenar\u00e1 el crecimiento de la productividad en los pr\u00f3ximos a\u00f1os, lo que se suma a los elevados niveles de desempleo y la deuda, afirm\u00f3 hoy el FMI.<\/span><\/p>\n<\/p>\n<p><span class=\"text1noticias\">De acuerdo con el Fondo Monetario Internacional (FMI) ese movimiento etario constituye otro desaf\u00edo de la pol\u00edtica econ\u00f3mica para los gobiernos en la regi\u00f3n del euro, que aun lidian con los legados de la crisis global.<\/span><\/p>\n<\/p>\n<p><span class=\"text1noticias\">Especialistas del Departamento de Europa de ese organismo prev\u00e9n un envejecimiento poblacional considerable en los pr\u00f3ximos 20 a\u00f1os, por lo cual el n\u00famero de jubilados aumentar\u00e1 con respecto a las personas en edad productiva (15-64 a\u00f1os).<\/span><\/p>\n<\/p>\n<p><span class=\"text1noticias\">Asimismo, la edad promedio de las personas dentro de la fuerza laboral se incrementar\u00e1, esa porci\u00f3n se proyecta que la proporci\u00f3n de trabajadores de 55 a 64 a\u00f1os aumente un tercio, del 15 al 20 por ciento en las venideras dos d\u00e9cadas.<\/span><\/p>\n<\/p>\n<p><span class=\"text1noticias\">El subjefe del Departamento de Europa del FMI, Shekhar Aiyar, asegura que ese movimiento afectar\u00e1 la productividad promedio por los cambios en la distribuci\u00f3n etaria, y subraya que los a\u00f1os acumulados de experiencia laboral pueden hacer que los trabajadores de mayor edad sean m\u00e1s productivos.<\/span><\/p>\n<\/p>\n<p><span class=\"text1noticias\">Por el otro lado, apunta, la salud m\u00e1s fr\u00e1gil y las competencias obsoletas de esas personas podr\u00edan reducir su rendimiento, por lo menos m\u00e1s all\u00e1 de cierto umbral.<\/span><\/p>\n<\/p>\n<p><span class=\"text1noticias\">Si bien es dif\u00edcil generalizar entre las distintas profesiones, los estudios coinciden en que la productividad aumenta con la edad en una primera etapa, alcanzando su nivel m\u00e1ximo a los 40 \u00f3 50 a\u00f1os, y luego disminuye, agrega el experto.<\/span><\/p>\n<\/p>\n<p><span class=\"text1noticias\">Aiyar se\u00f1ala que el envejecimiento de la fuerza de trabajo recaer\u00e1 de manera desigual en los distintos Estados miembros de la zona euro, lo cual es preocupante pues los mayores efectos negativos sobre la productividad recaer\u00e1n en los pa\u00edses que menos se lo pueden permitir, como Grecia, Espa\u00f1a, Portugal e Italia.<\/span><\/p>\n<\/p>\n<p><span class=\"text1noticias\">Estos pa\u00edses ya tienen elevados niveles de deuda y escasos m\u00e1rgenes de maniobra de pol\u00edtica fiscal, y necesitan un r\u00e1pido aumento de productividad para mejorar la competitividad y reducir el desempleo, concluy\u00f3.<\/span><\/p>\n<\/p>\n<p><span class=\"text1noticias\">Tales previsiones del FMI coinciden con criterios generalizados de que la Eurozona se encuentra en un momento cr\u00edtico al atravesar una fr\u00e1gil recuperaci\u00f3n, la inflaci\u00f3n sigue demasiado reducida, la inversi\u00f3n es d\u00e9bil y el desempleo todav\u00eda elevado, que junto a envejecimiento poblacional previsto incrementar\u00e1n el riesgo de estancamiento.<\/span><\/p>\n<h6> 2016-08-19 15:07:27 <\/h6>\n<p><!--\n<link rel=\"stylesheet\" href=\"css\/bootstrap.min.css\">\n\n\n<ul class=\"pagination\">\n\t    \n\t\n\n<li >\n\t<a href='?page_no=18614'>Previous<\/a>\n\t<\/li>\n\n\n       \n    \n\n<li><a href='?page_no=1'>1<\/a><\/li>\n\n\n\n<li><a href='?page_no=2'>2<\/a><\/li>\n\n\n\n<li><a>...<\/a><\/li>\n\n\n\n<li><a href='?page_no=18613'>18613<\/a><\/li>\n\n\n\n<li><a href='?page_no=18614'>18614<\/a><\/li>\n\n\n\n<li class='active'><a>18615<\/a><\/li>\n\n\n\n<li><a href='?page_no=18616'>18616<\/a><\/li>\n\n\n\n<li><a href='?page_no=18617'>18617<\/a><\/li>\n\n\n\n<li><a>...<\/a><\/li>\n\n\n\n<li><a href='?page_no=51012'>51012<\/a><\/li>\n\n\n\n<li><a href='?page_no=51013'>51013<\/a><\/li>\n\n    \n\t\n\n<li >\n\t<a href='?page_no=18616'>Next<\/a>\n\t<\/li>\n\n\n    \n\n<li><a href='?page_no=51013'>Last &rsaquo;&rsaquo;<\/a><\/li>\n\n<\/ul>\n\n\n--><br \/>\n<\/body><\/p>\n","protected":false},"excerpt":{"rendered":"<p>Bruselas, 19 ago (PL) El envejecimiento de la fuerza de trabajo en la Eurozona frenar\u00e1 el crecimiento de la productividad en los pr\u00f3ximos a\u00f1os, lo que se suma a los elevados niveles de desempleo y la deuda, afirm\u00f3 hoy el FMI. De acuerdo con el Fondo Monetario Internacional (FMI) ese movimiento etario constituye otro desaf\u00edo [&hellip;]<\/p>\n","protected":false},"author":3,"featured_media":0,"comment_status":"open","ping_status":"open","sticky":false,"template":"","format":"standard","meta":{"footnotes":""},"categories":[23],"tags":[],"class_list":["post-248970","post","type-post","status-publish","format-standard","hentry","category-internacional"],"_links":{"self":[{"href":"https:\/\/diariodominicano.com\/index.php?rest_route=\/wp\/v2\/posts\/248970","targetHints":{"allow":["GET"]}}],"collection":[{"href":"https:\/\/diariodominicano.com\/index.php?rest_route=\/wp\/v2\/posts"}],"about":[{"href":"https:\/\/diariodominicano.com\/index.php?rest_route=\/wp\/v2\/types\/post"}],"author":[{"embeddable":true,"href":"https:\/\/diariodominicano.com\/index.php?rest_route=\/wp\/v2\/users\/3"}],"replies":[{"embeddable":true,"href":"https:\/\/diariodominicano.com\/index.php?rest_route=%2Fwp%2Fv2%2Fcomments&post=248970"}],"version-history":[{"count":0,"href":"https:\/\/diariodominicano.com\/index.php?rest_route=\/wp\/v2\/posts\/248970\/revisions"}],"wp:attachment":[{"href":"https:\/\/diariodominicano.com\/index.php?rest_route=%2Fwp%2Fv2%2Fmedia&parent=248970"}],"wp:term":[{"taxonomy":"category","embeddable":true,"href":"https:\/\/diariodominicano.com\/index.php?rest_route=%2Fwp%2Fv2%2Fcategories&post=248970"},{"taxonomy":"post_tag","embeddable":true,"href":"https:\/\/diariodominicano.com\/index.php?rest_route=%2Fwp%2Fv2%2Ftags&post=248970"}],"curies":[{"name":"wp","href":"https:\/\/api.w.org\/{rel}","templated":true}]}}