{"id":248968,"date":"2016-08-20T09:10:13","date_gmt":"2016-08-20T09:10:13","guid":{"rendered":"http:\/\/diariodominicano.ddns.net\/?p=248968"},"modified":"2016-08-20T09:10:13","modified_gmt":"2016-08-20T09:10:13","slug":"turquia-quiere-ser-mas-activa-en-siria-en-los-proximos-6-meses","status":"publish","type":"post","link":"https:\/\/diariodominicano.com\/?p=248968","title":{"rendered":"Turqu\u00eda quiere ser \u00abm\u00e1s activa\u00bb en Siria en los pr\u00f3ximos 6 meses"},"content":{"rendered":"<p><body><\/p>\n<p><img decoding=\"async\" src=\"img3\/1ebc8f86ac014684e638eacdd358d99cc28d77e7.jpg\" \/>  <\/p>\n<\/p>\n<p>AFP\/Archivos \/ Adem Altan<\/p>\n<p>Binali Yildirim se dirige a los diputados de su partido durante una reuni\u00f3n en el Parlamento turco, el pasado 16 de agosto en Ankara<\/p>\n<p>Turqu\u00eda quiere ser \u00abm\u00e1s activa\u00bb en la crisis siria en los pr\u00f3ximos seis meses porque el \u00abba\u00f1o de sangre debe cesar\u00bb y el presidente Bashar al Asad \u00abes hoy uno de los actores\u00bb, declar\u00f3 este s\u00e1bado a la prensa el primer ministro turco, Binali Yildirim.<\/p>\n<p>\u00abNos guste o no, Asad es hoy uno de los actores\u00bb de la guerra en ese pa\u00eds y \u00abse le puede hablar para la transici\u00f3n\u00bb, a\u00f1adi\u00f3 Yildirim, aunque a\u00f1adi\u00f3: \u00abTurqu\u00eda no lo har\u00e1 de ninguna manera\u00bb.<\/p>\n<p>Yildirim afirm\u00f3 que el r\u00e9gimen sirio ha comprendido que los kurdos se convierten en \u00abuna amenaza tambi\u00e9n para Siria\u00bb, tras los bombardeos sin precedentes de la aviaci\u00f3n siria sobre Hasak\u00e9 (noreste del pa\u00eds) contra los kurdos, enemigos de Turqu\u00eda.<\/p>\n<p>\u00abEs una situaci\u00f3n nueva\u00bb y \u00abest\u00e1 claro que el r\u00e9gimen comprendi\u00f3 que la estructura que los kurdos intentan formar en el norte (de Siria) comenz\u00f3 a convertirse en una amenaza tambi\u00e9n para Siria\u00bb, declar\u00f3 Yildirim sobre los planes de los kurdos de unir las regiones bajo su control, a ambos lados de la frontera turca.<\/p>\n<p>Los aviones de combate sirios bombardearon jueves y viernes varios sectores controlados por las fuerzas kurdas en Hasak\u00e9. Dos tercios de esta ciudad est\u00e1n en poder de los kurdos y el resto bajo control del r\u00e9gimen del presidente sirio Bashar al Asad.<\/p>\n<p>Es la primera vez desde el comienzo de la guerra en 2011 en Siria que la aviaci\u00f3n ataca posiciones kurdas. Este giro ha llevado a EEUU a intervenir por primera vez directamente contra el r\u00e9gimen sirio enviando aviones para proteger a sus fuerzas especiales que asesoran a los combatientes kurdos en Siria.<\/p>\n<p>Pese a la advertencia estadounidense, la aviaci\u00f3n siria sobrevolaba de nuevo este s\u00e1bado Hasak\u00e9. Los combatientes kurdos se han convertido, seg\u00fan Washington, en la fuerza m\u00e1s eficaz contra los yihadistas del grupo Estado Isl\u00e1mico (EI).<\/p>\n<h6> 2016-08-20 09:10:13 <\/h6>\n<p><!--\n<link rel=\"stylesheet\" href=\"css\/bootstrap.min.css\">\n\n\n<ul class=\"pagination\">\n\t    \n\t\n\n<li >\n\t<a href='?page_no=18612'>Previous<\/a>\n\t<\/li>\n\n\n       \n    \n\n<li><a href='?page_no=1'>1<\/a><\/li>\n\n\n\n<li><a href='?page_no=2'>2<\/a><\/li>\n\n\n\n<li><a>...<\/a><\/li>\n\n\n\n<li><a href='?page_no=18611'>18611<\/a><\/li>\n\n\n\n<li><a href='?page_no=18612'>18612<\/a><\/li>\n\n\n\n<li class='active'><a>18613<\/a><\/li>\n\n\n\n<li><a href='?page_no=18614'>18614<\/a><\/li>\n\n\n\n<li><a href='?page_no=18615'>18615<\/a><\/li>\n\n\n\n<li><a>...<\/a><\/li>\n\n\n\n<li><a href='?page_no=51012'>51012<\/a><\/li>\n\n\n\n<li><a href='?page_no=51013'>51013<\/a><\/li>\n\n    \n\t\n\n<li >\n\t<a href='?page_no=18614'>Next<\/a>\n\t<\/li>\n\n\n    \n\n<li><a href='?page_no=51013'>Last &rsaquo;&rsaquo;<\/a><\/li>\n\n<\/ul>\n\n\n--><br \/>\n<\/body><\/p>\n","protected":false},"excerpt":{"rendered":"<p>AFP\/Archivos \/ Adem Altan Binali Yildirim se dirige a los diputados de su partido durante una reuni\u00f3n en el Parlamento turco, el pasado 16 de agosto en Ankara Turqu\u00eda quiere ser \u00abm\u00e1s activa\u00bb en la crisis siria en los pr\u00f3ximos seis meses porque el \u00abba\u00f1o de sangre debe cesar\u00bb y el presidente Bashar al Asad [&hellip;]<\/p>\n","protected":false},"author":3,"featured_media":0,"comment_status":"open","ping_status":"open","sticky":false,"template":"","format":"standard","meta":{"footnotes":""},"categories":[23],"tags":[],"class_list":["post-248968","post","type-post","status-publish","format-standard","hentry","category-internacional"],"_links":{"self":[{"href":"https:\/\/diariodominicano.com\/index.php?rest_route=\/wp\/v2\/posts\/248968","targetHints":{"allow":["GET"]}}],"collection":[{"href":"https:\/\/diariodominicano.com\/index.php?rest_route=\/wp\/v2\/posts"}],"about":[{"href":"https:\/\/diariodominicano.com\/index.php?rest_route=\/wp\/v2\/types\/post"}],"author":[{"embeddable":true,"href":"https:\/\/diariodominicano.com\/index.php?rest_route=\/wp\/v2\/users\/3"}],"replies":[{"embeddable":true,"href":"https:\/\/diariodominicano.com\/index.php?rest_route=%2Fwp%2Fv2%2Fcomments&post=248968"}],"version-history":[{"count":0,"href":"https:\/\/diariodominicano.com\/index.php?rest_route=\/wp\/v2\/posts\/248968\/revisions"}],"wp:attachment":[{"href":"https:\/\/diariodominicano.com\/index.php?rest_route=%2Fwp%2Fv2%2Fmedia&parent=248968"}],"wp:term":[{"taxonomy":"category","embeddable":true,"href":"https:\/\/diariodominicano.com\/index.php?rest_route=%2Fwp%2Fv2%2Fcategories&post=248968"},{"taxonomy":"post_tag","embeddable":true,"href":"https:\/\/diariodominicano.com\/index.php?rest_route=%2Fwp%2Fv2%2Ftags&post=248968"}],"curies":[{"name":"wp","href":"https:\/\/api.w.org\/{rel}","templated":true}]}}