{"id":248860,"date":"2016-08-30T08:23:07","date_gmt":"2016-08-30T08:23:07","guid":{"rendered":"http:\/\/diariodominicano.ddns.net\/?p=248860"},"modified":"2016-08-30T08:23:07","modified_gmt":"2016-08-30T08:23:07","slug":"rajoy-afronta-investidura-sin-apoyos-para-formar-gobierno-en-espana","status":"publish","type":"post","link":"https:\/\/diariodominicano.com\/?p=248860","title":{"rendered":"Rajoy afronta investidura sin apoyos para formar gobierno en Espa\u00f1a"},"content":{"rendered":"<p><body><\/p>\n<p><img decoding=\"async\" src=\"img3\/Rajoy30-8.jpg\" \/>  <\/p>\n<p><span class=\"text1noticias\">Madrid, 30 ago (PL) El l\u00edder del conservador Partido Popular (PP), Mariano Rajoy, se enfrenta hoy al debate de investidura con la certidumbre de que carece de los apoyos necesarios para ser proclamado presidente del Gobierno de Espa\u00f1a.<\/span><\/p>\n<p><span class=\"text1noticias\"> <\/span><\/p>\n<p><span class=\"text1noticias\">Poco m\u00e1s de dos meses despu\u00e9s de las elecciones generales del 26 de junio -una repetici\u00f3n de las celebradas el 20 de diciembre de 2015 ante su inconcluso desenlace- Rajoy afrontar\u00e1 este martes la primera jornada de investidura con el respaldo de Ciudadanos (C&#8217;s) y de Coalici\u00f3n Canaria.<\/span><\/p>\n<p><span class=\"text1noticias\"> <\/span><\/p>\n<p><span class=\"text1noticias\">Un sost\u00e9n, de momento, insuficiente para sus aspiraciones de permanecer otros cuatro a\u00f1os en el gubernamental Palacio de la Moncloa, en el que lleva m\u00e1s de ocho meses al frente de un Ejecutivo en funciones.<\/span><\/p>\n<p><span class=\"text1noticias\"> <\/span><\/p>\n<p><span class=\"text1noticias\">Luego de la sesi\u00f3n de hoy, en la que expondr\u00e1 un programa pactado con el centroderechista C&#8217;s, el mandatario saliente se someter\u00e1 ma\u00f1ana a la confianza del Congreso de los Diputados, donde, a diferencia de \u00e9pocas anteriores, su agrupaci\u00f3n ya no goza de mayor\u00eda absoluta.<\/span><\/p>\n<p><span class=\"text1noticias\"> <\/span><\/p>\n<p><span class=\"text1noticias\">Hasta ahora, Rajoy apenas cuenta con 170 votos a favor: los 137 del PP, los 32 de Ciudadanos y uno de Coalici\u00f3n Canaria, cifra exigua para superar cualquiera de las dos votaciones que se celebrar\u00e1n el mi\u00e9rcoles y viernes.<\/span><\/p>\n<p><span class=\"text1noticias\"> <\/span><\/p>\n<p><span class=\"text1noticias\">Para poder renovar mandato, el dirigente conservador necesita en una primera votaci\u00f3n (ma\u00f1ana) el respaldo de la mayor\u00eda absoluta de la C\u00e1mara baja (176 de sus 350 esca\u00f1os), o m\u00e1s sufragios a favor que en contra en una segunda vuelta, fijada para el pr\u00f3ximo viernes.<\/span><\/p>\n<p><span class=\"text1noticias\"> <\/span><\/p>\n<p><span class=\"text1noticias\">Su encuentro de la v\u00edspera con Pedro S\u00e1nchez, secretario general del Partido Socialista Obrero Espa\u00f1ol (PSOE), principal de la oposici\u00f3n con 85 bancas en el Congreso, era visto como la \u00faltima oportunidad para intentar que \u00e9ste cambiara su &#8216;no&#8217; por una abstenci\u00f3n en la investidura.<\/span><\/p>\n<p><span class=\"text1noticias\"> <\/span><\/p>\n<p><span class=\"text1noticias\">&#8216;Si antes ten\u00edamos razones para votar en contra de Rajoy, despu\u00e9s del acuerdo con Ciudadanos hay a\u00fan m\u00e1s&#8217;, argument\u00f3 S\u00e1nchez, para quien el pacto entre las dos formaciones de derecha supone un programa de gobierno &#8216;conservador y continuista&#8217;.<\/span><\/p>\n<p><span class=\"text1noticias\"> <\/span><\/p>\n<p><span class=\"text1noticias\">A su juicio, el trato entre el PP y C&#8217;s no deroga las lesivas reformas laboral y educativa implementadas por la anterior administraci\u00f3n de los conservadores (2011-2015), y aplaza los cambios constitucionales imprescindibles para resolver el conflicto territorial en Catalu\u00f1a.<\/span><\/p>\n<p><span class=\"text1noticias\"> <\/span><\/p>\n<p><span class=\"text1noticias\">A la negativa de los socialistas se sumar\u00e1n, adem\u00e1s, el resto de las formaciones con representaci\u00f3n en la C\u00e1mara baja, incluida la coalici\u00f3n de izquierda Unidos Podemos -tercera fuerza parlamentaria con 71 esca\u00f1os- y los partidos nacionalistas vascos y catalanes.<\/span><\/p>\n<p><span class=\"text1noticias\"> <\/span><\/p>\n<p><span class=\"text1noticias\">&#8216;Seguir\u00e9 intent\u00e1ndolo ahora, despu\u00e9s de la primera votaci\u00f3n y, si fuera necesario, despu\u00e9s de la segunda&#8217;, porque el PSOE es quien tiene la llave para desbloquear la situaci\u00f3n, asever\u00f3 el jefe del Ejecutivo en funciones.<\/span><\/p>\n<p><span class=\"text1noticias\"> <\/span><\/p>\n<p><span class=\"text1noticias\">Seg\u00fan su criterio, &#8216;desbloquear no es apoyar, sino permitir algo tan razonable como que haya un gobierno&#8217;, en obvia referencia al rechazo de la centenaria organizaci\u00f3n socialdem\u00f3crata y del resto de los grupos representados en el Congreso.<\/span><\/p>\n<p><span class=\"text1noticias\"> <\/span><\/p>\n<p><span class=\"text1noticias\">Si en poco m\u00e1s de dos meses los principales partidos no logran un acuerdo para gobernar, los espa\u00f1oles ser\u00e1n de nuevo convocados a las urnas (tercera ocasi\u00f3n en un a\u00f1o), esta vez en una fecha tan in\u00e9dita como el 25 de diciembre, d\u00eda de Navidad.<\/span><\/p>\n<p><span class=\"text1noticias\"> <\/span><\/p>\n<p><span class=\"text1noticias\">Todo ello en medio de un creciente hartazgo de los ciudadanos, molestos ante la incapacidad de su clase pol\u00edtica para llegar a consensos y acabar con m\u00e1s de 250 d\u00edas de par\u00e1lisis i<\/span>nstitucional.<\/p>\n<h6> 2016-08-30 08:23:07 <\/h6>\n<p><!--\n<link rel=\"stylesheet\" href=\"css\/bootstrap.min.css\">\n\n\n<ul class=\"pagination\">\n\t    \n\t\n\n<li >\n\t<a href='?page_no=18504'>Previous<\/a>\n\t<\/li>\n\n\n       \n    \n\n<li><a href='?page_no=1'>1<\/a><\/li>\n\n\n\n<li><a href='?page_no=2'>2<\/a><\/li>\n\n\n\n<li><a>...<\/a><\/li>\n\n\n\n<li><a href='?page_no=18503'>18503<\/a><\/li>\n\n\n\n<li><a href='?page_no=18504'>18504<\/a><\/li>\n\n\n\n<li class='active'><a>18505<\/a><\/li>\n\n\n\n<li><a href='?page_no=18506'>18506<\/a><\/li>\n\n\n\n<li><a href='?page_no=18507'>18507<\/a><\/li>\n\n\n\n<li><a>...<\/a><\/li>\n\n\n\n<li><a href='?page_no=51012'>51012<\/a><\/li>\n\n\n\n<li><a href='?page_no=51013'>51013<\/a><\/li>\n\n    \n\t\n\n<li >\n\t<a href='?page_no=18506'>Next<\/a>\n\t<\/li>\n\n\n    \n\n<li><a href='?page_no=51013'>Last &rsaquo;&rsaquo;<\/a><\/li>\n\n<\/ul>\n\n\n--><br \/>\n<\/body><\/p>\n","protected":false},"excerpt":{"rendered":"<p>Madrid, 30 ago (PL) El l\u00edder del conservador Partido Popular (PP), Mariano Rajoy, se enfrenta hoy al debate de investidura con la certidumbre de que carece de los apoyos necesarios para ser proclamado presidente del Gobierno de Espa\u00f1a. Poco m\u00e1s de dos meses despu\u00e9s de las elecciones generales del 26 de junio -una repetici\u00f3n de [&hellip;]<\/p>\n","protected":false},"author":3,"featured_media":0,"comment_status":"open","ping_status":"open","sticky":false,"template":"","format":"standard","meta":{"footnotes":""},"categories":[23],"tags":[],"class_list":["post-248860","post","type-post","status-publish","format-standard","hentry","category-internacional"],"_links":{"self":[{"href":"https:\/\/diariodominicano.com\/index.php?rest_route=\/wp\/v2\/posts\/248860","targetHints":{"allow":["GET"]}}],"collection":[{"href":"https:\/\/diariodominicano.com\/index.php?rest_route=\/wp\/v2\/posts"}],"about":[{"href":"https:\/\/diariodominicano.com\/index.php?rest_route=\/wp\/v2\/types\/post"}],"author":[{"embeddable":true,"href":"https:\/\/diariodominicano.com\/index.php?rest_route=\/wp\/v2\/users\/3"}],"replies":[{"embeddable":true,"href":"https:\/\/diariodominicano.com\/index.php?rest_route=%2Fwp%2Fv2%2Fcomments&post=248860"}],"version-history":[{"count":0,"href":"https:\/\/diariodominicano.com\/index.php?rest_route=\/wp\/v2\/posts\/248860\/revisions"}],"wp:attachment":[{"href":"https:\/\/diariodominicano.com\/index.php?rest_route=%2Fwp%2Fv2%2Fmedia&parent=248860"}],"wp:term":[{"taxonomy":"category","embeddable":true,"href":"https:\/\/diariodominicano.com\/index.php?rest_route=%2Fwp%2Fv2%2Fcategories&post=248860"},{"taxonomy":"post_tag","embeddable":true,"href":"https:\/\/diariodominicano.com\/index.php?rest_route=%2Fwp%2Fv2%2Ftags&post=248860"}],"curies":[{"name":"wp","href":"https:\/\/api.w.org\/{rel}","templated":true}]}}