{"id":248853,"date":"2016-08-30T10:28:17","date_gmt":"2016-08-30T10:28:17","guid":{"rendered":"http:\/\/diariodominicano.ddns.net\/?p=248853"},"modified":"2016-08-30T10:28:17","modified_gmt":"2016-08-30T10:28:17","slug":"indigenas-panamenos-denuncian-abuso-policial-en-su-contra","status":"publish","type":"post","link":"https:\/\/diariodominicano.com\/?p=248853","title":{"rendered":"Ind\u00edgenas paname\u00f1os denuncian abuso policial en su contra"},"content":{"rendered":"<p><body><\/p>\n<p><img decoding=\"async\" src=\"img3\/panamaindige30-8.jpg\" \/>  <\/p>\n<p><span class=\"text1noticias\">Por Osvaldo Rodriguez Martinez<\/span><\/p>\n<p><span class=\"text1noticias\"> <\/span><\/p>\n<p><span class=\"text1noticias\">Panam\u00e1, 30 ago (PL) Ind\u00edgenas paname\u00f1os fueron v\u00edctimas de abuso policial en recientes enfrentamientos en una comunidad del oeste del pa\u00eds, cuando cerraron una carretera en protesta por la continuaci\u00f3n de una hidroel\u00e9ctrica, denunci\u00f3 hoy la l\u00edder originaria Ofelia Carrizo.<\/span><\/p>\n<p><span class=\"text1noticias\"> <\/span><\/p>\n<p><span class=\"text1noticias\">Violaron el derecho a la propiedad de quienes protestaban en la carretera, pues rociaron nuestras casas con gas pimienta y desde el jueves pasado no podemos entrar a las mismas, explic\u00f3 Carrizo a Prensa Latina, y confirm\u00f3 que un fuerte contingente de antimotines se encuentra a\u00fan apostado frente a su comunidad de Gualaquita.<\/span><\/p>\n<p><span class=\"text1noticias\"> <\/span><\/p>\n<p><span class=\"text1noticias\">Los manifestantes pertenecen a la iglesia Mama Tadta, de la etnia Ng\u00c3\u00f1be Bugl\u00e9, los cuales rechazan el reciente acuerdo entre el Gobierno y autoridades comarcales para explotar una hidroel\u00e9ctrica sobre el R\u00edo Tabasar\u00e1, considerado sagrado por esos religiosos, y que atraviesa en parte la Comarca originaria.<\/span><\/p>\n<p><span class=\"text1noticias\"> <\/span><\/p>\n<p><span class=\"text1noticias\">Carrizo se\u00f1al\u00f3 que comprend\u00eda la orden de despejar la v\u00eda que los ind\u00edgenas manten\u00edan cerrada, pero las autoridades no ten\u00edan autorizaci\u00f3n para violar la propiedad de los vecinos, asegur\u00f3, e incluso responsabiliza a los polic\u00edas por la desaparici\u00f3n de algunas pertenencias, entre las que refieren equipos de trabajo, alimentos, dinero y otros.<\/span><\/p>\n<p><span class=\"text1noticias\"> <\/span><\/p>\n<p><span class=\"text1noticias\">Nuestra gente se defendi\u00f3 con lo que ten\u00edan a mano, hachas para cortar le\u00f1a, machetes, palos y otros instrumentos utilizados para trabajar, y en esa persecuci\u00f3n fueron lesionados tambi\u00e9n algunos polic\u00edas, confes\u00f3.<\/span><\/p>\n<p><span class=\"text1noticias\"> <\/span><\/p>\n<p><span class=\"text1noticias\">Sobre los ind\u00edgenas heridos en tales enfrentamientos dijo que no recibieron hasta el momento asistencia m\u00e9dica adecuada, pues se niegan a ir a los hospitales de la zona, porque podr\u00edan ser detenidos por las autoridades.<\/span><\/p>\n<p><span class=\"text1noticias\"> <\/span><\/p>\n<p><span class=\"text1noticias\">Uno de ellos, que tiene da\u00f1ado el ojo derecho, presenta un estado m\u00e1s delicado, mientras una veintena presentan heridas por balas de goma y perdigones, cuyas muestras recogieron los manifestantes, seg\u00fan Cortizo.<\/span><\/p>\n<p><span class=\"text1noticias\"> <\/span><\/p>\n<p><span class=\"text1noticias\">Un informe desde el lugar realizado por el Frente Nacional por la Defensa de los Derechos Econ\u00f3micos y Sociales (Frenadeso), confirm\u00f3 algunas de las denuncias realizadas por los originarios.<\/span><\/p>\n<p><span class=\"text1noticias\"> <\/span><\/p>\n<p><span class=\"text1noticias\">Ronaldo Ort\u00edz, vocero de Frenadeso, quien form\u00f3 parte de la comisi\u00f3n que visit\u00f3 la comunidad, ratific\u00f3 a Prensa Latina que vio algunos de los proyectiles recolectados por los ind\u00edgenas y pudo comprobar las heridas de al menos tres personas, quienes en su opini\u00f3n est\u00e1n en mal estado.<\/span><\/p>\n<p><span class=\"text1noticias\"> <\/span><\/p>\n<p><span class=\"text1noticias\">El presidente del pa\u00eds, Juan Carlos Varela, reconoci\u00f3 el viernes pasado a periodistas que hubo enfrentamientos, sin que se usaran armas letales, pero denunci\u00f3 que los originarios tiraron piedras, hachas y lanzas.<\/span><\/p>\n<p><span class=\"text1noticias\"> <\/span><\/p>\n<p><span class=\"text1noticias\">&#8216;No utilizamos armas ni perdigones. (Los polic\u00edas) fueron heridos con piedras. Aunque no hemos visto a ind\u00edgenas heridos, periodistas de la zona nos han comunicado que s\u00ed hay, pero a los hospitales no han ido para ser atendidos&#8217;, se\u00f1al\u00f3 por su parte el jefe de la Polic\u00eda, Omar Pinz\u00f3n, la seman<\/span>a anterior.<\/p>\n<h6> 2016-08-30 10:28:17 <\/h6>\n<p><!--\n<link rel=\"stylesheet\" href=\"css\/bootstrap.min.css\">\n\n\n<ul class=\"pagination\">\n\t    \n\t\n\n<li >\n\t<a href='?page_no=18497'>Previous<\/a>\n\t<\/li>\n\n\n       \n    \n\n<li><a href='?page_no=1'>1<\/a><\/li>\n\n\n\n<li><a href='?page_no=2'>2<\/a><\/li>\n\n\n\n<li><a>...<\/a><\/li>\n\n\n\n<li><a href='?page_no=18496'>18496<\/a><\/li>\n\n\n\n<li><a href='?page_no=18497'>18497<\/a><\/li>\n\n\n\n<li class='active'><a>18498<\/a><\/li>\n\n\n\n<li><a href='?page_no=18499'>18499<\/a><\/li>\n\n\n\n<li><a href='?page_no=18500'>18500<\/a><\/li>\n\n\n\n<li><a>...<\/a><\/li>\n\n\n\n<li><a href='?page_no=51012'>51012<\/a><\/li>\n\n\n\n<li><a href='?page_no=51013'>51013<\/a><\/li>\n\n    \n\t\n\n<li >\n\t<a href='?page_no=18499'>Next<\/a>\n\t<\/li>\n\n\n    \n\n<li><a href='?page_no=51013'>Last &rsaquo;&rsaquo;<\/a><\/li>\n\n<\/ul>\n\n\n--><br \/>\n<\/body><\/p>\n","protected":false},"excerpt":{"rendered":"<p>Por Osvaldo Rodriguez Martinez Panam\u00e1, 30 ago (PL) Ind\u00edgenas paname\u00f1os fueron v\u00edctimas de abuso policial en recientes enfrentamientos en una comunidad del oeste del pa\u00eds, cuando cerraron una carretera en protesta por la continuaci\u00f3n de una hidroel\u00e9ctrica, denunci\u00f3 hoy la l\u00edder originaria Ofelia Carrizo. Violaron el derecho a la propiedad de quienes protestaban en la [&hellip;]<\/p>\n","protected":false},"author":3,"featured_media":0,"comment_status":"open","ping_status":"open","sticky":false,"template":"","format":"standard","meta":{"footnotes":""},"categories":[23],"tags":[],"class_list":["post-248853","post","type-post","status-publish","format-standard","hentry","category-internacional"],"_links":{"self":[{"href":"https:\/\/diariodominicano.com\/index.php?rest_route=\/wp\/v2\/posts\/248853","targetHints":{"allow":["GET"]}}],"collection":[{"href":"https:\/\/diariodominicano.com\/index.php?rest_route=\/wp\/v2\/posts"}],"about":[{"href":"https:\/\/diariodominicano.com\/index.php?rest_route=\/wp\/v2\/types\/post"}],"author":[{"embeddable":true,"href":"https:\/\/diariodominicano.com\/index.php?rest_route=\/wp\/v2\/users\/3"}],"replies":[{"embeddable":true,"href":"https:\/\/diariodominicano.com\/index.php?rest_route=%2Fwp%2Fv2%2Fcomments&post=248853"}],"version-history":[{"count":0,"href":"https:\/\/diariodominicano.com\/index.php?rest_route=\/wp\/v2\/posts\/248853\/revisions"}],"wp:attachment":[{"href":"https:\/\/diariodominicano.com\/index.php?rest_route=%2Fwp%2Fv2%2Fmedia&parent=248853"}],"wp:term":[{"taxonomy":"category","embeddable":true,"href":"https:\/\/diariodominicano.com\/index.php?rest_route=%2Fwp%2Fv2%2Fcategories&post=248853"},{"taxonomy":"post_tag","embeddable":true,"href":"https:\/\/diariodominicano.com\/index.php?rest_route=%2Fwp%2Fv2%2Ftags&post=248853"}],"curies":[{"name":"wp","href":"https:\/\/api.w.org\/{rel}","templated":true}]}}