{"id":244047,"date":"2020-11-19T10:26:46","date_gmt":"2020-11-19T10:26:46","guid":{"rendered":"http:\/\/diariodominicano.ddns.net\/?p=244047"},"modified":"2020-11-19T10:26:46","modified_gmt":"2020-11-19T10:26:46","slug":"presidente-de-bielorrusia-nombra-a-nuevo-ministro-de-cultura","status":"publish","type":"post","link":"https:\/\/diariodominicano.com\/?p=244047","title":{"rendered":"Presidente de Bielorrusia nombra a nuevo ministro de Cultura"},"content":{"rendered":"<p><body><\/p>\n<p><img decoding=\"async\" src=\"img3\/Markevich-Lukashenco18-11-20.jpg\" \/>  <\/p>\n<p> diariodominicano.com<\/p>\n<\/p>\n<p><span class=\"text1noticias\">   MINSK, 19 nov (Xinhua) &#8212; El presidente bielorruso, Alexander Lukashenko, nombr\u00f3 a Anatoly Markevich como nuevo ministro de Cultura, inform\u00f3 hoy el servicio de prensa presidencial.<\/span><\/p>\n<\/p>\n<p><span class=\"text1noticias\">   Markevich se desempe\u00f1\u00f3 anteriormente como asistente del presidente en la regi\u00f3n suroccidental de Brest, que es conocida por sus sitios hist\u00f3ricos y acontecimientos hist\u00f3ricos importantes.<\/span><\/p>\n<\/p>\n<p><span class=\"text1noticias\">   Markevich sustituye a Yuri Bondar, quien hab\u00eda encabezado el Ministerio de Cultura durante tres a\u00f1os. <\/span><\/p>\n<h6> 2020-11-19 10:26:46 <\/h6>\n<p><!--\n<link rel=\"stylesheet\" href=\"css\/bootstrap.min.css\">\n\n\n<ul class=\"pagination\">\n\t    \n\t\n\n<li >\n\t<a href='?page_no=88'>Previous<\/a>\n\t<\/li>\n\n\n       \n    \n\n<li><a href='?page_no=1'>1<\/a><\/li>\n\n\n\n<li><a href='?page_no=2'>2<\/a><\/li>\n\n\n\n<li><a>...<\/a><\/li>\n\n\n\n<li><a href='?page_no=87'>87<\/a><\/li>\n\n\n\n<li><a href='?page_no=88'>88<\/a><\/li>\n\n\n\n<li class='active'><a>89<\/a><\/li>\n\n\n\n<li><a href='?page_no=90'>90<\/a><\/li>\n\n\n\n<li><a href='?page_no=91'>91<\/a><\/li>\n\n\n\n<li><a>...<\/a><\/li>\n\n\n\n<li><a href='?page_no=51012'>51012<\/a><\/li>\n\n\n\n<li><a href='?page_no=51013'>51013<\/a><\/li>\n\n    \n\t\n\n<li >\n\t<a href='?page_no=90'>Next<\/a>\n\t<\/li>\n\n\n    \n\n<li><a href='?page_no=51013'>Last &rsaquo;&rsaquo;<\/a><\/li>\n\n<\/ul>\n\n\n--><br \/>\n<\/body><\/p>\n","protected":false},"excerpt":{"rendered":"<p>diariodominicano.com MINSK, 19 nov (Xinhua) &#8212; El presidente bielorruso, Alexander Lukashenko, nombr\u00f3 a Anatoly Markevich como nuevo ministro de Cultura, inform\u00f3 hoy el servicio de prensa presidencial. Markevich se desempe\u00f1\u00f3 anteriormente como asistente del presidente en la regi\u00f3n suroccidental de Brest, que es conocida por sus sitios hist\u00f3ricos y acontecimientos hist\u00f3ricos importantes. Markevich sustituye a [&hellip;]<\/p>\n","protected":false},"author":3,"featured_media":0,"comment_status":"open","ping_status":"open","sticky":false,"template":"","format":"standard","meta":{"footnotes":""},"categories":[23],"tags":[],"class_list":["post-244047","post","type-post","status-publish","format-standard","hentry","category-internacional"],"_links":{"self":[{"href":"https:\/\/diariodominicano.com\/index.php?rest_route=\/wp\/v2\/posts\/244047","targetHints":{"allow":["GET"]}}],"collection":[{"href":"https:\/\/diariodominicano.com\/index.php?rest_route=\/wp\/v2\/posts"}],"about":[{"href":"https:\/\/diariodominicano.com\/index.php?rest_route=\/wp\/v2\/types\/post"}],"author":[{"embeddable":true,"href":"https:\/\/diariodominicano.com\/index.php?rest_route=\/wp\/v2\/users\/3"}],"replies":[{"embeddable":true,"href":"https:\/\/diariodominicano.com\/index.php?rest_route=%2Fwp%2Fv2%2Fcomments&post=244047"}],"version-history":[{"count":0,"href":"https:\/\/diariodominicano.com\/index.php?rest_route=\/wp\/v2\/posts\/244047\/revisions"}],"wp:attachment":[{"href":"https:\/\/diariodominicano.com\/index.php?rest_route=%2Fwp%2Fv2%2Fmedia&parent=244047"}],"wp:term":[{"taxonomy":"category","embeddable":true,"href":"https:\/\/diariodominicano.com\/index.php?rest_route=%2Fwp%2Fv2%2Fcategories&post=244047"},{"taxonomy":"post_tag","embeddable":true,"href":"https:\/\/diariodominicano.com\/index.php?rest_route=%2Fwp%2Fv2%2Ftags&post=244047"}],"curies":[{"name":"wp","href":"https:\/\/api.w.org\/{rel}","templated":true}]}}