{"id":243714,"date":"2020-11-19T16:44:56","date_gmt":"2020-11-19T16:44:56","guid":{"rendered":"http:\/\/diariodominicano.ddns.net\/?p=243714"},"modified":"2020-11-19T16:44:56","modified_gmt":"2020-11-19T16:44:56","slug":"reino-unido-dice-que-salud-es-primero-al-suspender-conversaciones-con-ue-por-preocupacion-sobre-covid-19","status":"publish","type":"post","link":"https:\/\/diariodominicano.com\/?p=243714","title":{"rendered":"Reino Unido dice que \u00absalud es primero\u00bb al suspender conversaciones con UE por preocupaci\u00f3n sobre COVID-19"},"content":{"rendered":"<p><body><\/p>\n<p><img decoding=\"async\" src=\"img3\/EEUU9-11-20.jpg\" \/>  <\/p>\n<p><span class=\"text1noticias\">diariodominicano.com<\/span><\/p>\n<p><span class=\"text1noticias\">   LONDRES, 19 nov (Xinhua) &#8212; El jefe negociador de Reino Unido, David Frost, dijo hoy que la salud de los equipos negociadores brit\u00e1nicos y de la Uni\u00f3n Europea (UE) \u00abes primero\u00bb, luego de que ambas partes decidieron suspender sus conversaciones post \u00abbrexit\u00bb debido a que uno de ellos dio positivo por la COVID-19.<\/span><\/p>\n<\/p>\n<p><span class=\"text1noticias\">   \u00abEstoy en contacto estrecho con @michelbarnier (negociador en jefe del &#8216;brexit&#8217; de la UE, Michel Barnier) acerca de la situaci\u00f3n. La salud de nuestros equipos es primero\u00bb, escribi\u00f3 Frost en Twitter.<\/span><\/p>\n<\/p>\n<p><span class=\"text1noticias\">   \u00abUno de los negociadores en mi equipo dio positivo por la COVID-19. Con @DavidGHFrost hemos decidido suspender las negociaciones a nuestro nivel por un periodo breve. Los equipos seguir\u00e1n su labor en pleno respeto a las directrices\u00bb, se\u00f1al\u00f3 Barnier en un tuit.<\/span><\/p>\n<\/p>\n<p><span class=\"text1noticias\">   La suspensi\u00f3n tuvo lugar despu\u00e9s de que Reino Unido y la UE comenzaron una nueva ronda de negociaciones comerciales en Bruselas el lunes.<\/span><\/p>\n<\/p>\n<p><span class=\"text1noticias\">   Antes de las conversaciones de esta semana, el secretario de Salud brit\u00e1nico, Matt Hancock, dijo el lunes que las l\u00edneas rojas del pa\u00eds se mantienen sin cambio y que \u00abnos estamos preparando para cualquiera que sea el resultado\u00bb.<\/span><\/p>\n<\/p>\n<p><span class=\"text1noticias\">   En apoyo a lo dicho por Hancock, un portavoz del primer ministro brit\u00e1nico Boris Johnson pidi\u00f3 m\u00e1s realismo a la UE.<\/span><\/p>\n<\/p>\n<p><span class=\"text1noticias\">   Reino Unido y la UE comenzaron sus prolongadas y accidentadas conversaciones post \u00abbrexit\u00bb en marzo, despu\u00e9s de que Reino Unido pusiera fin a su membres\u00eda de la UE el 31 de enero, tratando de asegurar un acuerdo comercial futuro antes de que el periodo de transici\u00f3n del \u00abbrexit\u00bb expire. Todav\u00eda hay divergencias serias sobre el nivel de igualdad de condiciones, gobernanza y pesca, entre otros temas, luego de las rondas de conversaciones.<\/span><\/p>\n<\/p>\n<p><span class=\"text1noticias\">   Despu\u00e9s de sostener una conversaci\u00f3n telef\u00f3nica a inicios de noviembre, Johnson y Ursula von der Leyen, presidenta de la Comisi\u00f3n Europea, se\u00f1alaron que ambas partes deben \u00abredoblar\u00bb sus esfuerzos.<\/span><\/p>\n<\/p>\n<p><span class=\"text1noticias\">   Los dos l\u00edderes sostuvieron varias conversaciones telef\u00f3nicas en varias ocasiones en lugar de discusiones cara a cara debido a la pandemia de la COVID-19.<\/span><\/p>\n<h6> 2020-11-19 16:44:56 <\/h6>\n<p><!--\n<link rel=\"stylesheet\" href=\"css\/bootstrap.min.css\">\n\n\n<ul class=\"pagination\">\n\t    \n\t\n\n<li >\n\t<a href='?page_no=85'>Previous<\/a>\n\t<\/li>\n\n\n       \n    \n\n<li><a href='?page_no=1'>1<\/a><\/li>\n\n\n\n<li><a href='?page_no=2'>2<\/a><\/li>\n\n\n\n<li><a>...<\/a><\/li>\n\n\n\n<li><a href='?page_no=84'>84<\/a><\/li>\n\n\n\n<li><a href='?page_no=85'>85<\/a><\/li>\n\n\n\n<li class='active'><a>86<\/a><\/li>\n\n\n\n<li><a href='?page_no=87'>87<\/a><\/li>\n\n\n\n<li><a href='?page_no=88'>88<\/a><\/li>\n\n\n\n<li><a>...<\/a><\/li>\n\n\n\n<li><a href='?page_no=51012'>51012<\/a><\/li>\n\n\n\n<li><a href='?page_no=51013'>51013<\/a><\/li>\n\n    \n\t\n\n<li >\n\t<a href='?page_no=87'>Next<\/a>\n\t<\/li>\n\n\n    \n\n<li><a href='?page_no=51013'>Last &rsaquo;&rsaquo;<\/a><\/li>\n\n<\/ul>\n\n\n--><br \/>\n<\/body><\/p>\n","protected":false},"excerpt":{"rendered":"<p>diariodominicano.com LONDRES, 19 nov (Xinhua) &#8212; El jefe negociador de Reino Unido, David Frost, dijo hoy que la salud de los equipos negociadores brit\u00e1nicos y de la Uni\u00f3n Europea (UE) \u00abes primero\u00bb, luego de que ambas partes decidieron suspender sus conversaciones post \u00abbrexit\u00bb debido a que uno de ellos dio positivo por la COVID-19. \u00abEstoy [&hellip;]<\/p>\n","protected":false},"author":3,"featured_media":0,"comment_status":"open","ping_status":"open","sticky":false,"template":"","format":"standard","meta":{"footnotes":""},"categories":[23],"tags":[],"class_list":["post-243714","post","type-post","status-publish","format-standard","hentry","category-internacional"],"_links":{"self":[{"href":"https:\/\/diariodominicano.com\/index.php?rest_route=\/wp\/v2\/posts\/243714","targetHints":{"allow":["GET"]}}],"collection":[{"href":"https:\/\/diariodominicano.com\/index.php?rest_route=\/wp\/v2\/posts"}],"about":[{"href":"https:\/\/diariodominicano.com\/index.php?rest_route=\/wp\/v2\/types\/post"}],"author":[{"embeddable":true,"href":"https:\/\/diariodominicano.com\/index.php?rest_route=\/wp\/v2\/users\/3"}],"replies":[{"embeddable":true,"href":"https:\/\/diariodominicano.com\/index.php?rest_route=%2Fwp%2Fv2%2Fcomments&post=243714"}],"version-history":[{"count":0,"href":"https:\/\/diariodominicano.com\/index.php?rest_route=\/wp\/v2\/posts\/243714\/revisions"}],"wp:attachment":[{"href":"https:\/\/diariodominicano.com\/index.php?rest_route=%2Fwp%2Fv2%2Fmedia&parent=243714"}],"wp:term":[{"taxonomy":"category","embeddable":true,"href":"https:\/\/diariodominicano.com\/index.php?rest_route=%2Fwp%2Fv2%2Fcategories&post=243714"},{"taxonomy":"post_tag","embeddable":true,"href":"https:\/\/diariodominicano.com\/index.php?rest_route=%2Fwp%2Fv2%2Ftags&post=243714"}],"curies":[{"name":"wp","href":"https:\/\/api.w.org\/{rel}","templated":true}]}}