{"id":243603,"date":"2020-11-19T17:17:13","date_gmt":"2020-11-19T17:17:13","guid":{"rendered":"http:\/\/diariodominicano.ddns.net\/?p=243603"},"modified":"2020-11-19T17:17:13","modified_gmt":"2020-11-19T17:17:13","slug":"israel-construira-mayor-planta-de-energia-solar-del-pais","status":"publish","type":"post","link":"https:\/\/diariodominicano.com\/?p=243603","title":{"rendered":"Israel construir\u00e1 mayor planta de energ\u00eda solar del pa\u00eds"},"content":{"rendered":"<p><body><\/p>\n<p><span class=\"text1noticias\"> diariodominicano.com<\/span><\/p>\n<p><span class=\"text1noticias\">   JERUSAL\u00c9N, 19 nov (Xinhua) &#8212; Israel construir\u00e1 una planta de energ\u00eda solar que ser\u00e1 la mayor del pa\u00eds, indicaron hoy en una declaraci\u00f3n conjunta los ministerios de Energ\u00eda y Finanzas de Israel.<\/span><\/p>\n<\/p>\n<p><span class=\"text1noticias\">   De acuerdo con la declaraci\u00f3n, la planta solar ser\u00e1 construida cerca de la ciudad de Dimona, sur de Israel, en un superficie de m\u00e1s de 3.000 metros cuadrados.<\/span><\/p>\n<\/p>\n<p><span class=\"text1noticias\">   La planta generar\u00e1 electricidad utilizando tecnolog\u00eda fotovoltaica, y parte de la electricidad generada ser\u00e1 almacenada en bater\u00edas en un sistema de almacenamiento de energ\u00eda.<\/span><\/p>\n<\/p>\n<p><span class=\"text1noticias\">   El almacenamiento de electricidad permitir\u00e1 el uso de la electricidad generada por el Sol incluso durante la noche, cuando la demanda de electricidad es alta.<\/span><\/p>\n<\/p>\n<p><span class=\"text1noticias\">   Entonces, durante el d\u00eda, el sistema de almacenamiento ser\u00e1 recargado con el exceso de energ\u00eda solar y en la noche esta energ\u00eda ser\u00e1 liberada en la red el\u00e9ctrica, en lugar de cubrir la falta de energ\u00eda mediante producci\u00f3n con combustibles contaminantes.<\/span><\/p>\n<\/p>\n<p><span class=\"text1noticias\">   De acuerdo con los ministerios, la planta solar ayudar\u00e1 a lograr los objetivos del Gobierno de generaci\u00f3n el\u00e9ctrica a partir de energ\u00edas renovables y para 2030 representar\u00e1 el 30 por ciento de la generaci\u00f3n el\u00e9ctrica total<\/span>.<\/p>\n<h6> 2020-11-19 17:17:13 <\/h6>\n<p><!--\n<link rel=\"stylesheet\" href=\"css\/bootstrap.min.css\">\n\n\n<ul class=\"pagination\">\n\t    \n\t\n\n<li >\n\t<a href='?page_no=84'>Previous<\/a>\n\t<\/li>\n\n\n       \n    \n\n<li><a href='?page_no=1'>1<\/a><\/li>\n\n\n\n<li><a href='?page_no=2'>2<\/a><\/li>\n\n\n\n<li><a>...<\/a><\/li>\n\n\n\n<li><a href='?page_no=83'>83<\/a><\/li>\n\n\n\n<li><a href='?page_no=84'>84<\/a><\/li>\n\n\n\n<li class='active'><a>85<\/a><\/li>\n\n\n\n<li><a href='?page_no=86'>86<\/a><\/li>\n\n\n\n<li><a href='?page_no=87'>87<\/a><\/li>\n\n\n\n<li><a>...<\/a><\/li>\n\n\n\n<li><a href='?page_no=51012'>51012<\/a><\/li>\n\n\n\n<li><a href='?page_no=51013'>51013<\/a><\/li>\n\n    \n\t\n\n<li >\n\t<a href='?page_no=86'>Next<\/a>\n\t<\/li>\n\n\n    \n\n<li><a href='?page_no=51013'>Last &rsaquo;&rsaquo;<\/a><\/li>\n\n<\/ul>\n\n\n--><br \/>\n<\/body><\/p>\n","protected":false},"excerpt":{"rendered":"<p>diariodominicano.com JERUSAL\u00c9N, 19 nov (Xinhua) &#8212; Israel construir\u00e1 una planta de energ\u00eda solar que ser\u00e1 la mayor del pa\u00eds, indicaron hoy en una declaraci\u00f3n conjunta los ministerios de Energ\u00eda y Finanzas de Israel. De acuerdo con la declaraci\u00f3n, la planta solar ser\u00e1 construida cerca de la ciudad de Dimona, sur de Israel, en un superficie [&hellip;]<\/p>\n","protected":false},"author":3,"featured_media":0,"comment_status":"open","ping_status":"open","sticky":false,"template":"","format":"standard","meta":{"footnotes":""},"categories":[23],"tags":[],"class_list":["post-243603","post","type-post","status-publish","format-standard","hentry","category-internacional"],"_links":{"self":[{"href":"https:\/\/diariodominicano.com\/index.php?rest_route=\/wp\/v2\/posts\/243603","targetHints":{"allow":["GET"]}}],"collection":[{"href":"https:\/\/diariodominicano.com\/index.php?rest_route=\/wp\/v2\/posts"}],"about":[{"href":"https:\/\/diariodominicano.com\/index.php?rest_route=\/wp\/v2\/types\/post"}],"author":[{"embeddable":true,"href":"https:\/\/diariodominicano.com\/index.php?rest_route=\/wp\/v2\/users\/3"}],"replies":[{"embeddable":true,"href":"https:\/\/diariodominicano.com\/index.php?rest_route=%2Fwp%2Fv2%2Fcomments&post=243603"}],"version-history":[{"count":0,"href":"https:\/\/diariodominicano.com\/index.php?rest_route=\/wp\/v2\/posts\/243603\/revisions"}],"wp:attachment":[{"href":"https:\/\/diariodominicano.com\/index.php?rest_route=%2Fwp%2Fv2%2Fmedia&parent=243603"}],"wp:term":[{"taxonomy":"category","embeddable":true,"href":"https:\/\/diariodominicano.com\/index.php?rest_route=%2Fwp%2Fv2%2Fcategories&post=243603"},{"taxonomy":"post_tag","embeddable":true,"href":"https:\/\/diariodominicano.com\/index.php?rest_route=%2Fwp%2Fv2%2Ftags&post=243603"}],"curies":[{"name":"wp","href":"https:\/\/api.w.org\/{rel}","templated":true}]}}