{"id":243270,"date":"2020-11-19T21:16:01","date_gmt":"2020-11-19T21:16:01","guid":{"rendered":"http:\/\/diariodominicano.ddns.net\/?p=243270"},"modified":"2020-11-19T21:16:01","modified_gmt":"2020-11-19T21:16:01","slug":"america-latina-alista-nuevas-restricciones-ante-alza-de-casos-y-muertes-por-covid-19","status":"publish","type":"post","link":"https:\/\/diariodominicano.com\/?p=243270","title":{"rendered":"Am\u00e9rica Latina alista nuevas restricciones ante alza de casos y muertes por COVID-19"},"content":{"rendered":"<p><body><\/p>\n<p><span class=\"text1noticias\"> diariodominicano.com<\/span><\/p>\n<p><span class=\"text1noticias\">   MEXICO, 19 nov (Xinhua) &#8212; Pa\u00edses de Am\u00e9rica Latina alistan nuevas restricciones ante el aumento de casos de la enfermedad del nuevo coronavirus (COVID-19) en los \u00faltimos d\u00edas, e incluso, ya piensan en c\u00f3mo enfrentar\u00e1n una posible segunda ola de la pandemia.<\/span><\/p>\n<\/p>\n<p><span class=\"text1noticias\">   En Brasil, con 5.981.767 casos y 168.061 muertos, el gobierno admiti\u00f3 hoy jueves la posibilidad de que una segunda ola de la COVID-19 en el pa\u00eds, al registrar un aumento de casos y muertes causadas por el virus en los \u00faltimos d\u00edas.<\/span><\/p>\n<\/p>\n<p><span class=\"text1noticias\">   El ministro de Econom\u00eda, Paulo Guedes, dijo que en el caso que se confirme la segunda ola de la COVID-19 en Brasil, el gobierno enfrentar\u00e1 el problema como enfrent\u00f3 la primera, pues \u00abahora estamos en otra dimensi\u00f3n, sabemos c\u00f3mo actuar, pero no es nuestro plan\u00bb.<\/span><\/p>\n<\/p>\n<p><span class=\"text1noticias\">   En tanto, el gobierno del estado de Sao Paulo, el m\u00e1s afectado por la enfermedad en el pa\u00eds, orden\u00f3 a los hospitales p\u00fablicos y privados mantener el n\u00famero de camas para pacientes con el virus, as\u00ed como suspender las operaciones que no sean de emergencia, ante el aumento de casos.<\/span><\/p>\n<\/p>\n<p><span class=\"text1noticias\">   Sin embargo, el alcalde de Sao Paulo, la mayor ciudad sudamericana, Bruno Covas, admiti\u00f3 que existe un aumento en la ocupaci\u00f3n de camas de terapia intensiva, pero descart\u00f3 la existencia de una segunda ola de la COVID-19 como en algunos pa\u00edses de Europa.<\/span><\/p>\n<\/p>\n<p><span class=\"text1noticias\">   Por lo pronto, el sector a\u00e9reo brasile\u00f1o logr\u00f3 recuperarse del fuerte impacto causado por la COVID-19 y proyecta operar en diciembre con un 80 por ciento de su capacidad registrada en el mismo mes del a\u00f1o pasado.<\/span><\/p>\n<\/p>\n<p><span class=\"text1noticias\">   \u00abEl desaf\u00edo es la recuperaci\u00f3n de los ingresos, que todav\u00eda est\u00e1n bajos y estamos siguiendo la alta temporada y c\u00f3mo proceder\u00bb, expres\u00f3 el secretario nacional de Aviaci\u00f3n Civil, Ronei Glanzmann, quien se mostr\u00f3 esperanzado que en diciembre, coincidiendo con la llegada del verano austral y del periodo de vacaciones en el pa\u00eds, haya un aumento de viajes nacionales, principalmente a las regiones de playa.<\/span><\/p>\n<\/p>\n<p><span class=\"text1noticias\">   En Argentina, con 1.349.434 contagios y 36.532 muertos, el presidente Alberto Fern\u00e1ndez afirm\u00f3 este jueves que se prev\u00e9 vacunar contra la COVID-19 a unos 10 millones de residentes entre enero y febrero de 2021.<\/span><\/p>\n<p><span class=\"text1noticias\">   \u00abEso nos dejar\u00eda llegar a marzo en una situaci\u00f3n mucho m\u00e1s tranquila\u00bb, dijo el mandatario, quien agreg\u00f3 que estar\u00e1 al frente del comando de vacunaci\u00f3n, que integran los ministerios de Salud, de Interior, de Seguridad y de Defensa, mecanismo que se reunir\u00e1 el lunes pr\u00f3ximo para avanzar en la log\u00edstica que requerir\u00e1 el proceso en todo el pa\u00eds.<\/span><\/p>\n<\/p>\n<p><span class=\"text1noticias\">   \u00abEstar\u00edamos vacunando algo as\u00ed como al 23 por ciento de la poblaci\u00f3n, y eso nos permitir\u00eda entrar a un marzo muy tranquilo para lo que podr\u00eda ser la segunda ola. Podr\u00edamos atravesarla con entre un 60 y 70 por ciento de las personas vulnerables, en t\u00e9rminos m\u00e9dicos, vacunadas\u00bb, destac\u00f3 Fern\u00e1ndez.<\/span><\/p>\n<\/p>\n<p><span class=\"text1noticias\">   En Chile, con 536.012 positivos y 14.955 defunciones, el gobierno anunci\u00f3 hoy que aumentar\u00e1 las restricciones en algunas zonas en el sur del pa\u00eds debido al alza de casos de la enfermedad del nuevo coronavirus.<\/span><\/p>\n<\/p>\n<p><span class=\"text1noticias\">   La subsecretaria para la Prevenci\u00f3n del Delito, Katherine Martorell, inform\u00f3 a la prensa que debido al aumento de casos en el Gran Concepci\u00f3n, el tercer radio urbano m\u00e1s poblado del pa\u00eds, se determin\u00f3 ampliar de cinco a nueve horas diarias el toque de queda que rige en la regi\u00f3n, por lo que iniciar\u00e1 a las 20:00 hora local y terminar\u00e1 a las 5:00 horas del d\u00eda siguiente a partir del pr\u00f3ximo s\u00e1bado 21 de noviembre.<\/span><\/p>\n<p><span class=\"text1noticias\">   Esta localidad se suma a las regiones sure\u00f1as de Los Lagos y Magallanes, esta \u00faltima la que registra la mayor cantidad de casos por cada 100.000 habitantes en el pa\u00eds.<\/span><\/p>\n<\/p>\n<p><span class=\"text1noticias\">   En Ecuador, con 183.246 infectados y 13.073 fallecidos entre confirmados (8.729) y probables (4.344), el Comit\u00e9 Nacional de Operaciones de Emergencia (COE), que maneja la crisis sanitaria por la COVID-19 en el pa\u00eds, recomend\u00f3 nuevas medidas de restricci\u00f3n durante las fiestas de Navidad y A\u00f1o Nuevo para reducir los casos de contagio del virus.<\/span><\/p>\n<\/p>\n<p><span class=\"text1noticias\">   \u00abTenemos un objetivo claro: lograr la menor velocidad de transmisi\u00f3n del virus y con ello salvar la mayor cantidad de vidas\u00bb, dijo en rueda de prensa virtual el director general del Servicio Nacional de Gesti\u00f3n de Riesgos y Emergencias, Rommel Salazar, al anunciar las resoluciones.<\/span><\/p>\n<\/p>\n<p><span class=\"text1noticias\">   El COE recomend\u00f3 la restricci\u00f3n vehicular los d\u00edas 5 y 6 de diciembre para Quito, fechas en las que se celebran las fiestas de la fundaci\u00f3n de la ciudad, y la restricci\u00f3n vehicular para todo el pa\u00eds los d\u00edas 24, 25 y 31 de diciembre de 2020 y el 1 de enero de 2021, por las fiestas de Navidad y A\u00f1o Nuevo.<\/span><\/p>\n<\/p>\n<p><span class=\"text1noticias\">   En Bolivia, con 143.569 registros y 8.875 muertos, luego de m\u00e1s de ocho meses de haber registrado los primeros casos de la COVID-19, el pa\u00eds regres\u00f3 al 90 por ciento de sus actividades laborales y econ\u00f3micas, con una disminuci\u00f3n de casos nuevos y m\u00e1s del 82 por ciento de pacientes recuperados.<\/span><\/p>\n<\/p>\n<p><span class=\"text1noticias\">   El experto y ex jefe de Epidemiolog\u00eda del Ministerio de Salud, Virgilio Prieto, inform\u00f3 este jueves a Xinhua que se dej\u00f3 al nuevo gobierno con algo m\u00e1s del 90 por ciento del retorno de actividades econ\u00f3micas, laborales y sociales, adem\u00e1s de una \u00abfranca disminuci\u00f3n\u00bb de casos.<\/span><\/p>\n<\/p>\n<p><span class=\"text1noticias\">   No obstante, manifest\u00f3 que en la temporada de fiestas de fin de a\u00f1o hay un gran movimiento de personas en los centros comerciales, por lo que se prev\u00e9 una segunda ola de coronavirus durante el primer trimestre de 2021.<\/span><\/p>\n<\/p>\n<p><span class=\"text1noticias\">   En tanto, el director del Servicio Departamental de Salud de La Paz, Ramiro Narv\u00e1ez, manifest\u00f3 este jueves a Xinhua que el pa\u00eds ya ingres\u00f3 a una nueva normalidad con la reactivaci\u00f3n de varios sectores econ\u00f3micos.<\/span><\/p>\n<\/p>\n<p><span class=\"text1noticias\">   \u00abDespu\u00e9s de la asunci\u00f3n del nuevo gobierno, que super\u00f3 la crisis pol\u00edtica, muchos bolivianos creen que el coronavirus tambi\u00e9n ya fue superado, pero apenas aplanamos la curva ascendente y puede reactivarse\u00bb, alert<\/span>\u00f3.<\/p>\n<h6> 2020-11-19 21:16:01 <\/h6>\n<p><!--\n<link rel=\"stylesheet\" href=\"css\/bootstrap.min.css\">\n\n\n<ul class=\"pagination\">\n\t    \n\t\n\n<li >\n\t<a href='?page_no=81'>Previous<\/a>\n\t<\/li>\n\n\n       \n    \n\n<li><a href='?page_no=1'>1<\/a><\/li>\n\n\n\n<li><a href='?page_no=2'>2<\/a><\/li>\n\n\n\n<li><a>...<\/a><\/li>\n\n\n\n<li><a href='?page_no=80'>80<\/a><\/li>\n\n\n\n<li><a href='?page_no=81'>81<\/a><\/li>\n\n\n\n<li class='active'><a>82<\/a><\/li>\n\n\n\n<li><a href='?page_no=83'>83<\/a><\/li>\n\n\n\n<li><a href='?page_no=84'>84<\/a><\/li>\n\n\n\n<li><a>...<\/a><\/li>\n\n\n\n<li><a href='?page_no=51012'>51012<\/a><\/li>\n\n\n\n<li><a href='?page_no=51013'>51013<\/a><\/li>\n\n    \n\t\n\n<li >\n\t<a href='?page_no=83'>Next<\/a>\n\t<\/li>\n\n\n    \n\n<li><a href='?page_no=51013'>Last &rsaquo;&rsaquo;<\/a><\/li>\n\n<\/ul>\n\n\n--><br \/>\n<\/body><\/p>\n","protected":false},"excerpt":{"rendered":"<p>diariodominicano.com MEXICO, 19 nov (Xinhua) &#8212; Pa\u00edses de Am\u00e9rica Latina alistan nuevas restricciones ante el aumento de casos de la enfermedad del nuevo coronavirus (COVID-19) en los \u00faltimos d\u00edas, e incluso, ya piensan en c\u00f3mo enfrentar\u00e1n una posible segunda ola de la pandemia. En Brasil, con 5.981.767 casos y 168.061 muertos, el gobierno admiti\u00f3 hoy [&hellip;]<\/p>\n","protected":false},"author":3,"featured_media":0,"comment_status":"open","ping_status":"open","sticky":false,"template":"","format":"standard","meta":{"footnotes":""},"categories":[23],"tags":[],"class_list":["post-243270","post","type-post","status-publish","format-standard","hentry","category-internacional"],"_links":{"self":[{"href":"https:\/\/diariodominicano.com\/index.php?rest_route=\/wp\/v2\/posts\/243270","targetHints":{"allow":["GET"]}}],"collection":[{"href":"https:\/\/diariodominicano.com\/index.php?rest_route=\/wp\/v2\/posts"}],"about":[{"href":"https:\/\/diariodominicano.com\/index.php?rest_route=\/wp\/v2\/types\/post"}],"author":[{"embeddable":true,"href":"https:\/\/diariodominicano.com\/index.php?rest_route=\/wp\/v2\/users\/3"}],"replies":[{"embeddable":true,"href":"https:\/\/diariodominicano.com\/index.php?rest_route=%2Fwp%2Fv2%2Fcomments&post=243270"}],"version-history":[{"count":0,"href":"https:\/\/diariodominicano.com\/index.php?rest_route=\/wp\/v2\/posts\/243270\/revisions"}],"wp:attachment":[{"href":"https:\/\/diariodominicano.com\/index.php?rest_route=%2Fwp%2Fv2%2Fmedia&parent=243270"}],"wp:term":[{"taxonomy":"category","embeddable":true,"href":"https:\/\/diariodominicano.com\/index.php?rest_route=%2Fwp%2Fv2%2Fcategories&post=243270"},{"taxonomy":"post_tag","embeddable":true,"href":"https:\/\/diariodominicano.com\/index.php?rest_route=%2Fwp%2Fv2%2Ftags&post=243270"}],"curies":[{"name":"wp","href":"https:\/\/api.w.org\/{rel}","templated":true}]}}