{"id":243159,"date":"2020-11-19T21:21:36","date_gmt":"2020-11-19T21:21:36","guid":{"rendered":"http:\/\/diariodominicano.ddns.net\/?p=243159"},"modified":"2020-11-19T21:21:36","modified_gmt":"2020-11-19T21:21:36","slug":"eeuu-amplia-hasta-21-de-diciembre-restricciones-de-viaje-a-canada-y-mexico","status":"publish","type":"post","link":"https:\/\/diariodominicano.com\/?p=243159","title":{"rendered":"EEUU ampl\u00eda hasta 21 de diciembre restricciones de viaje a Canad\u00e1 y M\u00e9xico"},"content":{"rendered":"<p><body><\/p>\n<p><span class=\"text1noticias\">diariodominicano.com<\/span><\/p>\n<p><span class=\"text1noticias\">   WASHINGTON, 19 nov (Xinhua) &#8212; Las restricciones de Estados Unidos para los viajes no esenciales a trav\u00e9s de las fronteras de Canad\u00e1 y M\u00e9xico se ampliar\u00e1n hasta el 21 de diciembre por causa de la COVID-19, inform\u00f3 hoy el secretario interino de Seguridad Nacional, Chad Wolf.<\/span><\/p>\n<\/p>\n<p><span class=\"text1noticias\">   \u00abCon el prop\u00f3sito de seguir evitando la propagaci\u00f3n de la COVID, Estados Unidos, M\u00e9xico y Canad\u00e1 ampliar\u00e1n hasta el 21 de diciembre las restricciones para los viajes no esenciales. Estamos trabajando de cerca con M\u00e9xico y Canad\u00e1 para mantener abiertos los viajes y el comercio esenciales a la vez que protegemos a nuestros ciudadanos del virus\u00bb, dijo Wolf en Twitter.<\/span><\/p>\n<\/p>\n<p><span class=\"text1noticias\">   Las restricciones fronterizas se impusieron el 21 de marzo. <\/span><\/p>\n<\/p>\n<p><span class=\"text1noticias\">   En Estados Unidos se han confirmado m\u00e1s de 11,6 millones de casos de COVID-19 y m\u00e1s de 251.000 defunciones, de acuerdo con el conteo de la Universidad Johns Hopkin<\/span>s.<\/p>\n<h6> 2020-11-19 21:21:36 <\/h6>\n<p><!--\n<link rel=\"stylesheet\" href=\"css\/bootstrap.min.css\">\n\n\n<ul class=\"pagination\">\n\t    \n\t\n\n<li >\n\t<a href='?page_no=80'>Previous<\/a>\n\t<\/li>\n\n\n       \n    \n\n<li><a href='?page_no=1'>1<\/a><\/li>\n\n\n\n<li><a href='?page_no=2'>2<\/a><\/li>\n\n\n\n<li><a>...<\/a><\/li>\n\n\n\n<li><a href='?page_no=79'>79<\/a><\/li>\n\n\n\n<li><a href='?page_no=80'>80<\/a><\/li>\n\n\n\n<li class='active'><a>81<\/a><\/li>\n\n\n\n<li><a href='?page_no=82'>82<\/a><\/li>\n\n\n\n<li><a href='?page_no=83'>83<\/a><\/li>\n\n\n\n<li><a>...<\/a><\/li>\n\n\n\n<li><a href='?page_no=51012'>51012<\/a><\/li>\n\n\n\n<li><a href='?page_no=51013'>51013<\/a><\/li>\n\n    \n\t\n\n<li >\n\t<a href='?page_no=82'>Next<\/a>\n\t<\/li>\n\n\n    \n\n<li><a href='?page_no=51013'>Last &rsaquo;&rsaquo;<\/a><\/li>\n\n<\/ul>\n\n\n--><br \/>\n<\/body><\/p>\n","protected":false},"excerpt":{"rendered":"<p>diariodominicano.com WASHINGTON, 19 nov (Xinhua) &#8212; Las restricciones de Estados Unidos para los viajes no esenciales a trav\u00e9s de las fronteras de Canad\u00e1 y M\u00e9xico se ampliar\u00e1n hasta el 21 de diciembre por causa de la COVID-19, inform\u00f3 hoy el secretario interino de Seguridad Nacional, Chad Wolf. \u00abCon el prop\u00f3sito de seguir evitando la propagaci\u00f3n [&hellip;]<\/p>\n","protected":false},"author":3,"featured_media":0,"comment_status":"open","ping_status":"open","sticky":false,"template":"","format":"standard","meta":{"footnotes":""},"categories":[23],"tags":[],"class_list":["post-243159","post","type-post","status-publish","format-standard","hentry","category-internacional"],"_links":{"self":[{"href":"https:\/\/diariodominicano.com\/index.php?rest_route=\/wp\/v2\/posts\/243159","targetHints":{"allow":["GET"]}}],"collection":[{"href":"https:\/\/diariodominicano.com\/index.php?rest_route=\/wp\/v2\/posts"}],"about":[{"href":"https:\/\/diariodominicano.com\/index.php?rest_route=\/wp\/v2\/types\/post"}],"author":[{"embeddable":true,"href":"https:\/\/diariodominicano.com\/index.php?rest_route=\/wp\/v2\/users\/3"}],"replies":[{"embeddable":true,"href":"https:\/\/diariodominicano.com\/index.php?rest_route=%2Fwp%2Fv2%2Fcomments&post=243159"}],"version-history":[{"count":0,"href":"https:\/\/diariodominicano.com\/index.php?rest_route=\/wp\/v2\/posts\/243159\/revisions"}],"wp:attachment":[{"href":"https:\/\/diariodominicano.com\/index.php?rest_route=%2Fwp%2Fv2%2Fmedia&parent=243159"}],"wp:term":[{"taxonomy":"category","embeddable":true,"href":"https:\/\/diariodominicano.com\/index.php?rest_route=%2Fwp%2Fv2%2Fcategories&post=243159"},{"taxonomy":"post_tag","embeddable":true,"href":"https:\/\/diariodominicano.com\/index.php?rest_route=%2Fwp%2Fv2%2Ftags&post=243159"}],"curies":[{"name":"wp","href":"https:\/\/api.w.org\/{rel}","templated":true}]}}