{"id":242936,"date":"2020-11-20T10:39:08","date_gmt":"2020-11-20T10:39:08","guid":{"rendered":"http:\/\/diariodominicano.ddns.net\/?p=242936"},"modified":"2020-11-20T10:39:08","modified_gmt":"2020-11-20T10:39:08","slug":"la-cee-no-aceptara-que-el-estado-se-apropie-de-la-educacion-porque-los-protagonistas-son-las-familias","status":"publish","type":"post","link":"https:\/\/diariodominicano.com\/?p=242936","title":{"rendered":"&#13;La CEE no aceptar\u00e1 que el Estado se apropie de la educaci\u00f3n porque los protagonistas son las familias"},"content":{"rendered":"<p><body><\/p>\n<p><img decoding=\"async\" src=\"img3\/Educacion-Es2011-20.jpg\" \/>  <\/p>\n<p><span class=\"text1noticias\"> <\/span><\/p>\n<p><span class=\"text1noticias\"> Redacci\u00f3n ACI Prensa<\/span><\/p>\n<p><span class=\"text1noticias\">Vaticano, 20 de noviembre de 2020.- El portavoz de la Conferencia Episcopal Espa\u00f1ola (CEE), Mons. Luis Arg\u00fcello asegur\u00f3 que apuesta por conseguir un pacto educativo tras la primera aprobaci\u00f3n de la reforma de la ley de educaci\u00f3n en Espa\u00f1a, pero asegur\u00f3 que la redacci\u00f3n actual de la ley \u00abfuerza bastante la interpretaci\u00f3n constitucional\u00bb del art\u00edculo 27, que reconoce el derecho de los padres a educar a sus hijos seg\u00fan sus convicciones, y que no dudar\u00e1 de unirse a cualquier demanda de inconstitucionalidad si no se cambian esos aspectos de la ley. <\/span><\/p>\n<p><span class=\"text1noticias\"> <\/span><\/p>\n<p><span class=\"text1noticias\">La Conferencia Episcopal Espa\u00f1ola clausur\u00f3 hoy su Asamblea Plenaria y entre los temas que han tratado estaba la reforma de la ley de educaci\u00f3n, tambi\u00e9n conocida como Ley Cela\u00e1 que fue aprobada en primer t\u00e9rmino el pasado 19 de noviembre el Congreso de los Diputados y que continuar\u00e1 su tr\u00e1mite parlamentario en el Senado, donde previsiblemente recibir\u00e1 algunas enmiendas, antes de volver al Congreso para su aprobaci\u00f3n definitiva.<\/span><\/p>\n<p><span class=\"text1noticias\"> <\/span><\/p>\n<p><span class=\"text1noticias\">La CEE lament\u00f3 que \u00abse haya procedido a la tramitaci\u00f3n de esta ley a pesar de las dif\u00edciles circunstancias causadas por la pandemia y con unos ritmos extremadamente acelerados\u00bb, lo que ha impedido \u00abla participaci\u00f3n adecuada de toda la comunidad educativa y de los diferentes sujetos sociales\u00bb.<\/span><\/p>\n<p><span class=\"text1noticias\"> <\/span><\/p>\n<p><span class=\"text1noticias\">Los Obispos de Espa\u00f1a insistieron tambi\u00e9n en que los protagonistas de la educaci\u00f3n de los hijos son las familias y por eso subrayaron que \u00abno ser\u00eda aceptable que el Estado pretendiera apropiarse de este protagonismo\u00bb identificando el car\u00e1cter p\u00fablico de la ense\u00f1anza con su dimensi\u00f3n organizativa de car\u00e1cter estatal\u00bb y por eso pidieron tambi\u00e9n que la LOMLOE \u00abofrezca una mayor protecci\u00f3n del derecho a la educaci\u00f3n y la libertad de ense\u00f1anza\u00bb, algo que se recoge en el art\u00edculo 27 de la Constituci\u00f3n espa\u00f1ola.<\/span><\/p>\n<p><span class=\"text1noticias\"> <\/span><\/p>\n<p><span class=\"text1noticias\">Recurso de inconstitucionalidad<\/span><\/p>\n<p><span class=\"text1noticias\"> <\/span><\/p>\n<p><span class=\"text1noticias\">\u00abNos preocupa que esta ley introduzca limitaciones a estos derechos y libertades y, en primer lugar, al ejercicio de la responsabilidad de los padres en la educaci\u00f3n de los hijos\u00bb, aseguraron y mostraron su apoyo las familias y plataformas que se han movilizado en la defensa de estos derechos, y particularmente de los referidos a los alumnos con necesidades especiales.<\/span><\/p>\n<p><span class=\"text1noticias\"> <\/span><\/p>\n<p><span class=\"text1noticias\">En la rueda de prensa de clausura de la Asamblea Plenaria, Mons. Arg\u00fcello asegur\u00f3 que hasta que la ley no se aprueba de manera definitiva, desde la CEE seguir\u00e1n haciendo \u00abun llamamiento al di\u00e1logo, al pacto y al encuentro\u00bb pero subray\u00f3 tambi\u00e9n que est\u00e1n dispuestos a \u00abapoyar cualquier demanda que pudiera presentarse de anticonstitucionalidad\u00bb, si es que la redacci\u00f3n final mantiene los aspectos inconstitucionales que actualmente presenta. <\/span><\/p>\n<p><span class=\"text1noticias\"> <\/span><\/p>\n<p><span class=\"text1noticias\">En ese sentido destac\u00f3 que la LOMLOE deber\u00eda recoger el criterio de \u00abdemanda social\u00bb en todas las etapas del proceso educativo, como \u00ablibertad de creaci\u00f3n de centros escolares, libertad de elecci\u00f3n de centro y propuesta educativa, trato en igualdad de condiciones a los diversos tipos de centro, para lo cual es necesaria la gratuidad de la ense\u00f1anza sin discriminaciones\u00bb.<\/span><\/p>\n<p><span class=\"text1noticias\"> <\/span><\/p>\n<p><span class=\"text1noticias\">Y lament\u00f3 \u00abprofundamente\u00bb todos los obst\u00e1culos y trabas que se quieren imponer a la acci\u00f3n de las instituciones cat\u00f3licas concertadas y destacaron que \u00abno es el momento de enfrentar entidades e instituciones educativas, sino de trabajar conjuntamente\u00bb.<\/span><\/p>\n<p><span class=\"text1noticias\"> <\/span><\/p>\n<p><span class=\"text1noticias\">Sin respuesta del Ministerio de Educaci\u00f3n<\/span><\/p>\n<p><span class=\"text1noticias\"> <\/span><\/p>\n<p><span class=\"text1noticias\">La Comisi\u00f3n de Educaci\u00f3n de la CEE se reuni\u00f3 hace algunos meses con el Ministerio de Educaci\u00f3n para realizar una serie de propuestas al respecto, como que la ense\u00f1anza religiosa escolar quedara integrada en un \u00e1rea de conocimiento com\u00fan transversal para todos los alumnos, en un modo que no genere para nadie agravios comparativos.<\/span><\/p>\n<p><span class=\"text1noticias\"> <\/span><\/p>\n<p><span class=\"text1noticias\">\u00abLamentablemente la propuesta hecha por la CEE no ha recibido respuesta por parte del Ministerio. De hecho, el texto legislativo aprobado suprime el valor acad\u00e9mico de la evaluaci\u00f3n de la asignatura de Religi\u00f3n, y deja a los alumnos que no cursen esta asignatura sin una formaci\u00f3n con contenido escolar\u00bb, aseguraron.<\/span><\/p>\n<p><span class=\"text1noticias\"> <\/span><\/p>\n<p><span class=\"text1noticias\">Mons. Arg\u00fcello tambi\u00e9n destac\u00f3 que desde la CEE les preocupa la ley de educaci\u00f3n pero \u00abno s\u00f3lo por la clase de religi\u00f3n o la escuela concertada, sino por lo que significa la educaci\u00f3n en la sociedad\u00bb.<\/span><\/p>\n<p><span class=\"text1noticias\"> <\/span><\/p>\n<p><span class=\"text1noticias\">La propuesta realizada por la CEE al Ministerio de Educaci\u00f3n \u00abdesgraciadamente no ha sido contestada, ni estudiada conjuntamente\u00bb.<\/span><\/p>\n<p><span class=\"text1noticias\"> <\/span><\/p>\n<p><span class=\"text1noticias\">E insisti\u00f3 de nuevo en que no quiere perder la esperanza, \u00abporque sabemos que una ley educativa tiene decretos que la desarrolla\u00bb. <\/span><\/p>\n<p><span class=\"text1noticias\"> <\/span><\/p>\n<p><span class=\"text1noticias\">\u00abTendemos la mano a un pacto educativo de acci\u00f3n conjunta, un deseo de colaborar, pero dejando claro que la sociedad espa\u00f1ola, a trav\u00e9s de las familia y la escuela concertada y de la presencia de la Iglesia en la clase de religi\u00f3n, ha de defender sus derechos lo har\u00e1 acudiendo a la Constituci\u00f3n, como pacto de encuentro, en el art\u00edculo 27\u00bb.<\/span><\/p>\n<p><span class=\"text1noticias\"> <\/span><\/p>\n<p><span class=\"text1noticias\">\u00abSi no es as\u00ed , no cabe duda que la Constituci\u00f3n habr\u00e1 de venir en ayuda de estos sectores de la sociedad espa\u00f1ola que se consideran excluidos o ninguneados, en esta ley\u00bb, apunt\u00f3.<\/span><\/p>\n<p><span class=\"text1noticias\"> <\/span><\/p>\n<p><span class=\"text1noticias\">Adem\u00e1s destac\u00f3 que \u00abse habla de una asignatura o una escuela confesional, pero otras propuestas ideol\u00f3gicas tambi\u00e9n son confesionales, la propia LOMLOE es confesional en la manera de entender la educaci\u00f3n, en la perspectiva ideol\u00f3gica que tiene detr\u00e1s, en el modo de entender lo publico identificado con lo estatal.. Por eso es muy importante ofrecer un \u00e1mbito un encuentro de estas diversidades, ofreciendo un marco com\u00fan y entendiendo este desarrollo integral y moral\u00bb y por eso rechaz\u00f3 que se descalifique a la asignatura de Religi\u00f3n asegurando que e<\/span>s \u00abadoctrinamiento\u00bb.<\/p>\n<h6> 2020-11-20 10:39:08 <\/h6>\n<p><!--\n<link rel=\"stylesheet\" href=\"css\/bootstrap.min.css\">\n\n\n<ul class=\"pagination\">\n\t    \n\t\n\n<li >\n\t<a href='?page_no=78'>Previous<\/a>\n\t<\/li>\n\n\n       \n    \n\n<li><a href='?page_no=1'>1<\/a><\/li>\n\n\n\n<li><a href='?page_no=2'>2<\/a><\/li>\n\n\n\n<li><a>...<\/a><\/li>\n\n\n\n<li><a href='?page_no=77'>77<\/a><\/li>\n\n\n\n<li><a href='?page_no=78'>78<\/a><\/li>\n\n\n\n<li class='active'><a>79<\/a><\/li>\n\n\n\n<li><a href='?page_no=80'>80<\/a><\/li>\n\n\n\n<li><a href='?page_no=81'>81<\/a><\/li>\n\n\n\n<li><a>...<\/a><\/li>\n\n\n\n<li><a href='?page_no=51012'>51012<\/a><\/li>\n\n\n\n<li><a href='?page_no=51013'>51013<\/a><\/li>\n\n    \n\t\n\n<li >\n\t<a href='?page_no=80'>Next<\/a>\n\t<\/li>\n\n\n    \n\n<li><a href='?page_no=51013'>Last &rsaquo;&rsaquo;<\/a><\/li>\n\n<\/ul>\n\n\n--><br \/>\n<\/body><\/p>\n","protected":false},"excerpt":{"rendered":"<p>Redacci\u00f3n ACI Prensa Vaticano, 20 de noviembre de 2020.- El portavoz de la Conferencia Episcopal Espa\u00f1ola (CEE), Mons. Luis Arg\u00fcello asegur\u00f3 que apuesta por conseguir un pacto educativo tras la primera aprobaci\u00f3n de la reforma de la ley de educaci\u00f3n en Espa\u00f1a, pero asegur\u00f3 que la redacci\u00f3n actual de la ley \u00abfuerza bastante la interpretaci\u00f3n [&hellip;]<\/p>\n","protected":false},"author":3,"featured_media":0,"comment_status":"open","ping_status":"open","sticky":false,"template":"","format":"standard","meta":{"footnotes":""},"categories":[23],"tags":[],"class_list":["post-242936","post","type-post","status-publish","format-standard","hentry","category-internacional"],"_links":{"self":[{"href":"https:\/\/diariodominicano.com\/index.php?rest_route=\/wp\/v2\/posts\/242936","targetHints":{"allow":["GET"]}}],"collection":[{"href":"https:\/\/diariodominicano.com\/index.php?rest_route=\/wp\/v2\/posts"}],"about":[{"href":"https:\/\/diariodominicano.com\/index.php?rest_route=\/wp\/v2\/types\/post"}],"author":[{"embeddable":true,"href":"https:\/\/diariodominicano.com\/index.php?rest_route=\/wp\/v2\/users\/3"}],"replies":[{"embeddable":true,"href":"https:\/\/diariodominicano.com\/index.php?rest_route=%2Fwp%2Fv2%2Fcomments&post=242936"}],"version-history":[{"count":0,"href":"https:\/\/diariodominicano.com\/index.php?rest_route=\/wp\/v2\/posts\/242936\/revisions"}],"wp:attachment":[{"href":"https:\/\/diariodominicano.com\/index.php?rest_route=%2Fwp%2Fv2%2Fmedia&parent=242936"}],"wp:term":[{"taxonomy":"category","embeddable":true,"href":"https:\/\/diariodominicano.com\/index.php?rest_route=%2Fwp%2Fv2%2Fcategories&post=242936"},{"taxonomy":"post_tag","embeddable":true,"href":"https:\/\/diariodominicano.com\/index.php?rest_route=%2Fwp%2Fv2%2Ftags&post=242936"}],"curies":[{"name":"wp","href":"https:\/\/api.w.org\/{rel}","templated":true}]}}