{"id":242825,"date":"2020-11-20T11:40:40","date_gmt":"2020-11-20T11:40:40","guid":{"rendered":"http:\/\/diariodominicano.ddns.net\/?p=242825"},"modified":"2020-11-20T11:40:40","modified_gmt":"2020-11-20T11:40:40","slug":"china-ratifica-que-caso-de-meng-wanzhou-continua-siendo-politico-pese-a-intentos-de-canada-de-encubrir-los-hechos","status":"publish","type":"post","link":"https:\/\/diariodominicano.com\/?p=242825","title":{"rendered":"China ratifica que caso de Meng Wanzhou contin\u00faa siendo pol\u00edtico, pese a intentos de Canad\u00e1 de encubrir los hechos"},"content":{"rendered":"<p><body><\/p>\n<p><img decoding=\"async\" src=\"img3\/chinaMeng Wanzhou20-11-20.jpg\" \/>  <\/p>\n<p><span class=\"text1noticias\"> <\/span>diariodominicano.com<\/p>\n<p><span class=\"text1noticias\"> <\/span><\/p>\n<p><span class=\"text1noticias\">BEIJING, 20 nov (Xinhua) &#8212; China reiter\u00f3 hoy viernes que se mantiene la naturaleza pol\u00edtica del caso de Meng Wanzhou, as\u00ed como el vergonzoso papel de c\u00f3mplice de Canad\u00e1, a pesar de los intentos del Gobierno de ese pa\u00eds de encubrir los hechos y enga\u00f1ar al p\u00fablico.<\/span><\/p>\n<p><span class=\"text1noticias\"> <\/span><\/p>\n<p><span class=\"text1noticias\">El portavoz del Ministerio de Relaciones Exteriores de China, Zhao Lijian, hizo estas declaraciones cuando se le pidi\u00f3 que comentara una declaraci\u00f3n del primer ministro canadiense, Justin Trudeau, respecto a si lamentaba el arresto en 2018 de la directora financiera de Huawei, Meng Wanzhou.<\/span><\/p>\n<p><span class=\"text1noticias\"> <\/span><\/p>\n<p><span class=\"text1noticias\">Meng fue detenida en diciembre de 2018 en Vancouver, tras una solicitud de extradici\u00f3n de Estados Unidos.<\/span><\/p>\n<p><span class=\"text1noticias\"> <\/span><\/p>\n<p><span class=\"text1noticias\">\u00ab\u00bfLamento que Canad\u00e1 haya cumplido sus leyes? \u00bfLamento que Canad\u00e1 cumpliera con un tratado de extradici\u00f3n de larga data con nuestro aliado m\u00e1s cercano? Absolutamente no\u00bb, coment\u00f3 ayer jueves Trudeau durante el Di\u00e1logo con CEO del Foro de Cooperaci\u00f3n Econ\u00f3mica Asia-Pac\u00edfico (APEC, siglas en ingl\u00e9s).<\/span><\/p>\n<p><span class=\"text1noticias\"> <\/span><\/p>\n<p><span class=\"text1noticias\">\u00ab\u00bfPor qu\u00e9 Canad\u00e1 es el \u00fanico pa\u00eds que &#8216;cumpli\u00f3&#8217; con el tratado de extradici\u00f3n con Estados Unidos en este asunto? \u00bfPor qu\u00e9 otros aliados de Estados Unidos no cumplen con sus obligaciones?\u00bb, se pregunt\u00f3 Zhao en la rueda de prensa diaria.<\/span><\/p>\n<p><span class=\"text1noticias\"> <\/span><\/p>\n<p><span class=\"text1noticias\">\u00abEs porque no quieren involucrarse en esta sucia intriga estadounidense y no quieren satisfacer los intereses de ese pa\u00eds a expensas de su propia gente\u00bb, asegur\u00f3.<\/span><\/p>\n<p><span class=\"text1noticias\"> <\/span><\/p>\n<p><span class=\"text1noticias\">La posici\u00f3n de China sobre el caso de Meng Wanzhou ha sido coherente y clara, refiri\u00f3 el vocero.<\/span><\/p>\n<p><span class=\"text1noticias\"> <\/span><\/p>\n<p><span class=\"text1noticias\">Como demuestran los hechos revelados y la multitud de aspectos cuestionables, se mantiene la naturaleza pol\u00edtica del caso sin importar c\u00f3mo el gobierno canadiense se esfuerce por encubrir los hechos y enga\u00f1ar al p\u00fablico, puntualiz\u00f3.<\/span><\/p>\n<p><span class=\"text1noticias\"> <\/span><\/p>\n<p><span class=\"text1noticias\">\u00abHemos notado que cada vez m\u00e1s personas l\u00facidas en Canad\u00e1, incluidos pol\u00edticos, abogados, jueces y exdiplom\u00e1ticos, han exigido abiertamente que el Gobierno canadiense tome una decisi\u00f3n independiente y libere a Meng Wanzhou\u00bb, sostuvo Zhao, instando a los l\u00edderes canadienses a prestar atenci\u00f3n a estas voces de l<\/span>a justicia.<\/p>\n<\/p>\n<p><span class=\"text1noticias\">(Multimedia) <\/span><\/p>\n<p><span class=\"text1noticias\">Periodistas esperan fuera de la residencia de Meng Wanzhou, directora de finanzas de la empresa china Huawei, en Vancouver, Canad\u00e1, el 20 de enero de 2020. (Xinhua\/Harrison Ha)<\/span><\/p>\n<h6> 2020-11-20 11:40:40 <\/h6>\n<p><!--\n<link rel=\"stylesheet\" href=\"css\/bootstrap.min.css\">\n\n\n<ul class=\"pagination\">\n\t    \n\t\n\n<li >\n\t<a href='?page_no=77'>Previous<\/a>\n\t<\/li>\n\n\n       \n    \n\n<li><a href='?page_no=1'>1<\/a><\/li>\n\n\n\n<li><a href='?page_no=2'>2<\/a><\/li>\n\n\n\n<li><a>...<\/a><\/li>\n\n\n\n<li><a href='?page_no=76'>76<\/a><\/li>\n\n\n\n<li><a href='?page_no=77'>77<\/a><\/li>\n\n\n\n<li class='active'><a>78<\/a><\/li>\n\n\n\n<li><a href='?page_no=79'>79<\/a><\/li>\n\n\n\n<li><a href='?page_no=80'>80<\/a><\/li>\n\n\n\n<li><a>...<\/a><\/li>\n\n\n\n<li><a href='?page_no=51012'>51012<\/a><\/li>\n\n\n\n<li><a href='?page_no=51013'>51013<\/a><\/li>\n\n    \n\t\n\n<li >\n\t<a href='?page_no=79'>Next<\/a>\n\t<\/li>\n\n\n    \n\n<li><a href='?page_no=51013'>Last &rsaquo;&rsaquo;<\/a><\/li>\n\n<\/ul>\n\n\n--><br \/>\n<\/body><\/p>\n","protected":false},"excerpt":{"rendered":"<p>diariodominicano.com BEIJING, 20 nov (Xinhua) &#8212; China reiter\u00f3 hoy viernes que se mantiene la naturaleza pol\u00edtica del caso de Meng Wanzhou, as\u00ed como el vergonzoso papel de c\u00f3mplice de Canad\u00e1, a pesar de los intentos del Gobierno de ese pa\u00eds de encubrir los hechos y enga\u00f1ar al p\u00fablico. El portavoz del Ministerio de Relaciones Exteriores [&hellip;]<\/p>\n","protected":false},"author":3,"featured_media":0,"comment_status":"open","ping_status":"open","sticky":false,"template":"","format":"standard","meta":{"footnotes":""},"categories":[23],"tags":[],"class_list":["post-242825","post","type-post","status-publish","format-standard","hentry","category-internacional"],"_links":{"self":[{"href":"https:\/\/diariodominicano.com\/index.php?rest_route=\/wp\/v2\/posts\/242825","targetHints":{"allow":["GET"]}}],"collection":[{"href":"https:\/\/diariodominicano.com\/index.php?rest_route=\/wp\/v2\/posts"}],"about":[{"href":"https:\/\/diariodominicano.com\/index.php?rest_route=\/wp\/v2\/types\/post"}],"author":[{"embeddable":true,"href":"https:\/\/diariodominicano.com\/index.php?rest_route=\/wp\/v2\/users\/3"}],"replies":[{"embeddable":true,"href":"https:\/\/diariodominicano.com\/index.php?rest_route=%2Fwp%2Fv2%2Fcomments&post=242825"}],"version-history":[{"count":0,"href":"https:\/\/diariodominicano.com\/index.php?rest_route=\/wp\/v2\/posts\/242825\/revisions"}],"wp:attachment":[{"href":"https:\/\/diariodominicano.com\/index.php?rest_route=%2Fwp%2Fv2%2Fmedia&parent=242825"}],"wp:term":[{"taxonomy":"category","embeddable":true,"href":"https:\/\/diariodominicano.com\/index.php?rest_route=%2Fwp%2Fv2%2Fcategories&post=242825"},{"taxonomy":"post_tag","embeddable":true,"href":"https:\/\/diariodominicano.com\/index.php?rest_route=%2Fwp%2Fv2%2Ftags&post=242825"}],"curies":[{"name":"wp","href":"https:\/\/api.w.org\/{rel}","templated":true}]}}