{"id":242714,"date":"2020-11-20T13:26:21","date_gmt":"2020-11-20T13:26:21","guid":{"rendered":"http:\/\/diariodominicano.ddns.net\/?p=242714"},"modified":"2020-11-20T13:26:21","modified_gmt":"2020-11-20T13:26:21","slug":"ue-pide-cautela-a-la-hora-de-levantar-restricciones-ante-segunda-ola-de-covid-19","status":"publish","type":"post","link":"https:\/\/diariodominicano.com\/?p=242714","title":{"rendered":"UE pide cautela a la hora de levantar restricciones ante segunda ola de COVID-19"},"content":{"rendered":"<p><body><\/p>\n<p><img decoding=\"async\" src=\"img3\/UnionEurpea20-11-20.jpg\" \/>  <\/p>\n<p><span class=\"text1noticias\">diariodominicano.com<\/span><\/p>\n<p><span class=\"text1noticias\">BRUSELAS, 20 nov (Xinhua) &#8212; Los principales dirigentes de la Uni\u00f3n Europea (UE) subrayaron la necesidad de ser m\u00e1s prudentes a la hora de levantar las restricciones ante la segunda ola de contagios de COVID-19.<\/span><\/p>\n<p><span class=\"text1noticias\"> <\/span><\/p>\n<p><span class=\"text1noticias\">\u00abDebemos aprender las lecciones del pasado y ser cautelosos a la hora de levantar las restricciones\u00bb, dijo el jueves en una rueda de prensa el presidente del Consejo Europeo, Charles Michel, tras la videoconferencia regular de l\u00edderes de la UE.<\/span><\/p>\n<p><span class=\"text1noticias\"> <\/span><\/p>\n<p><span class=\"text1noticias\">Levantar las restricciones, dijo, debe hacerse de forma \u00abgradual y regresiva\u00bb.<\/span><\/p>\n<p><span class=\"text1noticias\"> <\/span><\/p>\n<p><span class=\"text1noticias\">Entre tanto, la presidenta de la Comisi\u00f3n Europea, Ursula von der Leyen, remarc\u00f3 la importancia de gestionar las expectativas. El \u00abimpacto de levantar las medidas de manera demasiado apresurada ha tenido un impacto muy negativo en la situaci\u00f3n epidemiol\u00f3gica en verano y oto\u00f1o\u00bb, alert\u00f3.<\/span><\/p>\n<p><span class=\"text1noticias\"> <\/span><\/p>\n<p><span class=\"text1noticias\">Explic\u00f3 que se propondr\u00e1 \u00abuna estrategia gradual y coordinada para levantar las medidas de contenci\u00f3n\u00bb y a\u00f1adi\u00f3 que es muy importante evitar una nueva ola.<\/span><\/p>\n<p><span class=\"text1noticias\"> <\/span><\/p>\n<p><span class=\"text1noticias\">Los l\u00edderes de la UE celebraron el jueves una videoconferencia regular para coordinar acciones contra la pandemia. Adem\u00e1s de levantar las restricciones, se discutieron tambi\u00e9n medidas como elaborar una estrategia com\u00fan en cuanto al uso de pruebas de ant\u00edgenos y <\/span>vacunas.<\/p>\n<\/p>\n<p><span class=\"text1noticias\">(Multimedia)  <\/span><\/p>\n<p><span class=\"text1noticias\">Una mujer porta una mascarilla mientras camina frente a un restaurante cerrado en Par\u00eds, Francia, el 18 de noviembre de 2020. (Xinhua\/Gao Jing)<\/span><\/p>\n<p><span class=\"text1noticias\"> <\/span><\/p>\n<h6> 2020-11-20 13:26:21 <\/h6>\n<p><!--\n<link rel=\"stylesheet\" href=\"css\/bootstrap.min.css\">\n\n\n<ul class=\"pagination\">\n\t    \n\t\n\n<li >\n\t<a href='?page_no=76'>Previous<\/a>\n\t<\/li>\n\n\n       \n    \n\n<li><a href='?page_no=1'>1<\/a><\/li>\n\n\n\n<li><a href='?page_no=2'>2<\/a><\/li>\n\n\n\n<li><a>...<\/a><\/li>\n\n\n\n<li><a href='?page_no=75'>75<\/a><\/li>\n\n\n\n<li><a href='?page_no=76'>76<\/a><\/li>\n\n\n\n<li class='active'><a>77<\/a><\/li>\n\n\n\n<li><a href='?page_no=78'>78<\/a><\/li>\n\n\n\n<li><a href='?page_no=79'>79<\/a><\/li>\n\n\n\n<li><a>...<\/a><\/li>\n\n\n\n<li><a href='?page_no=51012'>51012<\/a><\/li>\n\n\n\n<li><a href='?page_no=51013'>51013<\/a><\/li>\n\n    \n\t\n\n<li >\n\t<a href='?page_no=78'>Next<\/a>\n\t<\/li>\n\n\n    \n\n<li><a href='?page_no=51013'>Last &rsaquo;&rsaquo;<\/a><\/li>\n\n<\/ul>\n\n\n--><br \/>\n<\/body><\/p>\n","protected":false},"excerpt":{"rendered":"<p>diariodominicano.com BRUSELAS, 20 nov (Xinhua) &#8212; Los principales dirigentes de la Uni\u00f3n Europea (UE) subrayaron la necesidad de ser m\u00e1s prudentes a la hora de levantar las restricciones ante la segunda ola de contagios de COVID-19. \u00abDebemos aprender las lecciones del pasado y ser cautelosos a la hora de levantar las restricciones\u00bb, dijo el jueves [&hellip;]<\/p>\n","protected":false},"author":3,"featured_media":0,"comment_status":"open","ping_status":"open","sticky":false,"template":"","format":"standard","meta":{"footnotes":""},"categories":[23],"tags":[],"class_list":["post-242714","post","type-post","status-publish","format-standard","hentry","category-internacional"],"_links":{"self":[{"href":"https:\/\/diariodominicano.com\/index.php?rest_route=\/wp\/v2\/posts\/242714","targetHints":{"allow":["GET"]}}],"collection":[{"href":"https:\/\/diariodominicano.com\/index.php?rest_route=\/wp\/v2\/posts"}],"about":[{"href":"https:\/\/diariodominicano.com\/index.php?rest_route=\/wp\/v2\/types\/post"}],"author":[{"embeddable":true,"href":"https:\/\/diariodominicano.com\/index.php?rest_route=\/wp\/v2\/users\/3"}],"replies":[{"embeddable":true,"href":"https:\/\/diariodominicano.com\/index.php?rest_route=%2Fwp%2Fv2%2Fcomments&post=242714"}],"version-history":[{"count":0,"href":"https:\/\/diariodominicano.com\/index.php?rest_route=\/wp\/v2\/posts\/242714\/revisions"}],"wp:attachment":[{"href":"https:\/\/diariodominicano.com\/index.php?rest_route=%2Fwp%2Fv2%2Fmedia&parent=242714"}],"wp:term":[{"taxonomy":"category","embeddable":true,"href":"https:\/\/diariodominicano.com\/index.php?rest_route=%2Fwp%2Fv2%2Fcategories&post=242714"},{"taxonomy":"post_tag","embeddable":true,"href":"https:\/\/diariodominicano.com\/index.php?rest_route=%2Fwp%2Fv2%2Ftags&post=242714"}],"curies":[{"name":"wp","href":"https:\/\/api.w.org\/{rel}","templated":true}]}}