{"id":242492,"date":"2020-11-20T14:22:51","date_gmt":"2020-11-20T14:22:51","guid":{"rendered":"http:\/\/diariodominicano.ddns.net\/?p=242492"},"modified":"2020-11-20T14:22:51","modified_gmt":"2020-11-20T14:22:51","slug":"iran-exhorta-a-francia-alemania-y-reino-unido-a-implementar-compromisos-estipulados-en-paic","status":"publish","type":"post","link":"https:\/\/diariodominicano.com\/?p=242492","title":{"rendered":"Ir\u00e1n exhorta a Francia, Alemania y Reino Unido a implementar compromisos estipulados en PAIC"},"content":{"rendered":"<p><body><\/p>\n<p><span class=\"text1noticias\"> diariodominicano.com <\/span><\/p>\n<\/p>\n<p><span class=\"text1noticias\">   TEHRAN, 20 nov (Xinhua) &#8212; El Ministerio de Relaciones Exteriores de Ir\u00e1n exhort\u00f3 hoy a Francia, Alemania y Reino Unido, los tres pa\u00edses europeos firmantes del acuerdo nuclear iran\u00ed de 2015, a que implementen sus compromisos para proteger los derechos nucleares de Ir\u00e1n incluidos en el pacto.<\/span><\/p>\n<\/p>\n<p><span class=\"text1noticias\">   Se espera que Francia, Alemania y Reino Unido, conocidos como E3 con referencia al acuerdo nuclear, detengan su juego pol\u00edtico de atribuci\u00f3n de culpas contra Ir\u00e1n y cumplan sus compromisos respecto al acuerdo multilateral, indic\u00f3 el portavoz del Ministerio de Relaciones Exteriores de Ir\u00e1n, Saeed Khatibzadeh.<\/span><\/p>\n<\/p>\n<p><span class=\"text1noticias\">   Los comentarios fueron hechos en respuesta a un reciente comunicado del E3 que exhorta a Ir\u00e1n a adherirse a sus obligaciones estipuladas en el Plan de Acci\u00f3n Integral Conjunto (PAIC) y el tratado de no proliferaci\u00f3n nuclear.<\/span><\/p>\n<\/p>\n<p><span class=\"text1noticias\">   \u00abLas actividades nucleares pac\u00edficas de la Rep\u00fablica Isl\u00e1mica han cumplido cabalmente con el derecho internacional, y son totalmente legales y leg\u00edtimas\u00bb, dijo Khatibzadeh.<\/span><\/p>\n<\/p>\n<p><span class=\"text1noticias\">   Ir\u00e1n ha reducido sus compromisos en el marco del PAIC en respuesta a la salida de Estados Unidos del acuerdo en 2018, a sus sanciones contra Ir\u00e1n y al \u00abfracaso\u00bb de Europa de cumplir sus obligaciones respecto a los derechos de Ir\u00e1n, explic\u00f3.<\/span><\/p>\n<\/p>\n<p><span class=\"text1noticias\">   El portavoz expres\u00f3 la disposici\u00f3n de Ir\u00e1n para retomar sus compromisos si las otras partes acatan sus respectivas obligaciones<\/span>. <\/p>\n<h6> 2020-11-20 14:22:51 <\/h6>\n<p><!--\n<link rel=\"stylesheet\" href=\"css\/bootstrap.min.css\">\n\n\n<ul class=\"pagination\">\n\t    \n\t\n\n<li >\n\t<a href='?page_no=74'>Previous<\/a>\n\t<\/li>\n\n\n       \n    \n\n<li><a href='?page_no=1'>1<\/a><\/li>\n\n\n\n<li><a href='?page_no=2'>2<\/a><\/li>\n\n\n\n<li><a>...<\/a><\/li>\n\n\n\n<li><a href='?page_no=73'>73<\/a><\/li>\n\n\n\n<li><a href='?page_no=74'>74<\/a><\/li>\n\n\n\n<li class='active'><a>75<\/a><\/li>\n\n\n\n<li><a href='?page_no=76'>76<\/a><\/li>\n\n\n\n<li><a href='?page_no=77'>77<\/a><\/li>\n\n\n\n<li><a>...<\/a><\/li>\n\n\n\n<li><a href='?page_no=51012'>51012<\/a><\/li>\n\n\n\n<li><a href='?page_no=51013'>51013<\/a><\/li>\n\n    \n\t\n\n<li >\n\t<a href='?page_no=76'>Next<\/a>\n\t<\/li>\n\n\n    \n\n<li><a href='?page_no=51013'>Last &rsaquo;&rsaquo;<\/a><\/li>\n\n<\/ul>\n\n\n--><br \/>\n<\/body><\/p>\n","protected":false},"excerpt":{"rendered":"<p>diariodominicano.com TEHRAN, 20 nov (Xinhua) &#8212; El Ministerio de Relaciones Exteriores de Ir\u00e1n exhort\u00f3 hoy a Francia, Alemania y Reino Unido, los tres pa\u00edses europeos firmantes del acuerdo nuclear iran\u00ed de 2015, a que implementen sus compromisos para proteger los derechos nucleares de Ir\u00e1n incluidos en el pacto. Se espera que Francia, Alemania y Reino [&hellip;]<\/p>\n","protected":false},"author":3,"featured_media":0,"comment_status":"open","ping_status":"open","sticky":false,"template":"","format":"standard","meta":{"footnotes":""},"categories":[23],"tags":[],"class_list":["post-242492","post","type-post","status-publish","format-standard","hentry","category-internacional"],"_links":{"self":[{"href":"https:\/\/diariodominicano.com\/index.php?rest_route=\/wp\/v2\/posts\/242492","targetHints":{"allow":["GET"]}}],"collection":[{"href":"https:\/\/diariodominicano.com\/index.php?rest_route=\/wp\/v2\/posts"}],"about":[{"href":"https:\/\/diariodominicano.com\/index.php?rest_route=\/wp\/v2\/types\/post"}],"author":[{"embeddable":true,"href":"https:\/\/diariodominicano.com\/index.php?rest_route=\/wp\/v2\/users\/3"}],"replies":[{"embeddable":true,"href":"https:\/\/diariodominicano.com\/index.php?rest_route=%2Fwp%2Fv2%2Fcomments&post=242492"}],"version-history":[{"count":0,"href":"https:\/\/diariodominicano.com\/index.php?rest_route=\/wp\/v2\/posts\/242492\/revisions"}],"wp:attachment":[{"href":"https:\/\/diariodominicano.com\/index.php?rest_route=%2Fwp%2Fv2%2Fmedia&parent=242492"}],"wp:term":[{"taxonomy":"category","embeddable":true,"href":"https:\/\/diariodominicano.com\/index.php?rest_route=%2Fwp%2Fv2%2Fcategories&post=242492"},{"taxonomy":"post_tag","embeddable":true,"href":"https:\/\/diariodominicano.com\/index.php?rest_route=%2Fwp%2Fv2%2Ftags&post=242492"}],"curies":[{"name":"wp","href":"https:\/\/api.w.org\/{rel}","templated":true}]}}