{"id":242381,"date":"2020-11-20T16:09:08","date_gmt":"2020-11-20T16:09:08","guid":{"rendered":"http:\/\/diariodominicano.ddns.net\/?p=242381"},"modified":"2020-11-20T16:09:08","modified_gmt":"2020-11-20T16:09:08","slug":"presidente-chileno-llama-a-cooperar-entre-economias-apec","status":"publish","type":"post","link":"https:\/\/diariodominicano.com\/?p=242381","title":{"rendered":"Presidente chileno llama a cooperar entre econom\u00edas APEC"},"content":{"rendered":"<p><body><\/p>\n<p><img decoding=\"async\" src=\"img3\/Pineira20-11-20.jpg\" \/>  <\/p>\n<p> diariodominicano.com<\/p>\n<\/p>\n<p><span class=\"text1noticias\">   SANTIAGO, 20 nov (Xinhua) &#8212; El presidente de Chile, Sebasti\u00e1n Pi\u00f1era, llam\u00f3 hoy viernes a cooperar entre las econom\u00edas del Foro de Cooperaci\u00f3n Econ\u00f3mica Asia-Pac\u00edfico (APEC) y a trabajar en estrecha colaboraci\u00f3n con las organizaciones internacionales, el sector privado y la sociedad civil.<\/span><\/p>\n<\/p>\n<p><span class=\"text1noticias\">   Durante su intervenci\u00f3n en la XXVII Reuni\u00f3n de L\u00edderes Econ\u00f3micos de APEC, presidida por Malasia y que por primera vez se celebra de manera virtual, Pi\u00f1era destac\u00f3 la importancia de enfrentar en conjunto la crisis sanitaria y social que atraviesa el mundo por la enfermedad del nuevo coronavirus (COVID-19), seg\u00fan un comunicado de la Presidencia chilena.<\/span><\/p>\n<\/p>\n<p><span class=\"text1noticias\">   El mandatario se\u00f1al\u00f3 la importancia de un sistema multilateral de comercio, reafirmando el respaldo de Chile para llevar a cabo las reformas necesarias de la Organizaci\u00f3n Mundial del Comercio (OMC).<\/span><\/p>\n<\/p>\n<p><span class=\"text1noticias\">   Manifest\u00f3 que \u00aben APEC no deben existir espacio para pol\u00edticas proteccionistas. No debe existir espacio para guerras comerciales\u00bb, y abog\u00f3 por la creaci\u00f3n de una verdadera zona de libre comercio en Asia-Pac\u00edfico.<\/span><\/p>\n<p><span class=\"text1noticias\">   Pi\u00f1era destac\u00f3 adem\u00e1s el trabajo que lider\u00f3 Chile en 2019 para fortalecer el comercio inclusivo con especial \u00e9nfasis en la igualdad de oportunidades para las mujeres.<\/span><\/p>\n<\/p>\n<p><span class=\"text1noticias\">   Repas\u00f3 tambi\u00e9n las medidas que ha tomado el gobierno chileno para enfrentar la crisis sanitaria, destacando el proceso de reapertura y la recuperaci\u00f3n de casi un tercio de los empleos perdidos con la pandemia.<\/span><\/p>\n<h6> 2020-11-20 16:09:08 <\/h6>\n<p><!--\n<link rel=\"stylesheet\" href=\"css\/bootstrap.min.css\">\n\n\n<ul class=\"pagination\">\n\t    \n\t\n\n<li >\n\t<a href='?page_no=73'>Previous<\/a>\n\t<\/li>\n\n\n       \n    \n\n<li><a href='?page_no=1'>1<\/a><\/li>\n\n\n\n<li><a href='?page_no=2'>2<\/a><\/li>\n\n\n\n<li><a>...<\/a><\/li>\n\n\n\n<li><a href='?page_no=72'>72<\/a><\/li>\n\n\n\n<li><a href='?page_no=73'>73<\/a><\/li>\n\n\n\n<li class='active'><a>74<\/a><\/li>\n\n\n\n<li><a href='?page_no=75'>75<\/a><\/li>\n\n\n\n<li><a href='?page_no=76'>76<\/a><\/li>\n\n\n\n<li><a>...<\/a><\/li>\n\n\n\n<li><a href='?page_no=51012'>51012<\/a><\/li>\n\n\n\n<li><a href='?page_no=51013'>51013<\/a><\/li>\n\n    \n\t\n\n<li >\n\t<a href='?page_no=75'>Next<\/a>\n\t<\/li>\n\n\n    \n\n<li><a href='?page_no=51013'>Last &rsaquo;&rsaquo;<\/a><\/li>\n\n<\/ul>\n\n\n--><br \/>\n<\/body><\/p>\n","protected":false},"excerpt":{"rendered":"<p>diariodominicano.com SANTIAGO, 20 nov (Xinhua) &#8212; El presidente de Chile, Sebasti\u00e1n Pi\u00f1era, llam\u00f3 hoy viernes a cooperar entre las econom\u00edas del Foro de Cooperaci\u00f3n Econ\u00f3mica Asia-Pac\u00edfico (APEC) y a trabajar en estrecha colaboraci\u00f3n con las organizaciones internacionales, el sector privado y la sociedad civil. Durante su intervenci\u00f3n en la XXVII Reuni\u00f3n de L\u00edderes Econ\u00f3micos de [&hellip;]<\/p>\n","protected":false},"author":3,"featured_media":0,"comment_status":"open","ping_status":"open","sticky":false,"template":"","format":"standard","meta":{"footnotes":""},"categories":[23],"tags":[],"class_list":["post-242381","post","type-post","status-publish","format-standard","hentry","category-internacional"],"_links":{"self":[{"href":"https:\/\/diariodominicano.com\/index.php?rest_route=\/wp\/v2\/posts\/242381","targetHints":{"allow":["GET"]}}],"collection":[{"href":"https:\/\/diariodominicano.com\/index.php?rest_route=\/wp\/v2\/posts"}],"about":[{"href":"https:\/\/diariodominicano.com\/index.php?rest_route=\/wp\/v2\/types\/post"}],"author":[{"embeddable":true,"href":"https:\/\/diariodominicano.com\/index.php?rest_route=\/wp\/v2\/users\/3"}],"replies":[{"embeddable":true,"href":"https:\/\/diariodominicano.com\/index.php?rest_route=%2Fwp%2Fv2%2Fcomments&post=242381"}],"version-history":[{"count":0,"href":"https:\/\/diariodominicano.com\/index.php?rest_route=\/wp\/v2\/posts\/242381\/revisions"}],"wp:attachment":[{"href":"https:\/\/diariodominicano.com\/index.php?rest_route=%2Fwp%2Fv2%2Fmedia&parent=242381"}],"wp:term":[{"taxonomy":"category","embeddable":true,"href":"https:\/\/diariodominicano.com\/index.php?rest_route=%2Fwp%2Fv2%2Fcategories&post=242381"},{"taxonomy":"post_tag","embeddable":true,"href":"https:\/\/diariodominicano.com\/index.php?rest_route=%2Fwp%2Fv2%2Ftags&post=242381"}],"curies":[{"name":"wp","href":"https:\/\/api.w.org\/{rel}","templated":true}]}}