{"id":242270,"date":"2020-11-21T01:03:58","date_gmt":"2020-11-21T01:03:58","guid":{"rendered":"http:\/\/diariodominicano.ddns.net\/?p=242270"},"modified":"2020-11-21T01:03:58","modified_gmt":"2020-11-21T01:03:58","slug":"hijo-mayor-de-trump-da-positivo-por-coronavirus","status":"publish","type":"post","link":"https:\/\/diariodominicano.com\/?p=242270","title":{"rendered":"Hijo mayor de Trump da positivo por coronavirus"},"content":{"rendered":"<p><body><\/p>\n<p><img decoding=\"async\" src=\"img3\/Trump Jr20-11-20.jpg\" \/>  <\/p>\n<p> diariodominicano.com<\/p>\n<\/p>\n<p><span class=\"text1noticias\">    WASHINGTON, 20 nov (Xinhua) &#8212; Donald Trump Jr., el hijo mayor del presidente estadounidense Donald Trump, dio positivo por coronavirus, informaron hoy medios locales.  <\/span><\/p>\n<\/p>\n<p><span class=\"text1noticias\">   \u00abDon dio positivo a inicios de esta semana y ha estado en cuarentena en su caba\u00f1a desde que recibi\u00f3 el resultado\u00bb, dijo un vocero de Trump Jr.<\/span><\/p>\n<\/p>\n<p><span class=\"text1noticias\">   \u00abHasta el momento ha estado completamente asintom\u00e1tico y est\u00e1 siguiendo todas las directrices m\u00e9dicas recomendadas para la COVID-19\u00bb, dijo el vocero.<\/span><\/p>\n<\/p>\n<p><span class=\"text1noticias\">   Trump Jr. es el segundo hijo del presidente en dar positivo por coronavirus despu\u00e9s del diagn\u00f3stico de Barron Trump, de 14 a\u00f1os de edad, a principios de octubre.<\/span><\/p>\n<\/p>\n<p><span class=\"text1noticias\">    El presidente y la primera dama Melania Trump tambi\u00e9n dieron positivo por COVID-19 el mes pasado. <\/span><\/p>\n<h6> 2020-11-21 01:03:58 <\/h6>\n<p><!--\n<link rel=\"stylesheet\" href=\"css\/bootstrap.min.css\">\n\n\n<ul class=\"pagination\">\n\t    \n\t\n\n<li >\n\t<a href='?page_no=72'>Previous<\/a>\n\t<\/li>\n\n\n       \n    \n\n<li><a href='?page_no=1'>1<\/a><\/li>\n\n\n\n<li><a href='?page_no=2'>2<\/a><\/li>\n\n\n\n<li><a>...<\/a><\/li>\n\n\n\n<li><a href='?page_no=71'>71<\/a><\/li>\n\n\n\n<li><a href='?page_no=72'>72<\/a><\/li>\n\n\n\n<li class='active'><a>73<\/a><\/li>\n\n\n\n<li><a href='?page_no=74'>74<\/a><\/li>\n\n\n\n<li><a href='?page_no=75'>75<\/a><\/li>\n\n\n\n<li><a>...<\/a><\/li>\n\n\n\n<li><a href='?page_no=51012'>51012<\/a><\/li>\n\n\n\n<li><a href='?page_no=51013'>51013<\/a><\/li>\n\n    \n\t\n\n<li >\n\t<a href='?page_no=74'>Next<\/a>\n\t<\/li>\n\n\n    \n\n<li><a href='?page_no=51013'>Last &rsaquo;&rsaquo;<\/a><\/li>\n\n<\/ul>\n\n\n--><br \/>\n<\/body><\/p>\n","protected":false},"excerpt":{"rendered":"<p>diariodominicano.com WASHINGTON, 20 nov (Xinhua) &#8212; Donald Trump Jr., el hijo mayor del presidente estadounidense Donald Trump, dio positivo por coronavirus, informaron hoy medios locales. \u00abDon dio positivo a inicios de esta semana y ha estado en cuarentena en su caba\u00f1a desde que recibi\u00f3 el resultado\u00bb, dijo un vocero de Trump Jr. \u00abHasta el momento [&hellip;]<\/p>\n","protected":false},"author":3,"featured_media":0,"comment_status":"open","ping_status":"open","sticky":false,"template":"","format":"standard","meta":{"footnotes":""},"categories":[23],"tags":[],"class_list":["post-242270","post","type-post","status-publish","format-standard","hentry","category-internacional"],"_links":{"self":[{"href":"https:\/\/diariodominicano.com\/index.php?rest_route=\/wp\/v2\/posts\/242270","targetHints":{"allow":["GET"]}}],"collection":[{"href":"https:\/\/diariodominicano.com\/index.php?rest_route=\/wp\/v2\/posts"}],"about":[{"href":"https:\/\/diariodominicano.com\/index.php?rest_route=\/wp\/v2\/types\/post"}],"author":[{"embeddable":true,"href":"https:\/\/diariodominicano.com\/index.php?rest_route=\/wp\/v2\/users\/3"}],"replies":[{"embeddable":true,"href":"https:\/\/diariodominicano.com\/index.php?rest_route=%2Fwp%2Fv2%2Fcomments&post=242270"}],"version-history":[{"count":0,"href":"https:\/\/diariodominicano.com\/index.php?rest_route=\/wp\/v2\/posts\/242270\/revisions"}],"wp:attachment":[{"href":"https:\/\/diariodominicano.com\/index.php?rest_route=%2Fwp%2Fv2%2Fmedia&parent=242270"}],"wp:term":[{"taxonomy":"category","embeddable":true,"href":"https:\/\/diariodominicano.com\/index.php?rest_route=%2Fwp%2Fv2%2Fcategories&post=242270"},{"taxonomy":"post_tag","embeddable":true,"href":"https:\/\/diariodominicano.com\/index.php?rest_route=%2Fwp%2Fv2%2Ftags&post=242270"}],"curies":[{"name":"wp","href":"https:\/\/api.w.org\/{rel}","templated":true}]}}