{"id":242159,"date":"2020-11-21T01:17:53","date_gmt":"2020-11-21T01:17:53","guid":{"rendered":"http:\/\/diariodominicano.ddns.net\/?p=242159"},"modified":"2020-11-21T01:17:53","modified_gmt":"2020-11-21T01:17:53","slug":"apec-debe-dinamizar-comercio-internacional-en-medio-de-pandemia-afirma-experto-peruano","status":"publish","type":"post","link":"https:\/\/diariodominicano.com\/?p=242159","title":{"rendered":"APEC debe dinamizar comercio internacional en medio de pandemia, afirma experto peruano"},"content":{"rendered":"<p><body><\/p>\n<p><img decoding=\"async\" src=\"img3\/Apecforo20-11-20.jpg\" \/>  <\/p>\n<p><span class=\"text1noticias\"> <\/span><\/p>\n<p><span class=\"text1noticias\">diariodominicano.com<\/span><\/p>\n<p><span class=\"text1noticias\">LIMA, 20 nov (Xinhua) &#8212; Las 21 econom\u00edas del Foro de Cooperaci\u00f3n Econ\u00f3mica Asia-Pac\u00edfico (APEC, por sus siglas en ingl\u00e9s) tienen como principal tarea dinamizar el comercio internacional en medio de la pandemia promoviendo el mayor n\u00famero de Tratados de Libre Comercio (TLC), dijo el experto peruano Miguel Rodr\u00edguez Mackay en entrevista con Xinhua.<\/span><\/p>\n<p><span class=\"text1noticias\"> <\/span><\/p>\n<p><span class=\"text1noticias\">Rodr\u00edguez convers\u00f3 con Xinhua para analizar la situaci\u00f3n del APEC en v\u00edsperas de la Reuni\u00f3n de L\u00edderes Econ\u00f3micos del Foro, que se celebr\u00f3 el 20 de noviembre por primera vez de manera virtual en el contexto de la pandemia de la COVID-19.<\/span><\/p>\n<p><span class=\"text1noticias\"> <\/span><\/p>\n<p><span class=\"text1noticias\">\u00abLa pandemia de COVID-19 ha impactado en la globalizaci\u00f3n, aunque no la ha acabado, s\u00ed ha podido atenuarla\u00bb, consider\u00f3 el experto, para quien en \u00ablas relaciones internacionales los Estados se vinculan de manera rec\u00edproca reconociendo el enorme valor de la interdependencia entre ellos y con otros actores visibles\u00bb.<\/span><\/p>\n<p><span class=\"text1noticias\"> <\/span><\/p>\n<p><span class=\"text1noticias\">Tras observar que los TLC son \u00abindispensables para alentar a la revitalizaci\u00f3n de la cuenca del Pac\u00edfico\u00bb, sostuvo que el APEC \u00abes un mecanismo para hacerlo realidad, dado que en este Foro se encuentran las 21 econom\u00edas m\u00e1s relevantes del globo\u00bb.<\/span><\/p>\n<p><span class=\"text1noticias\"> <\/span><\/p>\n<p><span class=\"text1noticias\">El presidente del Instituto Peruano de Derecho Internacional y Relaciones Internacionales (Ipediri) mencion\u00f3 que por esa raz\u00f3n ser\u00e1 sumamente alentador que la pol\u00edtica exterior de las econom\u00edas que integran el APEC \u00abse oriente al mayor acercamiento y estrechamiento de las vinculaciones comerciales\u00bb.<\/span><\/p>\n<p><span class=\"text1noticias\"> <\/span><\/p>\n<p><span class=\"text1noticias\">\u00abEsa tarea es doble. De un lado, los pa\u00edses de la regi\u00f3n de Am\u00e9rica Latina que son miembros de APEC, es decir, M\u00e9xico, Chile y Per\u00fa, y de otro lado, desde luego, las econom\u00edas m\u00e1s relevantes de APEC\u00bb, subray\u00f3 el acad\u00e9mico peruano.<\/span><\/p>\n<p><span class=\"text1noticias\"> <\/span><\/p>\n<p><span class=\"text1noticias\"> <\/span><\/p>\n<p><span class=\"text1noticias\"> <\/span><\/p>\n<p><span class=\"text1noticias\">Imagen del 11 de noviembre de 2020 de trabajadores levantando un contenedor en el puerto ferroviario internacional de Nanning, en Nanning, en la regi\u00f3n aut\u00f3noma de la etnia zhuang de Guangxi, en el sur de China. (Xinhua\/Lu Boan)<\/span><\/p>\n<p><span class=\"text1noticias\"> <\/span><\/p>\n<p><span class=\"text1noticias\">Al referirse al papel de China, que es una de las econom\u00edas del Foro, Rodr\u00edguez Mackay manifest\u00f3 que su empe\u00f1o en el comercio mundial se ha visto y se sigue viendo a pesar del impacto de la pandemia, por ejemplo, en la iniciativa de la Franja y la Ruta.<\/span><\/p>\n<p><span class=\"text1noticias\"> <\/span><\/p>\n<p><span class=\"text1noticias\">Para \u00e9l, esta propuesta del Gobierno chino \u00abes su externalizaci\u00f3n comercial, y es completamente leg\u00edtimo que as\u00ed lo haga\u00bb.<\/span><\/p>\n<p><span class=\"text1noticias\"> <\/span><\/p>\n<p><span class=\"text1noticias\">Evalu\u00f3 que la estrategia china ha sido multilateralizar sus vinculaciones y, en el marco de su rol de equilibrio y de ponderaci\u00f3n planetaria, se ha ganado un espacio muy importante, como eficaz y efectivo catalizador de las vinculaciones interestatales contra la pandemia.<\/span><\/p>\n<p><span class=\"text1noticias\"> <\/span><\/p>\n<p><span class=\"text1noticias\">El experto asegur\u00f3 que un ejemplo de intercambio comercial es el que registra actualmente China y Per\u00fa que, siendo econom\u00edas del APEC, evidencian \u00abuna de las mayores y m\u00e1s eficaces manifestaciones de la reciprocidad entre Estados, (con) la confianza para profundizar las vinculaciones\u00bb.<\/span><\/p>\n<p><span class=\"text1noticias\"> <\/span><\/p>\n<p><span class=\"text1noticias\">\u00abChina es sin\u00f3nimo de poder comercial mundial, que es lo que al Per\u00fa le conviene para estrechar sus estrategias, que nos permitan promover m\u00e1s al pa\u00eds en el mundo entero\u00bb, destac\u00f3 Rodr\u00edguez Mackay.<\/span><\/p>\n<p><span class=\"text1noticias\"> <\/span><\/p>\n<p><span class=\"text1noticias\">Concluy\u00f3, en ese sentido, que ambas econom\u00edas \u00abse necesitan mutuamente\u00bb, al igual que su cooperaci\u00f3n, para seguir estrechando sus vinculaciones, que es parte de \u00ablo esperado por sus autorida<\/span>des y sus pueblos\u00bb.<\/p>\n<\/p>\n<p><span class=\"text1noticias\">(Multimedia)  <\/span><\/p>\n<p><span class=\"text1noticias\">El presidente chino, Xi Jinping, y otros l\u00edderes y representantes de las econom\u00edas miembros del Foro de Cooperaci\u00f3n Econ\u00f3mica Asia-Pac\u00edfico (APEC) posan para una fotograf\u00eda grupal mientras lanzan la \u00abAPEC Putrajaya Visi\u00f3n 2040\u00bb a trav\u00e9s de un enlace de video, el 20 de noviembre de 2020.  (Xinhua\/Li Xiang)<\/span><\/p>\n<p><span class=\"text1noticias\"> <\/span><\/p>\n<h6> 2020-11-21 01:17:53 <\/h6>\n<p><!--\n<link rel=\"stylesheet\" href=\"css\/bootstrap.min.css\">\n\n\n<ul class=\"pagination\">\n\t    \n\t\n\n<li >\n\t<a href='?page_no=71'>Previous<\/a>\n\t<\/li>\n\n\n       \n    \n\n<li><a href='?page_no=1'>1<\/a><\/li>\n\n\n\n<li><a href='?page_no=2'>2<\/a><\/li>\n\n\n\n<li><a>...<\/a><\/li>\n\n\n\n<li><a href='?page_no=70'>70<\/a><\/li>\n\n\n\n<li><a href='?page_no=71'>71<\/a><\/li>\n\n\n\n<li class='active'><a>72<\/a><\/li>\n\n\n\n<li><a href='?page_no=73'>73<\/a><\/li>\n\n\n\n<li><a href='?page_no=74'>74<\/a><\/li>\n\n\n\n<li><a>...<\/a><\/li>\n\n\n\n<li><a href='?page_no=51012'>51012<\/a><\/li>\n\n\n\n<li><a href='?page_no=51013'>51013<\/a><\/li>\n\n    \n\t\n\n<li >\n\t<a href='?page_no=73'>Next<\/a>\n\t<\/li>\n\n\n    \n\n<li><a href='?page_no=51013'>Last &rsaquo;&rsaquo;<\/a><\/li>\n\n<\/ul>\n\n\n--><br \/>\n<\/body><\/p>\n","protected":false},"excerpt":{"rendered":"<p>diariodominicano.com LIMA, 20 nov (Xinhua) &#8212; Las 21 econom\u00edas del Foro de Cooperaci\u00f3n Econ\u00f3mica Asia-Pac\u00edfico (APEC, por sus siglas en ingl\u00e9s) tienen como principal tarea dinamizar el comercio internacional en medio de la pandemia promoviendo el mayor n\u00famero de Tratados de Libre Comercio (TLC), dijo el experto peruano Miguel Rodr\u00edguez Mackay en entrevista con Xinhua. [&hellip;]<\/p>\n","protected":false},"author":3,"featured_media":0,"comment_status":"open","ping_status":"open","sticky":false,"template":"","format":"standard","meta":{"footnotes":""},"categories":[23],"tags":[],"class_list":["post-242159","post","type-post","status-publish","format-standard","hentry","category-internacional"],"_links":{"self":[{"href":"https:\/\/diariodominicano.com\/index.php?rest_route=\/wp\/v2\/posts\/242159","targetHints":{"allow":["GET"]}}],"collection":[{"href":"https:\/\/diariodominicano.com\/index.php?rest_route=\/wp\/v2\/posts"}],"about":[{"href":"https:\/\/diariodominicano.com\/index.php?rest_route=\/wp\/v2\/types\/post"}],"author":[{"embeddable":true,"href":"https:\/\/diariodominicano.com\/index.php?rest_route=\/wp\/v2\/users\/3"}],"replies":[{"embeddable":true,"href":"https:\/\/diariodominicano.com\/index.php?rest_route=%2Fwp%2Fv2%2Fcomments&post=242159"}],"version-history":[{"count":0,"href":"https:\/\/diariodominicano.com\/index.php?rest_route=\/wp\/v2\/posts\/242159\/revisions"}],"wp:attachment":[{"href":"https:\/\/diariodominicano.com\/index.php?rest_route=%2Fwp%2Fv2%2Fmedia&parent=242159"}],"wp:term":[{"taxonomy":"category","embeddable":true,"href":"https:\/\/diariodominicano.com\/index.php?rest_route=%2Fwp%2Fv2%2Fcategories&post=242159"},{"taxonomy":"post_tag","embeddable":true,"href":"https:\/\/diariodominicano.com\/index.php?rest_route=%2Fwp%2Fv2%2Ftags&post=242159"}],"curies":[{"name":"wp","href":"https:\/\/api.w.org\/{rel}","templated":true}]}}