{"id":241048,"date":"2020-11-22T13:23:10","date_gmt":"2020-11-22T13:23:10","guid":{"rendered":"http:\/\/diariodominicano.ddns.net\/?p=241048"},"modified":"2020-11-22T13:23:10","modified_gmt":"2020-11-22T13:23:10","slug":"incendian-congreso-de-guatemala-en-rechazo-a-presupuesto-estatal-criticado-por-la-iglesia","status":"publish","type":"post","link":"https:\/\/diariodominicano.com\/?p=241048","title":{"rendered":"Incendian Congreso de Guatemala en rechazo a presupuesto estatal, criticado por la Iglesia"},"content":{"rendered":"<p><body><\/p>\n<p><span class=\"text1noticias\">diariodominicano.com<\/span> <\/p>\n<\/p>\n<p><span class=\"text1noticias\">Redacci\u00f3n ACI Prensa<\/span><\/p>\n<p><span class=\"text1noticias\">Vaticano, 22 de noviembre de 2020.- Este fin de semana un grupo de manifestantes le prendi\u00f3 fuego y vandaliz\u00f3 el Congreso de la Rep\u00fablica de Guatemala en el marco de las manifestaciones contra el incremento del presupuesto general del Estado para el 2021, aprobado el pasado mi\u00e9rcoles.<\/span><\/p>\n<p><span class=\"text1noticias\"> <\/span><\/p>\n<p><span class=\"text1noticias\">El ataque vand\u00e1lico ocurri\u00f3 el s\u00e1bado 21 de noviembre durante una jornada de protestas masivas en contra del Gobierno del presidente Alejandro Giammattei y el Parlamento. Seg\u00fan los medios locales, el incendio en el Congreso fue provocado por encapuchados que lograron ingresar al edificio tras romper puertas y ventanas.<\/span><\/p>\n<p><span class=\"text1noticias\"> <\/span><\/p>\n<p><span class=\"text1noticias\">Si bien no se reportaron muertes, el incidente dej\u00f3 decenas de heridos y otros tantos afectados por los gases lacrim\u00f3genos. Cuando ocurri\u00f3 el incidente los legisladores no se encontraban al interior del edificio.<\/span><\/p>\n<p><span class=\"text1noticias\"> <\/span><\/p>\n<p><span class=\"text1noticias\">El controversial presupuesto fue aprobado el pasado mi\u00e9rcoles 18 de noviembre, de madrugada, sin que los 160 diputados tuvieran acceso al mismo.<\/span><\/p>\n<p><span class=\"text1noticias\"> <\/span><\/p>\n<p><span class=\"text1noticias\">Un d\u00edas despu\u00e9s, el 19 de noviembre, la Conferencia Episcopal de Guatemala (CEG) public\u00f3 un comunicado en el que expresaron \u00abconsternaci\u00f3n\u00bb por \u00abla noticia de la aprobaci\u00f3n del presupuesto, hecho de manera precipitada\u00bb y de forma \u00abirresponsable por parte del Congreso de la Rep\u00fablica\u00bb.<\/span><\/p>\n<p><span class=\"text1noticias\"> <\/span><\/p>\n<p><span class=\"text1noticias\">\u00abEl modo de aprobarla ha generado indignaci\u00f3n en muy diferentes sectores del pa\u00eds por el modo opaco y seguramente turbio en que se pact\u00f3 para alcanzar mayor\u00eda calificada de votos\u00bb, indic\u00f3.<\/span><\/p>\n<p><span class=\"text1noticias\"> <\/span><\/p>\n<p><span class=\"text1noticias\">Seg\u00fan los obispos guatemaltecos, el pa\u00eds lleva \u00abdiez a\u00f1os consecutivos de aprobaci\u00f3n de presupuestos desfinanciados pero nunca antes en los montos tan desproporcionados como el correspondiente a este a\u00f1o\u00bb. \u00abEl endeudamiento del pa\u00eds est\u00e1 llegando a niveles francamente preocupantes y las deudas de hoy son hambre para el ma\u00f1ana\u00bb, lamentaron.<\/span><\/p>\n<p><span class=\"text1noticias\"> <\/span><\/p>\n<p><span class=\"text1noticias\">\u00abLa eliminaci\u00f3n o disminuci\u00f3n de partidas importantes parecen expresar rencor pero tambi\u00e9n miop\u00eda \u00e9tica\u00bb, asegur\u00f3 la Conferencia Episcopal.<\/span><\/p>\n<p><span class=\"text1noticias\"> <\/span><\/p>\n<p><span class=\"text1noticias\">Seg\u00fan la BBC, el presupuesto, entre otras cosas, \u00abreduce las partidas para salud y protecci\u00f3n social, destinando menos recursos para la prevenci\u00f3n de la desnutrici\u00f3n, la atenci\u00f3n materno-infantil y el tratamiento del c\u00e1ncer, entre otros rubros\u00bb.<\/span><\/p>\n<p><span class=\"text1noticias\"> <\/span><\/p>\n<p><span class=\"text1noticias\">La CEG se\u00f1al\u00f3 que \u00abla imagen del Congreso ante la poblaci\u00f3n en general, a causa de este acto irresponsable, queda sujeta a graves dudas y a condenas seguras\u00bb. \u00abNo favorece la gobernabilidad del pa\u00eds y, por el contrario, da\u00f1a la paz social, tan precaria en Guatemala\u00bb.<\/span><\/p>\n<p><span class=\"text1noticias\"> <\/span><\/p>\n<p><span class=\"text1noticias\">Finalmente, solicitaron al presidente de la Rep\u00fablica \u00abque vete este presupuesto y que lo haga en aras del bien del pa\u00eds\u00bb.<\/span><\/p>\n<p><span class=\"text1noticias\"> <\/span><\/p>\n<p><span class=\"text1noticias\">\u00abQue Dios Nuestro Se\u00f1or nos proteja y guie en estos tiempos de calamidad y adversidad y que nos ayude a discernir siempre en la b\u00fasqueda del bien com\u00fan\u00bb, concluyeron los obispos.<\/span><\/p>\n<\/p>\n<h6> 2020-11-22 13:23:10 <\/h6>\n<p><!--\n<link rel=\"stylesheet\" href=\"css\/bootstrap.min.css\">\n\n\n<ul class=\"pagination\">\n\t    \n\t\n\n<li >\n\t<a href='?page_no=61'>Previous<\/a>\n\t<\/li>\n\n\n       \n    \n\n<li><a href='?page_no=1'>1<\/a><\/li>\n\n\n\n<li><a href='?page_no=2'>2<\/a><\/li>\n\n\n\n<li><a>...<\/a><\/li>\n\n\n\n<li><a href='?page_no=60'>60<\/a><\/li>\n\n\n\n<li><a href='?page_no=61'>61<\/a><\/li>\n\n\n\n<li class='active'><a>62<\/a><\/li>\n\n\n\n<li><a href='?page_no=63'>63<\/a><\/li>\n\n\n\n<li><a href='?page_no=64'>64<\/a><\/li>\n\n\n\n<li><a>...<\/a><\/li>\n\n\n\n<li><a href='?page_no=51012'>51012<\/a><\/li>\n\n\n\n<li><a href='?page_no=51013'>51013<\/a><\/li>\n\n    \n\t\n\n<li >\n\t<a href='?page_no=63'>Next<\/a>\n\t<\/li>\n\n\n    \n\n<li><a href='?page_no=51013'>Last &rsaquo;&rsaquo;<\/a><\/li>\n\n<\/ul>\n\n\n--><br \/>\n<\/body><\/p>\n","protected":false},"excerpt":{"rendered":"<p>diariodominicano.com Redacci\u00f3n ACI Prensa Vaticano, 22 de noviembre de 2020.- Este fin de semana un grupo de manifestantes le prendi\u00f3 fuego y vandaliz\u00f3 el Congreso de la Rep\u00fablica de Guatemala en el marco de las manifestaciones contra el incremento del presupuesto general del Estado para el 2021, aprobado el pasado mi\u00e9rcoles. El ataque vand\u00e1lico ocurri\u00f3 [&hellip;]<\/p>\n","protected":false},"author":3,"featured_media":0,"comment_status":"open","ping_status":"open","sticky":false,"template":"","format":"standard","meta":{"footnotes":""},"categories":[23],"tags":[],"class_list":["post-241048","post","type-post","status-publish","format-standard","hentry","category-internacional"],"_links":{"self":[{"href":"https:\/\/diariodominicano.com\/index.php?rest_route=\/wp\/v2\/posts\/241048","targetHints":{"allow":["GET"]}}],"collection":[{"href":"https:\/\/diariodominicano.com\/index.php?rest_route=\/wp\/v2\/posts"}],"about":[{"href":"https:\/\/diariodominicano.com\/index.php?rest_route=\/wp\/v2\/types\/post"}],"author":[{"embeddable":true,"href":"https:\/\/diariodominicano.com\/index.php?rest_route=\/wp\/v2\/users\/3"}],"replies":[{"embeddable":true,"href":"https:\/\/diariodominicano.com\/index.php?rest_route=%2Fwp%2Fv2%2Fcomments&post=241048"}],"version-history":[{"count":0,"href":"https:\/\/diariodominicano.com\/index.php?rest_route=\/wp\/v2\/posts\/241048\/revisions"}],"wp:attachment":[{"href":"https:\/\/diariodominicano.com\/index.php?rest_route=%2Fwp%2Fv2%2Fmedia&parent=241048"}],"wp:term":[{"taxonomy":"category","embeddable":true,"href":"https:\/\/diariodominicano.com\/index.php?rest_route=%2Fwp%2Fv2%2Fcategories&post=241048"},{"taxonomy":"post_tag","embeddable":true,"href":"https:\/\/diariodominicano.com\/index.php?rest_route=%2Fwp%2Fv2%2Ftags&post=241048"}],"curies":[{"name":"wp","href":"https:\/\/api.w.org\/{rel}","templated":true}]}}