{"id":240825,"date":"2020-11-30T12:45:14","date_gmt":"2020-11-30T12:45:14","guid":{"rendered":"http:\/\/diariodominicano.ddns.net\/?p=240825"},"modified":"2020-11-30T12:45:14","modified_gmt":"2020-11-30T12:45:14","slug":"rusia-condena-asesinato-de-fisico-nuclear-irani","status":"publish","type":"post","link":"https:\/\/diariodominicano.com\/?p=240825","title":{"rendered":"Rusia condena asesinato de f\u00edsico nuclear iran\u00ed"},"content":{"rendered":"<p><body><\/p>\n<p><span class=\"text1noticias\"> <\/span>diariodominicano.com<\/p>\n<p><span class=\"text1noticias\">   MOSCU, 30 nov (Xinhua) &#8212; El Ministerio de Relaciones Exteriores de Rusia conden\u00f3 hoy \u00aben\u00e9rgicamente\u00bb el reciente asesinato del principal f\u00edsico nuclear iran\u00ed Mohsen Fakhrizadeh.<\/span><\/p>\n<\/p>\n<p><span class=\"text1noticias\">   \u00abExpresamos nuestra seria preocupaci\u00f3n por la naturaleza provocadora de este acto terrorista, que claramente ten\u00eda como objetivo desestabilizar la situaci\u00f3n y aumentar el potencial de conflicto en la regi\u00f3n\u00bb, dijo el ministerio en un comunicado.<\/span><\/p>\n<\/p>\n<p><span class=\"text1noticias\">   Quienquiera que estuvo detr\u00e1s del asesinato y trat\u00f3 de utilizarlo para intereses pol\u00edticos debe rendir cuentas, enfatiz\u00f3.<\/span><\/p>\n<\/p>\n<p><span class=\"text1noticias\">   El ministerio se\u00f1al\u00f3 que Rusia invariablemente prioriza la estabilidad y la seguridad en Medio Oriente y el Golfo y pide a todas las partes que se abstengan de tomar medidas que puedan conducir a una escalada de las tensiones.<\/span><\/p>\n<\/p>\n<p><span class=\"text1noticias\">   Fakhrizadeh muri\u00f3 de heridas graves en el hospital el viernes por la tarde, luego de que le fuera tendida una emboscada a su veh\u00edculo en la aldea de Absard, a 60 kil\u00f3metros al noreste de Teher\u00e1n. F<\/span>in<\/p>\n<h6> 2020-11-30 12:45:14 <\/h6>\n<p><!--\n<link rel=\"stylesheet\" href=\"css\/bootstrap.min.css\">\n\n\n<ul class=\"pagination\">\n\t    \n\t\n\n<li >\n\t<a href='?page_no=5'>Previous<\/a>\n\t<\/li>\n\n\n       \n    \n\n<li><a href='?page_no=1'>1<\/a><\/li>\n\n\n\n<li><a href='?page_no=2'>2<\/a><\/li>\n\n\n\n<li><a>...<\/a><\/li>\n\n\n\n<li><a href='?page_no=4'>4<\/a><\/li>\n\n\n\n<li><a href='?page_no=5'>5<\/a><\/li>\n\n\n\n<li class='active'><a>6<\/a><\/li>\n\n\n\n<li><a href='?page_no=7'>7<\/a><\/li>\n\n\n\n<li><a href='?page_no=8'>8<\/a><\/li>\n\n\n\n<li><a>...<\/a><\/li>\n\n\n\n<li><a href='?page_no=51012'>51012<\/a><\/li>\n\n\n\n<li><a href='?page_no=51013'>51013<\/a><\/li>\n\n    \n\t\n\n<li >\n\t<a href='?page_no=7'>Next<\/a>\n\t<\/li>\n\n\n    \n\n<li><a href='?page_no=51013'>Last &rsaquo;&rsaquo;<\/a><\/li>\n\n<\/ul>\n\n\n--><br \/>\n<\/body><\/p>\n","protected":false},"excerpt":{"rendered":"<p>diariodominicano.com MOSCU, 30 nov (Xinhua) &#8212; El Ministerio de Relaciones Exteriores de Rusia conden\u00f3 hoy \u00aben\u00e9rgicamente\u00bb el reciente asesinato del principal f\u00edsico nuclear iran\u00ed Mohsen Fakhrizadeh. \u00abExpresamos nuestra seria preocupaci\u00f3n por la naturaleza provocadora de este acto terrorista, que claramente ten\u00eda como objetivo desestabilizar la situaci\u00f3n y aumentar el potencial de conflicto en la regi\u00f3n\u00bb, [&hellip;]<\/p>\n","protected":false},"author":3,"featured_media":0,"comment_status":"open","ping_status":"open","sticky":false,"template":"","format":"standard","meta":{"footnotes":""},"categories":[23],"tags":[],"class_list":["post-240825","post","type-post","status-publish","format-standard","hentry","category-internacional"],"_links":{"self":[{"href":"https:\/\/diariodominicano.com\/index.php?rest_route=\/wp\/v2\/posts\/240825","targetHints":{"allow":["GET"]}}],"collection":[{"href":"https:\/\/diariodominicano.com\/index.php?rest_route=\/wp\/v2\/posts"}],"about":[{"href":"https:\/\/diariodominicano.com\/index.php?rest_route=\/wp\/v2\/types\/post"}],"author":[{"embeddable":true,"href":"https:\/\/diariodominicano.com\/index.php?rest_route=\/wp\/v2\/users\/3"}],"replies":[{"embeddable":true,"href":"https:\/\/diariodominicano.com\/index.php?rest_route=%2Fwp%2Fv2%2Fcomments&post=240825"}],"version-history":[{"count":0,"href":"https:\/\/diariodominicano.com\/index.php?rest_route=\/wp\/v2\/posts\/240825\/revisions"}],"wp:attachment":[{"href":"https:\/\/diariodominicano.com\/index.php?rest_route=%2Fwp%2Fv2%2Fmedia&parent=240825"}],"wp:term":[{"taxonomy":"category","embeddable":true,"href":"https:\/\/diariodominicano.com\/index.php?rest_route=%2Fwp%2Fv2%2Fcategories&post=240825"},{"taxonomy":"post_tag","embeddable":true,"href":"https:\/\/diariodominicano.com\/index.php?rest_route=%2Fwp%2Fv2%2Ftags&post=240825"}],"curies":[{"name":"wp","href":"https:\/\/api.w.org\/{rel}","templated":true}]}}