{"id":240603,"date":"2020-11-23T09:12:47","date_gmt":"2020-11-23T09:12:47","guid":{"rendered":"http:\/\/diariodominicano.ddns.net\/?p=240603"},"modified":"2020-11-23T09:12:47","modified_gmt":"2020-11-23T09:12:47","slug":"gobernador-de-california-en-cuarentena-tras-contacto-con-un-contagiado-de-coronavirus","status":"publish","type":"post","link":"https:\/\/diariodominicano.com\/?p=240603","title":{"rendered":"&#13;Gobernador de California en cuarentena tras contacto con un contagiado de coronavirus"},"content":{"rendered":"<p><body><\/p>\n<p><img decoding=\"async\" src=\"img3\/California-Newsom23-11-20.jpg\" \/>  <\/p>\n<p><span class=\"text1noticias\"> diariodominicano.com<\/span><\/p>\n<\/p>\n<p><span class=\"text1noticias\">   LOS \u00c1NGELES, 23 nov (Xinhua) &#8212; El gobernador de California, Gavin Newsom, revel\u00f3 el domingo por la noche que \u00e9l y su familia entraron en cuarentena despu\u00e9s de que se descubriese que hab\u00edan estado expuestos a la COVID-19.<\/span><\/p>\n<\/p>\n<p><span class=\"text1noticias\">   Seg\u00fan un tuit del gobernador estadounidense, la familia se enter\u00f3 el viernes por la noche de que estuvo en contacto con un oficial de la Patrulla de Carreteras de California que dio positivo por COVID-19, por lo cual comenz\u00f3 la cuarentena de dos semanas.<\/span><\/p>\n<\/p>\n<p><span class=\"text1noticias\">   \u00abJen y yo no tuvimos interacci\u00f3n directa con el oficial (&#8230;) Afortunadamente, toda la familia dio negativo el domingo\u00bb, tuite\u00f3 Newsom.<\/span><\/p>\n<\/p>\n<p><span class=\"text1noticias\">   Seg\u00fan a\u00f1adi\u00f3, tres de sus cuatro hijos hab\u00edan estado expuestos a ese oficial contagiado.<\/span><\/p>\n<p><span class=\"text1noticias\">   Newsom, de 53 a\u00f1os, tiene dos hijos y dos hijas, de entre los cuatro y 11 a\u00f1os.<\/span><\/p>\n<\/p>\n<p><span class=\"text1noticias\">   Adem\u00e1s, el canal de noticias local KABC inform\u00f3 que un portavoz del gobernador dijo que uno de sus hijos pudo haber estado expuesto a la COVID-19 en la escuela y que el ni\u00f1o comenz\u00f3 una cuarentena de 14 d\u00edas \u00abdesde la fecha de la exposici\u00f3n\u00bb.<\/span><\/p>\n<\/p>\n<p><span class=\"text1noticias\">   Seg\u00fan los \u00faltimos datos publicados por el Gobierno estatal el domingo por la ma\u00f1ana, California ha reportado un total de 1.102.033 casos de COVID-19 y 18.676 muerte<\/span>s.<\/p>\n<h6> 2020-11-23 09:12:47 <\/h6>\n<p><!--\n<link rel=\"stylesheet\" href=\"css\/bootstrap.min.css\">\n\n\n<ul class=\"pagination\">\n\t    \n\t\n\n<li >\n\t<a href='?page_no=57'>Previous<\/a>\n\t<\/li>\n\n\n       \n    \n\n<li><a href='?page_no=1'>1<\/a><\/li>\n\n\n\n<li><a href='?page_no=2'>2<\/a><\/li>\n\n\n\n<li><a>...<\/a><\/li>\n\n\n\n<li><a href='?page_no=56'>56<\/a><\/li>\n\n\n\n<li><a href='?page_no=57'>57<\/a><\/li>\n\n\n\n<li class='active'><a>58<\/a><\/li>\n\n\n\n<li><a href='?page_no=59'>59<\/a><\/li>\n\n\n\n<li><a href='?page_no=60'>60<\/a><\/li>\n\n\n\n<li><a>...<\/a><\/li>\n\n\n\n<li><a href='?page_no=51012'>51012<\/a><\/li>\n\n\n\n<li><a href='?page_no=51013'>51013<\/a><\/li>\n\n    \n\t\n\n<li >\n\t<a href='?page_no=59'>Next<\/a>\n\t<\/li>\n\n\n    \n\n<li><a href='?page_no=51013'>Last &rsaquo;&rsaquo;<\/a><\/li>\n\n<\/ul>\n\n\n--><br \/>\n<\/body><\/p>\n","protected":false},"excerpt":{"rendered":"<p>diariodominicano.com LOS \u00c1NGELES, 23 nov (Xinhua) &#8212; El gobernador de California, Gavin Newsom, revel\u00f3 el domingo por la noche que \u00e9l y su familia entraron en cuarentena despu\u00e9s de que se descubriese que hab\u00edan estado expuestos a la COVID-19. Seg\u00fan un tuit del gobernador estadounidense, la familia se enter\u00f3 el viernes por la noche de [&hellip;]<\/p>\n","protected":false},"author":3,"featured_media":0,"comment_status":"open","ping_status":"open","sticky":false,"template":"","format":"standard","meta":{"footnotes":""},"categories":[23],"tags":[],"class_list":["post-240603","post","type-post","status-publish","format-standard","hentry","category-internacional"],"_links":{"self":[{"href":"https:\/\/diariodominicano.com\/index.php?rest_route=\/wp\/v2\/posts\/240603","targetHints":{"allow":["GET"]}}],"collection":[{"href":"https:\/\/diariodominicano.com\/index.php?rest_route=\/wp\/v2\/posts"}],"about":[{"href":"https:\/\/diariodominicano.com\/index.php?rest_route=\/wp\/v2\/types\/post"}],"author":[{"embeddable":true,"href":"https:\/\/diariodominicano.com\/index.php?rest_route=\/wp\/v2\/users\/3"}],"replies":[{"embeddable":true,"href":"https:\/\/diariodominicano.com\/index.php?rest_route=%2Fwp%2Fv2%2Fcomments&post=240603"}],"version-history":[{"count":0,"href":"https:\/\/diariodominicano.com\/index.php?rest_route=\/wp\/v2\/posts\/240603\/revisions"}],"wp:attachment":[{"href":"https:\/\/diariodominicano.com\/index.php?rest_route=%2Fwp%2Fv2%2Fmedia&parent=240603"}],"wp:term":[{"taxonomy":"category","embeddable":true,"href":"https:\/\/diariodominicano.com\/index.php?rest_route=%2Fwp%2Fv2%2Fcategories&post=240603"},{"taxonomy":"post_tag","embeddable":true,"href":"https:\/\/diariodominicano.com\/index.php?rest_route=%2Fwp%2Fv2%2Ftags&post=240603"}],"curies":[{"name":"wp","href":"https:\/\/api.w.org\/{rel}","templated":true}]}}