{"id":240492,"date":"2020-11-23T09:46:41","date_gmt":"2020-11-23T09:46:41","guid":{"rendered":"http:\/\/diariodominicano.ddns.net\/?p=240492"},"modified":"2020-11-23T09:46:41","modified_gmt":"2020-11-23T09:46:41","slug":"michel-boisvert-ministro-de-hacienda-informo-disponen-de-unos-15-millones-de-dolares-prestar-a-empresas-haitianas","status":"publish","type":"post","link":"https:\/\/diariodominicano.com\/?p=240492","title":{"rendered":"Michel Boisvert, ministro de Hacienda inform\u00f3 disponen de unos 15 millones de d\u00f3lares prestar a empresas haitianas"},"content":{"rendered":"<p><body><\/p>\n<p><img decoding=\"async\" src=\"img3\/MichelPatrick23-11-20.png\" \/>  <\/p>\n<p> diariodominicano.com<\/p>\n<p>Puerto Pr\u00edncipe, 23 nov (Prensa Latina) Hait\u00ed dispone hoy de un cr\u00e9dito de mil millones de gourdes (unos 15 millones de d\u00f3lares) como fondo de garant\u00eda parcial para las empresas que operan en los sectores agr\u00edcola y exportador.<\/p>\n<\/p>\n<p>Tras la firma de un acuerdo de entendimiento entre el Banco de la Rep\u00fablica de Hait\u00ed (BRH), el Ministerio de Econom\u00eda y Finanzas y el Fondo de Desarrollo Industrial (FDI), el pr\u00e9stamo est\u00e1 disponible para las empresas nacionales sean grandes, peque\u00f1as o medianas, confirm\u00f3 Michel Boisvert, ministro de Hacienda.<\/p>\n<\/p>\n<p>El titular reconoci\u00f3 las grandes dificultades enfrentadas por las compa\u00f1\u00edas que repercuten en su competitividad, mientras que en especial las peque\u00f1as y medianas empresas constituyen la base productiva de la econom\u00eda, al generar m\u00e1s del 80 por ciento de los empleos en el sector privado.<\/p>\n<\/p>\n<p>El monto ser\u00e1 administrado por el FDI y permitir\u00e1 reducir la inseguridad alimentaria y el riesgo en las zonas rurales, se\u00f1al\u00f3 por su parte Jean Baden Dubois, gobernador del BRH, quien asegur\u00f3 que la tasa de inter\u00e9s es del seis por ciento a &#8216;muy largo plazo&#8217;.<\/p>\n<\/p>\n<p>Desde mediados de a\u00f1o el presidente Jovenel Mo\u00efse insiste en sus discursos en la importancia de revivir la agricultura y ofrecer cr\u00e9ditos a los campesinos para desarrollar el sector, principal rubro econ\u00f3mico del pa\u00eds.<\/p>\n<\/p>\n<p>Entre las medidas gubernamentales para fomentar la producci\u00f3n, el jefe de Estado destaca el proyecto Caravana de Cambio, creaci\u00f3n de un consejo de cooperativas agr\u00edcolas y distribuci\u00f3n de maquinarias e insumos.<\/p>\n<\/p>\n<p>Tambi\u00e9n, la creaci\u00f3n de cuatro centros de germoplasma, semilleros y un apoyo presupuestario que permitir\u00e1 aumentar la producci\u00f3n de cereales, harinas, tomate, mijo y arroz.<\/p>\n<\/p>\n<p>jf\/ane<\/p>\n<h6> 2020-11-23 09:46:41 <\/h6>\n<p><!--\n<link rel=\"stylesheet\" href=\"css\/bootstrap.min.css\">\n\n\n<ul class=\"pagination\">\n\t    \n\t\n\n<li >\n\t<a href='?page_no=56'>Previous<\/a>\n\t<\/li>\n\n\n       \n    \n\n<li><a href='?page_no=1'>1<\/a><\/li>\n\n\n\n<li><a href='?page_no=2'>2<\/a><\/li>\n\n\n\n<li><a>...<\/a><\/li>\n\n\n\n<li><a href='?page_no=55'>55<\/a><\/li>\n\n\n\n<li><a href='?page_no=56'>56<\/a><\/li>\n\n\n\n<li class='active'><a>57<\/a><\/li>\n\n\n\n<li><a href='?page_no=58'>58<\/a><\/li>\n\n\n\n<li><a href='?page_no=59'>59<\/a><\/li>\n\n\n\n<li><a>...<\/a><\/li>\n\n\n\n<li><a href='?page_no=51012'>51012<\/a><\/li>\n\n\n\n<li><a href='?page_no=51013'>51013<\/a><\/li>\n\n    \n\t\n\n<li >\n\t<a href='?page_no=58'>Next<\/a>\n\t<\/li>\n\n\n    \n\n<li><a href='?page_no=51013'>Last &rsaquo;&rsaquo;<\/a><\/li>\n\n<\/ul>\n\n\n--><br \/>\n<\/body><\/p>\n","protected":false},"excerpt":{"rendered":"<p>diariodominicano.com Puerto Pr\u00edncipe, 23 nov (Prensa Latina) Hait\u00ed dispone hoy de un cr\u00e9dito de mil millones de gourdes (unos 15 millones de d\u00f3lares) como fondo de garant\u00eda parcial para las empresas que operan en los sectores agr\u00edcola y exportador. Tras la firma de un acuerdo de entendimiento entre el Banco de la Rep\u00fablica de Hait\u00ed [&hellip;]<\/p>\n","protected":false},"author":3,"featured_media":0,"comment_status":"open","ping_status":"open","sticky":false,"template":"","format":"standard","meta":{"footnotes":""},"categories":[23],"tags":[],"class_list":["post-240492","post","type-post","status-publish","format-standard","hentry","category-internacional"],"_links":{"self":[{"href":"https:\/\/diariodominicano.com\/index.php?rest_route=\/wp\/v2\/posts\/240492","targetHints":{"allow":["GET"]}}],"collection":[{"href":"https:\/\/diariodominicano.com\/index.php?rest_route=\/wp\/v2\/posts"}],"about":[{"href":"https:\/\/diariodominicano.com\/index.php?rest_route=\/wp\/v2\/types\/post"}],"author":[{"embeddable":true,"href":"https:\/\/diariodominicano.com\/index.php?rest_route=\/wp\/v2\/users\/3"}],"replies":[{"embeddable":true,"href":"https:\/\/diariodominicano.com\/index.php?rest_route=%2Fwp%2Fv2%2Fcomments&post=240492"}],"version-history":[{"count":0,"href":"https:\/\/diariodominicano.com\/index.php?rest_route=\/wp\/v2\/posts\/240492\/revisions"}],"wp:attachment":[{"href":"https:\/\/diariodominicano.com\/index.php?rest_route=%2Fwp%2Fv2%2Fmedia&parent=240492"}],"wp:term":[{"taxonomy":"category","embeddable":true,"href":"https:\/\/diariodominicano.com\/index.php?rest_route=%2Fwp%2Fv2%2Fcategories&post=240492"},{"taxonomy":"post_tag","embeddable":true,"href":"https:\/\/diariodominicano.com\/index.php?rest_route=%2Fwp%2Fv2%2Ftags&post=240492"}],"curies":[{"name":"wp","href":"https:\/\/api.w.org\/{rel}","templated":true}]}}