{"id":240159,"date":"2020-11-23T11:18:31","date_gmt":"2020-11-23T11:18:31","guid":{"rendered":"http:\/\/diariodominicano.ddns.net\/?p=240159"},"modified":"2020-11-23T11:18:31","modified_gmt":"2020-11-23T11:18:31","slug":"multitudinarias-manifestaciones-en-toda-espana-contra-la-ley-de-educacion","status":"publish","type":"post","link":"https:\/\/diariodominicano.com\/?p=240159","title":{"rendered":"&#13;Multitudinarias manifestaciones en toda Espa\u00f1a contra la Ley de Educaci\u00f3n"},"content":{"rendered":"<p><body><\/p>\n<p><span class=\"text1noticias\">diariodominicano.com<\/span><\/p>\n<p><span class=\"text1noticias\"> <\/span><\/p>\n<p><span class=\"text1noticias\">Redacci\u00f3n ACI Prensa<\/span><\/p>\n<\/p>\n<p><span class=\"text1noticias\">Vaticano, 23 de noviembre de 2020.- M\u00e1s de 5 mil personas se manifestaron en Madrid, y otras muchas miles de personas m\u00e1s en 30 ciudades de Espa\u00f1a para expresar su rechazo contra la Ley Org\u00e1nica de Modificaci\u00f3n de la Ley de Educaci\u00f3n (LOMLOE), tambi\u00e9n conocida como Ley Cela\u00e1.<\/span><\/p>\n<p><span class=\"text1noticias\"> <\/span><\/p>\n<p><span class=\"text1noticias\">Todas la manifestaciones convocadas por la Plataforma M\u00e1s Plurales se realizaron en veh\u00edculos siguiendo las medidas de seguridad para evitar el contagio del coronavirus.<\/span><\/p>\n<p><span class=\"text1noticias\"> <\/span><\/p>\n<p><span class=\"text1noticias\">La LOMLOE se aprob\u00f3 el pasado 19 de noviembre y contin\u00faa su tramitaci\u00f3n en el Senado en los pr\u00f3ximos meses. M\u00e1s Plurales considera que todav\u00eda hay tiempo de rectificar una Ley contraria a las libertades constitucionales y que, adem\u00e1s pone en peligro el futuro laboral de miles de trabajadores de la ense\u00f1anza concertada, de los centros de educaci\u00f3n especial y del profesorado qe imparte la asignatura de Religi\u00f3n en los centros p\u00fablicos. <\/span><\/p>\n<p><span class=\"text1noticias\"> <\/span><\/p>\n<p><span class=\"text1noticias\">En Madrid, el recorrido de la manifestaci\u00f3n cubri\u00f3 gran parte del Paseo de la Castellana, entre las plazas de Cuzco y Cibeles, en donde se situ\u00f3 un escenario en el que los principales representantes de las patronales educativas leyeron un manifiesto a favor de la libertad de ense\u00f1anza y en contra de la Ley Cela\u00e1.<\/span><\/p>\n<p><span class=\"text1noticias\"> <\/span><\/p>\n<p><span class=\"text1noticias\">En la lectura del manifiesto de M\u00e1s Plurales aseguraron que \u00abha llegado el momento de dejar claro que no toleramos los l\u00edmites ni recortes a nuestra libertad de ense\u00f1anza, porque en ella nos jugamos la educaci\u00f3n de nuestros hijos y el futuro de nuestra democracia\u00bb.<\/span><\/p>\n<p><span class=\"text1noticias\"> <\/span><\/p>\n<p><span class=\"text1noticias\">\u00abSomos conscientes de que la pluralidad de la escuela de hoy, es la base de la democracia de la sociedad del ma\u00f1ana, por eso defendemos la complementariedad de las redes p\u00fablica y privada-concertada. No admitimos que la LOMLOE permita a las autoridades educativas imponer la distribuci\u00f3n del alumnado, tampoco la planificaci\u00f3n arbitraria de la administraci\u00f3n por encima de la necesidades reales de escolarizaci\u00f3n manifestadas por la familia\u00bb, aseguraron.<\/span><\/p>\n<p><span class=\"text1noticias\"> <\/span><\/p>\n<p><span class=\"text1noticias\">Tambi\u00e9n recordaron que la actual Ley Cela\u00e1 avoca a los centros de educaci\u00f3n especial a su desaparici\u00f3n \u00aba pesar de que cuentan con un alto grado de satisfacci\u00f3n de la familias\u00bb.<\/span><\/p>\n<p><span class=\"text1noticias\"> <\/span><\/p>\n<p><span class=\"text1noticias\">\u00abDenunciamos que a trav\u00e9s del control pol\u00edtico de la educaci\u00f3n, estamos asistiendo a una agresi\u00f3n a la libertad de conciencia a favor de la imposici\u00f3n de una ideolog\u00eda laicista impropia de un Estado no confesional\u00bb, apuntaron.<\/span><\/p>\n<p><span class=\"text1noticias\"> <\/span><\/p>\n<p><span class=\"text1noticias\">Y recordaron que la asignatura de Religi\u00f3n que se cursa con normalidad en el pa\u00eds y en casi todos los pa\u00edses europeos \u00abes una opci\u00f3n mayoritaria de las familias espa\u00f1olas que  la eligen libremente cada a\u00f1o y cuya voluntad debe ser respetada\u00bb.<\/span><\/p>\n<p><span class=\"text1noticias\"> <\/span><\/p>\n<p><span class=\"text1noticias\">En ese sentido recordaron que si no se modifica suficientemente los t\u00e9rminos de la Ley Cela\u00e1 desde M\u00e1s Plurales seguir\u00e1n denunciando \u00abel atropello que los ciudadanos estamos sufriendo\u00bb e \u00abinstaremos a los grupos pol\u00edticos a que interpongan recursos de inconstitucionalidad, presionaremos a las comunidades aut\u00f3nomas para disminuir al m\u00e1ximo los efectos de la aplicaci\u00f3n de esta norma; solicitaremos la responsabilidad de los grupos pol\u00edticos de manifestar expl\u00edcitamente el compromiso de derogar esta ley tan pronto como sea posible\u00bb.<\/span><\/p>\n<p><span class=\"text1noticias\"> <\/span><\/p>\n<p><span class=\"text1noticias\">Aseguraron que recurrir\u00e1n \u00aba las instituciones europeas en busca de amparo\u00bb y adelantar\u00e1n la interposici\u00f3n de contenciosos cada vez que se pretenda el cierre de una unidad concertada con demanda social\u00bb.<\/span><\/p>\n<p><span class=\"text1noticias\"> <\/span><\/p>\n<p><span class=\"text1noticias\">\u00abSon nuestros hijos, es nuestra sociedad, nuestra democracia, el futuro de nuestro trabajo\u00bb, destacaron y reclamaron \u00abla libertad de ense\u00f1anza, la pluralidad social en nuestro sistema educativo, la convivencia de la redes educativas y la posibilidad de pensar y creer en libertad\u00bb.<\/span><\/p>\n<p><span class=\"text1noticias\"> <\/span><\/p>\n<p><span class=\"text1noticias\">Por su parte, Alfonso Aguil\u00f3, presidente de CECE, principal patronal de centros educativos de Espa\u00f1a, record\u00f3 que la tramitaci\u00f3n de la Ley Cela\u00e1 ha sido una \u00aboportunidad perdida\u00bb ya que \u00abno se ha consultado a la comunidad educativa, se ha llevado adelante sin consenso y ha centrado el debate en cuestiones ideol\u00f3gicas, en lugar de afrontar problemas reales\u00bb.<\/span><\/p>\n<p><span class=\"text1noticias\"> <\/span><\/p>\n<p><span class=\"text1noticias\">Sin embargo manifest\u00f3 su esperanza de que en los pr\u00f3ximos tr\u00e1mites hasta la aprobaci\u00f3n definitiva de la Ley se modifique ya que debe pasar por el Senado, volver al Congreso de los Diputados y despu\u00e9s desarrollar su aplicaci\u00f3n en las Comunidades Aut\u00f3nomas.<\/span><\/p>\n<p><span class=\"text1noticias\"> <\/span><\/p>\n<p><span class=\"text1noticias\">Bego\u00f1a Ladr\u00f3n de Guevara, presidenta de la Confederaci\u00f3n de Padres y madres de Alumnos (COFAPA) asegur\u00f3 tambi\u00e9n que \u00abesta ley es un ataque frontal a la familia, a la libertad\u00bb, y que ataca \u00abfrontalmente al Derecho a la Educaci\u00f3n que est\u00e1 recogido en el art\u00edculo 27 de la Constituci\u00f3n espa\u00f1ola y en el art\u00edculo 26 de la Declaraci\u00f3n de los Derechos Humanos, para que las familias podamos ejercer como las primeras educadoras de los hijos eligiendo el centro que consideremos\u00bb.<\/span><\/p>\n<p><span class=\"text1noticias\"> <\/span><\/p>\n<p><span class=\"text1noticias\">\u00abLa grandeza de un sistema es que exista pluralidad, modalidades distintas de colegios con idearios y proyectos educativos diferentes, y sobre esa variedad la familia elija lo que considera mejor. Si sesta ley priva esta posibilidad de tener variedad, se rompe tambi\u00e9n la posibilidad de que las familias elijan el centro que vaya en consonancia con nuestras convicciones\u00bb, apunt\u00f3 Ladr\u00f3n de Guevara<\/span><\/p>\n<p><span class=\"text1noticias\"> <\/span><\/p>\n<p><span class=\"text1noticias\">Ley Cela\u00e1<\/span><\/p>\n<p><span class=\"text1noticias\"> <\/span><\/p>\n<p><span class=\"text1noticias\">La LOMLOE es la Ley Org\u00e1nica de Mejora de la Ley Org\u00e1nica de Educaci\u00f3n, tambi\u00e9n conocida como Ley Cela\u00e1 en referencia a la Ministra de Educaci\u00f3n del actual gobierno socialista de Espa\u00f1a. \u00c9sta pretende derogar la LOMCE (Ley Org\u00e1nica de Mejora de la Calidad Educativa aprobada por el Gobierno de Mariano Rajoy (2016- 2018), una ley educativa que est\u00e1 actualmente en vigor pero que desde el PSOE quieren modificar alegando que fue aprobada sin consenso.<\/span><\/p>\n<p><span class=\"text1noticias\"> <\/span><\/p>\n<p><span class=\"text1noticias\">La Ley Cela\u00e1, elaborada por PSOE y Podemos inici\u00f3 su tr\u00e1mite durante el periodo de estado de alarma por la pandemia de COVID, sin o\u00edr el parecer de la comunidad educativa y, por supuesto, sin consenso. Hoy fue aprobada por el apoyo que recibieron de los partidos independentistas catalanes y vascos. <\/span><\/p>\n<p><span class=\"text1noticias\"> <\/span><\/p>\n<p><span class=\"text1noticias\">M\u00e1s Plurales ha reunido, hasta el momento, m\u00e1s de 1.5 millones de firmas contra la aprobaci\u00f3n de la Ley Cela\u00e1, ya que alegan que en esta nueva ley educativa es \u00abla imposici\u00f3n de un modelo de educaci\u00f3n \u00fanico, estatal y laico que pondr\u00e1 fin a la pluralidad educativa actual\u00bb.  <\/span><\/p>\n<p><span class=\"text1noticias\"> <\/span><\/p>\n<p><span class=\"text1noticias\">De esta manera, apuntan que \u00abser\u00e1 el Estado\u00bb y no los padres \u00abquien decida la educaci\u00f3n que han de recibir los hijos\u00bb y en este modelo educativo no habr\u00e1 espacio \u00abpara la educaci\u00f3n concertada. Miles de colegios cerrar\u00e1n en los pr\u00f3ximos a\u00f1os. Ni para la asignatura de religi\u00f3n, que vuelve a ser postergada. Ni, por supuesto, para laeducaci\u00f3n especial, la cual pese al clamor de los padres afectados, tambi\u00e9n desaparecer\u00e1\u00bb. <\/span><\/p>\n<p><span class=\"text1noticias\"> <\/span><\/p>\n<p><span class=\"text1noticias\">Un modelo \u00abfuertemente intervencionista que promueve la restricci\u00f3n de derechos y libertades ciudadanas y atenta contra la pluralidad de nuestro sistema educativo que es clave en una sociedad democr\u00e1tica\u00bb. <\/span><\/p>\n<p><span class=\"text1noticias\"> <\/span><\/p>\n<p><span class=\"text1noticias\">Plataforma M\u00e1s Plurales <\/span><\/p>\n<p><span class=\"text1noticias\"> <\/span><\/p>\n<p><span class=\"text1noticias\">M\u00e1s Plurales integra a m\u00e1s de 260 mil profesionales, docentes y no docentes que ven peligrar la continuidad de sus centros y sus puestos de trabajo; cerca de 4 millones de familias a la que se les limita el derecho a elegir el tipo de educaci\u00f3n qeu quieren o mejor se adec\u00faa a las necesidades de sus hijos; m\u00e1s de 3 millones de alumnos que eligen voluntariamente, en centros de titularidad p\u00fablica y privada, cursar la asignatura de Religi\u00f3n; as\u00ed como m\u00e1s de9.300 centros de la red concertada y privada que ven peligrar la continuidad de sus p<\/span>royectos educativos. <\/p>\n<h6> 2020-11-23 11:18:31 <\/h6>\n<p><!--\n<link rel=\"stylesheet\" href=\"css\/bootstrap.min.css\">\n\n\n<ul class=\"pagination\">\n\t    \n\t\n\n<li >\n\t<a href='?page_no=53'>Previous<\/a>\n\t<\/li>\n\n\n       \n    \n\n<li><a href='?page_no=1'>1<\/a><\/li>\n\n\n\n<li><a href='?page_no=2'>2<\/a><\/li>\n\n\n\n<li><a>...<\/a><\/li>\n\n\n\n<li><a href='?page_no=52'>52<\/a><\/li>\n\n\n\n<li><a href='?page_no=53'>53<\/a><\/li>\n\n\n\n<li class='active'><a>54<\/a><\/li>\n\n\n\n<li><a href='?page_no=55'>55<\/a><\/li>\n\n\n\n<li><a href='?page_no=56'>56<\/a><\/li>\n\n\n\n<li><a>...<\/a><\/li>\n\n\n\n<li><a href='?page_no=51012'>51012<\/a><\/li>\n\n\n\n<li><a href='?page_no=51013'>51013<\/a><\/li>\n\n    \n\t\n\n<li >\n\t<a href='?page_no=55'>Next<\/a>\n\t<\/li>\n\n\n    \n\n<li><a href='?page_no=51013'>Last &rsaquo;&rsaquo;<\/a><\/li>\n\n<\/ul>\n\n\n--><br \/>\n<\/body><\/p>\n","protected":false},"excerpt":{"rendered":"<p>diariodominicano.com Redacci\u00f3n ACI Prensa Vaticano, 23 de noviembre de 2020.- M\u00e1s de 5 mil personas se manifestaron en Madrid, y otras muchas miles de personas m\u00e1s en 30 ciudades de Espa\u00f1a para expresar su rechazo contra la Ley Org\u00e1nica de Modificaci\u00f3n de la Ley de Educaci\u00f3n (LOMLOE), tambi\u00e9n conocida como Ley Cela\u00e1. Todas la manifestaciones [&hellip;]<\/p>\n","protected":false},"author":3,"featured_media":0,"comment_status":"open","ping_status":"open","sticky":false,"template":"","format":"standard","meta":{"footnotes":""},"categories":[23],"tags":[],"class_list":["post-240159","post","type-post","status-publish","format-standard","hentry","category-internacional"],"_links":{"self":[{"href":"https:\/\/diariodominicano.com\/index.php?rest_route=\/wp\/v2\/posts\/240159","targetHints":{"allow":["GET"]}}],"collection":[{"href":"https:\/\/diariodominicano.com\/index.php?rest_route=\/wp\/v2\/posts"}],"about":[{"href":"https:\/\/diariodominicano.com\/index.php?rest_route=\/wp\/v2\/types\/post"}],"author":[{"embeddable":true,"href":"https:\/\/diariodominicano.com\/index.php?rest_route=\/wp\/v2\/users\/3"}],"replies":[{"embeddable":true,"href":"https:\/\/diariodominicano.com\/index.php?rest_route=%2Fwp%2Fv2%2Fcomments&post=240159"}],"version-history":[{"count":0,"href":"https:\/\/diariodominicano.com\/index.php?rest_route=\/wp\/v2\/posts\/240159\/revisions"}],"wp:attachment":[{"href":"https:\/\/diariodominicano.com\/index.php?rest_route=%2Fwp%2Fv2%2Fmedia&parent=240159"}],"wp:term":[{"taxonomy":"category","embeddable":true,"href":"https:\/\/diariodominicano.com\/index.php?rest_route=%2Fwp%2Fv2%2Fcategories&post=240159"},{"taxonomy":"post_tag","embeddable":true,"href":"https:\/\/diariodominicano.com\/index.php?rest_route=%2Fwp%2Fv2%2Ftags&post=240159"}],"curies":[{"name":"wp","href":"https:\/\/api.w.org\/{rel}","templated":true}]}}