{"id":239937,"date":"2020-11-23T12:53:22","date_gmt":"2020-11-23T12:53:22","guid":{"rendered":"http:\/\/diariodominicano.ddns.net\/?p=239937"},"modified":"2020-11-23T12:53:22","modified_gmt":"2020-11-23T12:53:22","slug":"al-menos-4-muertos-y-varios-desaparecidos-deja-deslizamiento-de-tierra-en-noroeste-de-colombia","status":"publish","type":"post","link":"https:\/\/diariodominicano.com\/?p=239937","title":{"rendered":"Al menos 4 muertos y varios desaparecidos deja deslizamiento de tierra en noroeste de Colombia"},"content":{"rendered":"<p><body><\/p>\n<p>diariodominicano.com<\/p>\n<p><span class=\"text1noticias\">   BOGOTA, 23 nov (Xinhua) &#8212; Al menos cuatro personas murieron, una decena result\u00f3 herida y 15 est\u00e1n desaparecidas a causa de un deslizamiento de tierra ocurrido la madrugada de hoy en el municipio colombiano de Valdivia, en el departamento de Antioquia (noroeste), inform\u00f3 la Polic\u00eda Nacional de Colombia.<\/span><\/p>\n<\/p>\n<p><span class=\"text1noticias\">   \u00abInicialmente se presentaron cuatro personas fallecidas, y tenemos 10 personas lesionadas que han sido evacuadas del lugar y 15 desaparecidos, seg\u00fan la informaci\u00f3n que suministra la comunidad\u00bb, se\u00f1al\u00f3 a la prensa local de forma preliminar el director de la Polic\u00eda Nacional,  general \u00d3scar Atehortua.<\/span><\/p>\n<\/p>\n<p><span class=\"text1noticias\">   Aunque la cifra de v\u00edctimas fatales reportada hasta el momento por las autoridades es de cuatro, medios locales han difundido que el n\u00famero de muertos podr\u00eda ascender a siete por el deslizamiento ocurrido en el sector de Cachirim\u00e9.<\/span><\/p>\n<\/p>\n<p><span class=\"text1noticias\">   Por su parte, el gobernador de Antioquia, An\u00edbal Gaviria, dijo a medios locales que el desprendimiento de tierra ocurri\u00f3 sobre una discoteca de la zona.<\/span><\/p>\n<\/p>\n<p><span class=\"text1noticias\">   Expuso que las personas heridas fueron trasladadas a centros hospitalarios en la zona, mientras que organismos de socorro iniciaron el proceso de b\u00fasqueda y rescate de quienes est\u00e1n desaparecidos.<\/span><\/p>\n<\/p>\n<p><span class=\"text1noticias\">   \u00abEl llamado que yo hago a la ciudadan\u00eda alrededor del \u00e1rea es a que no se aglomeren, porque todav\u00eda hay posibilidades en estos sitios de que se produzcan nuevos deslizamientos (&#8230;) que dejen la labor de b\u00fasqueda y rescate \u00fanicamente a los especialistas\u00bb, precis\u00f3.<\/span><\/p>\n<\/p>\n<p><span class=\"text1noticias\">   Gaviria coment\u00f3 que como consecuencia del deslizamiento, la v\u00eda Medell\u00edn-Costa Atl\u00e1ntica se encuentra bloqueada de forma indefinida, por lo que pidi\u00f3 a los ciudadanos utilizar v\u00edas alternas.<\/span><\/p>\n<\/p>\n<p><span class=\"text1noticias\">   Como consecuencia de los deslizamientos en Antioquia, uno de los departamentos colombianos m\u00e1s afectados por la temporada de lluvias, dos hombres perdieron la vida el domingo y una mujer se encuentra desaparecida.<\/span><\/p>\n<\/p>\n<p><span class=\"text1noticias\">   La ola invernal en el pa\u00eds sudamericano ha ocasionado hasta ahora al menos 150 inundaciones, as\u00ed como unos 140 movimientos de masa y m\u00e1s de 30 crecientes, con saldo superior a los 30 muertos y unos 60.000 damnificados en todo el territorio colombiano. <\/span><\/p>\n<h6> 2020-11-23 12:53:22 <\/h6>\n<p><!--\n<link rel=\"stylesheet\" href=\"css\/bootstrap.min.css\">\n\n\n<ul class=\"pagination\">\n\t    \n\t\n\n<li >\n\t<a href='?page_no=51'>Previous<\/a>\n\t<\/li>\n\n\n       \n    \n\n<li><a href='?page_no=1'>1<\/a><\/li>\n\n\n\n<li><a href='?page_no=2'>2<\/a><\/li>\n\n\n\n<li><a>...<\/a><\/li>\n\n\n\n<li><a href='?page_no=50'>50<\/a><\/li>\n\n\n\n<li><a href='?page_no=51'>51<\/a><\/li>\n\n\n\n<li class='active'><a>52<\/a><\/li>\n\n\n\n<li><a href='?page_no=53'>53<\/a><\/li>\n\n\n\n<li><a href='?page_no=54'>54<\/a><\/li>\n\n\n\n<li><a>...<\/a><\/li>\n\n\n\n<li><a href='?page_no=51012'>51012<\/a><\/li>\n\n\n\n<li><a href='?page_no=51013'>51013<\/a><\/li>\n\n    \n\t\n\n<li >\n\t<a href='?page_no=53'>Next<\/a>\n\t<\/li>\n\n\n    \n\n<li><a href='?page_no=51013'>Last &rsaquo;&rsaquo;<\/a><\/li>\n\n<\/ul>\n\n\n--><br \/>\n<\/body><\/p>\n","protected":false},"excerpt":{"rendered":"<p>diariodominicano.com BOGOTA, 23 nov (Xinhua) &#8212; Al menos cuatro personas murieron, una decena result\u00f3 herida y 15 est\u00e1n desaparecidas a causa de un deslizamiento de tierra ocurrido la madrugada de hoy en el municipio colombiano de Valdivia, en el departamento de Antioquia (noroeste), inform\u00f3 la Polic\u00eda Nacional de Colombia. \u00abInicialmente se presentaron cuatro personas fallecidas, [&hellip;]<\/p>\n","protected":false},"author":3,"featured_media":0,"comment_status":"open","ping_status":"open","sticky":false,"template":"","format":"standard","meta":{"footnotes":""},"categories":[23],"tags":[],"class_list":["post-239937","post","type-post","status-publish","format-standard","hentry","category-internacional"],"_links":{"self":[{"href":"https:\/\/diariodominicano.com\/index.php?rest_route=\/wp\/v2\/posts\/239937","targetHints":{"allow":["GET"]}}],"collection":[{"href":"https:\/\/diariodominicano.com\/index.php?rest_route=\/wp\/v2\/posts"}],"about":[{"href":"https:\/\/diariodominicano.com\/index.php?rest_route=\/wp\/v2\/types\/post"}],"author":[{"embeddable":true,"href":"https:\/\/diariodominicano.com\/index.php?rest_route=\/wp\/v2\/users\/3"}],"replies":[{"embeddable":true,"href":"https:\/\/diariodominicano.com\/index.php?rest_route=%2Fwp%2Fv2%2Fcomments&post=239937"}],"version-history":[{"count":0,"href":"https:\/\/diariodominicano.com\/index.php?rest_route=\/wp\/v2\/posts\/239937\/revisions"}],"wp:attachment":[{"href":"https:\/\/diariodominicano.com\/index.php?rest_route=%2Fwp%2Fv2%2Fmedia&parent=239937"}],"wp:term":[{"taxonomy":"category","embeddable":true,"href":"https:\/\/diariodominicano.com\/index.php?rest_route=%2Fwp%2Fv2%2Fcategories&post=239937"},{"taxonomy":"post_tag","embeddable":true,"href":"https:\/\/diariodominicano.com\/index.php?rest_route=%2Fwp%2Fv2%2Ftags&post=239937"}],"curies":[{"name":"wp","href":"https:\/\/api.w.org\/{rel}","templated":true}]}}