{"id":239826,"date":"2020-11-24T10:20:47","date_gmt":"2020-11-24T10:20:47","guid":{"rendered":"http:\/\/diariodominicano.ddns.net\/?p=239826"},"modified":"2020-11-24T10:20:47","modified_gmt":"2020-11-24T10:20:47","slug":"haiti-podria-recurrir-a-la-violencia-para-detener-celula-policial","status":"publish","type":"post","link":"https:\/\/diariodominicano.com\/?p=239826","title":{"rendered":"Hait\u00ed podr\u00eda recurrir a la violencia para detener c\u00e9lula policial"},"content":{"rendered":"<p><body><\/p>\n<p><img decoding=\"async\" src=\"img3\/josephJouthe-haiti24-11-20.jpg\" \/>  <\/p>\n<p><span class=\"text1noticias\">diariodominicano.com<\/span><\/p>\n<p><span class=\"text1noticias\"> <\/span><\/p>\n<p><span class=\"text1noticias\">Puerto Pr\u00edncipe, 24 nov (Prensa Latina) El gobierno de Hait\u00ed insiste hoy en detener al grupo Fantom 509 que protagoniza intensas protestas, aunque para esto tenga que recurrir a la violencia, indic\u00f3 el primer ministro, Jospeh Jouthe.<\/span><\/p>\n<p><span class=\"text1noticias\"> <\/span><\/p>\n<p><span class=\"text1noticias\">El jefe de Gobierno no desestima &#8216;un ba\u00f1o de sangre&#8217; para tener paz, asegur\u00f3 a una radio capitalina y elogi\u00f3 la actitud del comisario de la comuna de Petion Ville que impidi\u00f3 a la c\u00e9lula alcanzar la residencia del presidente Jovenel Mo\u00efse durante la movilizaci\u00f3n del viernes \u00faltimo.<\/span><\/p>\n<p><span class=\"text1noticias\"> <\/span><\/p>\n<p><span class=\"text1noticias\">Fantom 509 naci\u00f3 al calor de las manifestaciones policiales de inicios de a\u00f1o que exig\u00edan mejoras salariales, bonos econ\u00f3micos, acceso a servicios de salud y otras demandas. Sin embargo, r\u00e1pidamente radicalizaron sus reclamos con enfrentamientos con el ej\u00e9rcito y el ataque a las instituciones p\u00fablicas.<\/span><\/p>\n<p><span class=\"text1noticias\"> <\/span><\/p>\n<p><span class=\"text1noticias\">Durante las protestas de la semana pasada al menos una decena de veh\u00edculos fueron incendiados, la mayor\u00eda estatales, una pr\u00e1ctica habitual de sus movimientos.<\/span><\/p>\n<p><span class=\"text1noticias\"> <\/span><\/p>\n<p><span class=\"text1noticias\">Jouthe sugiri\u00f3 que incluso est\u00e1 dispuesto a sustituir al reci\u00e9n instalado director de la Polic\u00eda, Le\u00f3n Charles, si la instituci\u00f3n no tiene resultados.<\/span><\/p>\n<p><span class=\"text1noticias\"> <\/span><\/p>\n<p><span class=\"text1noticias\">&#8216;Llamo a los Fantom 509 a la raz\u00f3n, pero si persisten, tendremos que enfrentar lo peor. El alto mando de la Polic\u00eda Nacional debe asumir la responsabilidad. Estoy listo para hacer cambios hasta que obtenga resultados&#8217;, sentenci\u00f3.<\/span><\/p>\n<p><span class=\"text1noticias\"> <\/span><\/p>\n<p><span class=\"text1noticias\">La facci\u00f3n policial exige un salario b\u00e1sico de 50 mil gourdes (unos 770 d\u00f3lares) y una tarjeta de d\u00e9bito de 25 mil (casi 390 d\u00f3lares), sin embargo, el gobierno afirma no contar con los recursos para ese aumento.<\/span><\/p>\n<p><span class=\"text1noticias\"> <\/span><\/p>\n<p><span class=\"text1noticias\">En septiembre pasado protestas similares lograron la excarcelaci\u00f3n de varios polic\u00edas, mientras el gobierno que los calific\u00f3 de c\u00e9lula terrorista.<\/span><\/p>\n<\/p>\n<p>ga\/ane<\/p>\n<h6> 2020-11-24 10:20:47 <\/h6>\n<p><!--\n<link rel=\"stylesheet\" href=\"css\/bootstrap.min.css\">\n\n\n<ul class=\"pagination\">\n\t    \n\t\n\n<li >\n\t<a href='?page_no=50'>Previous<\/a>\n\t<\/li>\n\n\n       \n    \n\n<li><a href='?page_no=1'>1<\/a><\/li>\n\n\n\n<li><a href='?page_no=2'>2<\/a><\/li>\n\n\n\n<li><a>...<\/a><\/li>\n\n\n\n<li><a href='?page_no=49'>49<\/a><\/li>\n\n\n\n<li><a href='?page_no=50'>50<\/a><\/li>\n\n\n\n<li class='active'><a>51<\/a><\/li>\n\n\n\n<li><a href='?page_no=52'>52<\/a><\/li>\n\n\n\n<li><a href='?page_no=53'>53<\/a><\/li>\n\n\n\n<li><a>...<\/a><\/li>\n\n\n\n<li><a href='?page_no=51012'>51012<\/a><\/li>\n\n\n\n<li><a href='?page_no=51013'>51013<\/a><\/li>\n\n    \n\t\n\n<li >\n\t<a href='?page_no=52'>Next<\/a>\n\t<\/li>\n\n\n    \n\n<li><a href='?page_no=51013'>Last &rsaquo;&rsaquo;<\/a><\/li>\n\n<\/ul>\n\n\n--><br \/>\n<\/body><\/p>\n","protected":false},"excerpt":{"rendered":"<p>diariodominicano.com Puerto Pr\u00edncipe, 24 nov (Prensa Latina) El gobierno de Hait\u00ed insiste hoy en detener al grupo Fantom 509 que protagoniza intensas protestas, aunque para esto tenga que recurrir a la violencia, indic\u00f3 el primer ministro, Jospeh Jouthe. El jefe de Gobierno no desestima &#8216;un ba\u00f1o de sangre&#8217; para tener paz, asegur\u00f3 a una radio [&hellip;]<\/p>\n","protected":false},"author":3,"featured_media":0,"comment_status":"open","ping_status":"open","sticky":false,"template":"","format":"standard","meta":{"footnotes":""},"categories":[23],"tags":[],"class_list":["post-239826","post","type-post","status-publish","format-standard","hentry","category-internacional"],"_links":{"self":[{"href":"https:\/\/diariodominicano.com\/index.php?rest_route=\/wp\/v2\/posts\/239826","targetHints":{"allow":["GET"]}}],"collection":[{"href":"https:\/\/diariodominicano.com\/index.php?rest_route=\/wp\/v2\/posts"}],"about":[{"href":"https:\/\/diariodominicano.com\/index.php?rest_route=\/wp\/v2\/types\/post"}],"author":[{"embeddable":true,"href":"https:\/\/diariodominicano.com\/index.php?rest_route=\/wp\/v2\/users\/3"}],"replies":[{"embeddable":true,"href":"https:\/\/diariodominicano.com\/index.php?rest_route=%2Fwp%2Fv2%2Fcomments&post=239826"}],"version-history":[{"count":0,"href":"https:\/\/diariodominicano.com\/index.php?rest_route=\/wp\/v2\/posts\/239826\/revisions"}],"wp:attachment":[{"href":"https:\/\/diariodominicano.com\/index.php?rest_route=%2Fwp%2Fv2%2Fmedia&parent=239826"}],"wp:term":[{"taxonomy":"category","embeddable":true,"href":"https:\/\/diariodominicano.com\/index.php?rest_route=%2Fwp%2Fv2%2Fcategories&post=239826"},{"taxonomy":"post_tag","embeddable":true,"href":"https:\/\/diariodominicano.com\/index.php?rest_route=%2Fwp%2Fv2%2Ftags&post=239826"}],"curies":[{"name":"wp","href":"https:\/\/api.w.org\/{rel}","templated":true}]}}