{"id":239714,"date":"2020-11-30T14:23:36","date_gmt":"2020-11-30T14:23:36","guid":{"rendered":"http:\/\/diariodominicano.ddns.net\/?p=239714"},"modified":"2020-11-30T14:23:36","modified_gmt":"2020-11-30T14:23:36","slug":"biden-nomina-a-ex-presidenta-de-fed-janet-yellen-como-secretaria-del-tesoro","status":"publish","type":"post","link":"https:\/\/diariodominicano.com\/?p=239714","title":{"rendered":"Biden nomina a ex presidenta de Fed Janet Yellen como secretaria del Tesoro"},"content":{"rendered":"<p><body><\/p>\n<p><img decoding=\"async\" src=\"img3\/Bidennombra30-11-20.jpg\" \/>  <\/p>\n<p><span class=\"text1noticias\">diariodominicano.com<\/span><\/p>\n<p><span class=\"text1noticias\">   WASHINGTON, 30 nov (Xinhua) &#8212; El presidente electo de Estados Unidos, Joe Biden, dio a conocer hoy a su equipo econ\u00f3mico, en el que nomin\u00f3 a Janet Yellen, ex presidenta de la Reserva Federal (Fed), para que dirija el Departamento del Tesoro.<\/span><\/p>\n<\/p>\n<p><span class=\"text1noticias\">   Si es confirmada por el Senado, Yellen ser\u00eda la primera mujer en desempe\u00f1arse como secretaria del Tesoro de Estados Unidos en los 231 a\u00f1os de historia del departamento. Tambi\u00e9n ser\u00eda la primera persona en haber ocupado los cargos de secretaria del Tesoro, presidenta del Consejo de Asesores Econ\u00f3micos y presidenta de la Reserva Federal.<\/span><\/p>\n<\/p>\n<p><span class=\"text1noticias\">   Biden tambi\u00e9n seleccion\u00f3 a Neera Tanden, quien actualmente se desempe\u00f1a como presidenta y directora general del Centro para el Progreso Estadounidense, como directora de la Oficina de Administraci\u00f3n y Presupuesto (OMB), y nombr\u00f3 a Cecilia Rouse, decana de la Escuela de Asuntos P\u00fablicos e Internacionales de Princeton, para que encabece el Consejo de Asesores Econ\u00f3micos de la Casa Blanca.<\/span><\/p>\n<\/p>\n<p><span class=\"text1noticias\">   Las dos selecciones tambi\u00e9n har\u00e1n historia, ya que Tanden ser\u00eda la primera mujer de color y la primera estadounidense surasi\u00e1tica en dirigir la OMB, y Rouse se convertir\u00eda en la primera mujer afroamericana en dirigir el Consejo de Asesores Econ\u00f3micos.<\/span><\/p>\n<\/p>\n<p><span class=\"text1noticias\">   El presidente electo tambi\u00e9n eligi\u00f3 a Wally Adeyemo, presidente de la Fundaci\u00f3n Obama, como subsecretario del Tesoro. De ser confirmado, Adeyemo ser\u00eda el primer subsecretario negro del Tesoro.<\/span><\/p>\n<\/p>\n<p><span class=\"text1noticias\">   Jared Bernstein y Heather Boushey fueron nombrados miembros del Consejo de Asesores Econ\u00f3micos. <\/span><\/p>\n<\/p>\n<p><span class=\"text1noticias\">Bernstein se desempe\u00f1\u00f3 como economista en jefe del entonces vicepresidente Biden en la administraci\u00f3n Obama-Biden antes de unirse al Centro de Prioridades Presupuestarias y Pol\u00edticas. Boushey ha sido durante mucho tiempo consejera econ\u00f3mica de Biden y actualmente es presidenta y directora ejecutiva del Centro de Crecimiento Equitativo en Washington.<\/span><\/p>\n<\/p>\n<p><span class=\"text1noticias\">    \u00abEl presidente electo Biden y la vicepresidenta electa (Kamala) Harris han escogido un equipo consumado y probado en la crisis, compuesto por pioneros hist\u00f3ricos que representan a una amplia diversidad de antecedentes y experiencias vividas, que se pondr\u00e1n a trabajar desde el primer d\u00eda para reconstruir mejor nuestra econom\u00eda y garantizar que todos y cada uno de los estadounidenses participen en el acuerdo\u00bb, dijo Biden en un comunicado. <\/span><\/p>\n<h6> 2020-11-30 14:23:36 <\/h6>\n<p><!--\n<link rel=\"stylesheet\" href=\"css\/bootstrap.min.css\">\n\n\n<ul class=\"pagination\">\n\t    \n\t\n\n<li >\n\t<a href='?page_no=4'>Previous<\/a>\n\t<\/li>\n\n\n       \n    \n\n<li><a href='?page_no=1'>1<\/a><\/li>\n\n\n\n<li><a href='?page_no=2'>2<\/a><\/li>\n\n\n\n<li><a>...<\/a><\/li>\n\n\n\n<li><a href='?page_no=3'>3<\/a><\/li>\n\n\n\n<li><a href='?page_no=4'>4<\/a><\/li>\n\n\n\n<li class='active'><a>5<\/a><\/li>\n\n\n\n<li><a href='?page_no=6'>6<\/a><\/li>\n\n\n\n<li><a href='?page_no=7'>7<\/a><\/li>\n\n\n\n<li><a>...<\/a><\/li>\n\n\n\n<li><a href='?page_no=51012'>51012<\/a><\/li>\n\n\n\n<li><a href='?page_no=51013'>51013<\/a><\/li>\n\n    \n\t\n\n<li >\n\t<a href='?page_no=6'>Next<\/a>\n\t<\/li>\n\n\n    \n\n<li><a href='?page_no=51013'>Last &rsaquo;&rsaquo;<\/a><\/li>\n\n<\/ul>\n\n\n--><br \/>\n<\/body><\/p>\n","protected":false},"excerpt":{"rendered":"<p>diariodominicano.com WASHINGTON, 30 nov (Xinhua) &#8212; El presidente electo de Estados Unidos, Joe Biden, dio a conocer hoy a su equipo econ\u00f3mico, en el que nomin\u00f3 a Janet Yellen, ex presidenta de la Reserva Federal (Fed), para que dirija el Departamento del Tesoro. Si es confirmada por el Senado, Yellen ser\u00eda la primera mujer en [&hellip;]<\/p>\n","protected":false},"author":3,"featured_media":0,"comment_status":"open","ping_status":"open","sticky":false,"template":"","format":"standard","meta":{"footnotes":""},"categories":[23],"tags":[],"class_list":["post-239714","post","type-post","status-publish","format-standard","hentry","category-internacional"],"_links":{"self":[{"href":"https:\/\/diariodominicano.com\/index.php?rest_route=\/wp\/v2\/posts\/239714","targetHints":{"allow":["GET"]}}],"collection":[{"href":"https:\/\/diariodominicano.com\/index.php?rest_route=\/wp\/v2\/posts"}],"about":[{"href":"https:\/\/diariodominicano.com\/index.php?rest_route=\/wp\/v2\/types\/post"}],"author":[{"embeddable":true,"href":"https:\/\/diariodominicano.com\/index.php?rest_route=\/wp\/v2\/users\/3"}],"replies":[{"embeddable":true,"href":"https:\/\/diariodominicano.com\/index.php?rest_route=%2Fwp%2Fv2%2Fcomments&post=239714"}],"version-history":[{"count":0,"href":"https:\/\/diariodominicano.com\/index.php?rest_route=\/wp\/v2\/posts\/239714\/revisions"}],"wp:attachment":[{"href":"https:\/\/diariodominicano.com\/index.php?rest_route=%2Fwp%2Fv2%2Fmedia&parent=239714"}],"wp:term":[{"taxonomy":"category","embeddable":true,"href":"https:\/\/diariodominicano.com\/index.php?rest_route=%2Fwp%2Fv2%2Fcategories&post=239714"},{"taxonomy":"post_tag","embeddable":true,"href":"https:\/\/diariodominicano.com\/index.php?rest_route=%2Fwp%2Fv2%2Ftags&post=239714"}],"curies":[{"name":"wp","href":"https:\/\/api.w.org\/{rel}","templated":true}]}}