{"id":239492,"date":"2020-11-24T12:27:48","date_gmt":"2020-11-24T12:27:48","guid":{"rendered":"http:\/\/diariodominicano.ddns.net\/?p=239492"},"modified":"2020-11-24T12:27:48","modified_gmt":"2020-11-24T12:27:48","slug":"retirada-de-ee-uu-de-tratado-de-cielos-abiertos-pone-en-peligro-paz-mundial","status":"publish","type":"post","link":"https:\/\/diariodominicano.com\/?p=239492","title":{"rendered":"Retirada de EE. UU. de Tratado de Cielos Abiertos pone en peligro paz mundial"},"content":{"rendered":"<p><body><\/p>\n<p><span class=\"text1noticias\">diariodominicano.com<\/span><\/p>\n<p><span class=\"text1noticias\"> <\/span><\/p>\n<p><span class=\"text1noticias\">BEIJING, 24 nov (Xinhua) &#8212; Con su retirada el domingo del Tratado de Cielos Abiertos, Estados Unidos se aleja todav\u00eda m\u00e1s de las obligaciones que le corresponden, como \u00fanica superpotencia del mundo, en cuanto a protecci\u00f3n de la paz y seguridad mundial.<\/span><\/p>\n<p><span class=\"text1noticias\"> <\/span><\/p>\n<p><span class=\"text1noticias\">En un mundo de desaf\u00edos abundantes y crisis recurrentes, esta \u00faltima medida unilateral de Washington a\u00f1ade sin duda m\u00e1s incertidumbre a una comunidad global cada vez m\u00e1s perpleja.<\/span><\/p>\n<p><span class=\"text1noticias\"> <\/span><\/p>\n<p><span class=\"text1noticias\">La preocupaci\u00f3n m\u00e1s inmediata es que la retirada imprudente de EE. UU. del convenio desmantela una plataforma que serv\u00eda a los firmantes para aminorar el riesgo de conflictos y generar confianza.<\/span><\/p>\n<p><span class=\"text1noticias\"> <\/span><\/p>\n<p><span class=\"text1noticias\">El tratado, que se firm\u00f3 en 1992 y que entr\u00f3 en vigor en 2002, permite a los signatarios llevar a cabo vuelos de reconocimiento sin armas en territorio de los otros para recoger informaci\u00f3n sobre actividades militares a fin de reforzar la comprensi\u00f3n mutua, aumentar la confianza y promover la apertura y transparencia militar entre Washington, Mosc\u00fa y los miembros de la OTAN en el mundo posterior a la Guerra Fr\u00eda.<\/span><\/p>\n<p><span class=\"text1noticias\"> <\/span><\/p>\n<p><span class=\"text1noticias\">Hasta 2019, se hab\u00edan conducido en virtud del pacto y de forma segura 1.500 vuelos.<\/span><\/p>\n<p><span class=\"text1noticias\"> <\/span><\/p>\n<p><span class=\"text1noticias\">Sin embargo, ahora que Washington le ha dado la espalda, el pacto ser\u00e1 con probabilidad menos eficaz a la hora de reducir el riesgo de que haya juicios estrat\u00e9gicos err\u00f3neos y aplacar la confrontaci\u00f3n geopol\u00edtica.<\/span><\/p>\n<p><span class=\"text1noticias\"> <\/span><\/p>\n<p><span class=\"text1noticias\">Cuando el secretario de Estado estadounidense, Mike Pompeo, trat\u00f3 de justificar la decisi\u00f3n afirmando que har\u00eda que EE. UU. estuviese m\u00e1s seguro, el Ministerio de Asuntos Exteriores ruso advirti\u00f3 de que ni la seguridad europea ni la de Estados Unidos y sus aliados se beneficiar\u00edan de la retirada.<\/span><\/p>\n<p><span class=\"text1noticias\"> <\/span><\/p>\n<p><span class=\"text1noticias\">La medida unilateral estadounidense socava los acuerdos existentes sobre control de armas.<\/span><\/p>\n<p><span class=\"text1noticias\"> <\/span><\/p>\n<p><span class=\"text1noticias\">El tratado era reconocido como una parte muy importante de la arquitectura de control armament\u00edstico global y, a lo largo de los a\u00f1os, hab\u00eda servido para reforzar la seguridad europea.<\/span><\/p>\n<p><span class=\"text1noticias\"> <\/span><\/p>\n<p><span class=\"text1noticias\">El acto obstinado de Washington no es m\u00e1s que el \u00faltimo episodio de la b\u00fasqueda sin escr\u00fapulos por parte del pa\u00eds m\u00e1s poderoso del mundo de una \u00abseguridad absoluta\u00bb en un mundo donde la seguridad colectiva se considera la opci\u00f3n correcta.<\/span><\/p>\n<p><span class=\"text1noticias\"> <\/span><\/p>\n<p><span class=\"text1noticias\">No es la primera vez que EE. UU. erosiona el sistema de control armament\u00edstico. Desde su retirada del Tratado de Fuerzas Nucleares de Alcance Intermedio hasta su renuencia a extender el Nuevo Tratado de Reducci\u00f3n de Armas Estrat\u00e9gicas (Nuevo START), Washington ha frustrado una y otra vez los esfuerzos concertados de la comunidad internacional para lograr equilibrio y estabilidad estrat\u00e9gicos.<\/span><\/p>\n<p><span class=\"text1noticias\"> <\/span><\/p>\n<p><span class=\"text1noticias\">Ante los caprichos de EE. UU., incluso sus aliados han mostrado su inquietud. El ministro de Asuntos Exteriores alem\u00e1n, Heiko Maas, afirm\u00f3 que su pa\u00eds lamentaba la retirada de Washington y que segu\u00eda considerando el tratado \u00abcomo una parte importante de la arquitectura de control de armas\u00bb.<\/span><\/p>\n<p><span class=\"text1noticias\"> <\/span><\/p>\n<p><span class=\"text1noticias\">Al poner de forma obstinada sus intereses por encima de los intereses comunes del mundo, Estados Unidos est\u00e1 tambi\u00e9n fortaleciendo su imagen de superpotencia autoritaria y egoc\u00e9ntrica.<\/span><\/p>\n<p><span class=\"text1noticias\"> <\/span><\/p>\n<p><span class=\"text1noticias\">A lo largo de los \u00faltimos a\u00f1os, ha puesto a un lado sus deberes como gran pa\u00eds responsable retir\u00e1ndose de un tratado internacional tras otro, entre ellos, el acuerdo clim\u00e1tico de Par\u00eds y el convenio nuclear de Ir\u00e1n.<\/span><\/p>\n<p><span class=\"text1noticias\"> <\/span><\/p>\n<p><span class=\"text1noticias\">Su alejamiento excesivo de la cooperaci\u00f3n internacional y traici\u00f3n total al esp\u00edritu de consultas han minado el impulso colectivo del mundo a la hora de abordar el cambio clim\u00e1tico, contener la proliferaci\u00f3n nuclear, combatir el terrorismo y, m\u00e1s recientemente, luchar contra la pandemia del nuevo coronavirus.<\/span><\/p>\n<p><span class=\"text1noticias\"> <\/span><\/p>\n<p><span class=\"text1noticias\">Con su adicci\u00f3n a romper tratados y compromisos internacionales, Washington se ha convertido en el mayor violador del orden internacional y la mayor amenaza para la seguridad mundial.<\/span><\/p>\n<p><span class=\"text1noticias\"> <\/span><\/p>\n<p><span class=\"text1noticias\">En una \u00e9poca de interdependencia cada vez mayor, la mejor forma de garantizar los intereses vitales propios es garantizar los intereses compartidos de todos.<\/span><\/p>\n<p><span class=\"text1noticias\"> <\/span><\/p>\n<p><span class=\"text1noticias\">Sin embargo, los pol\u00edticos en Washington, al seguir la doctrina miope de poner a \u00abEstados Unidos primero\u00bb, no hacen otra cosa que ir hacia atr\u00e1s. Deber\u00edan cambiar de direcci<\/span>\u00f3n lo antes posible.<\/p>\n<\/p>\n<p><span class=\"text1noticias\">(Multimedia)  <\/span><\/p>\n<p><span class=\"text1noticias\">Imagen del 21 de mayo de 2020 de la Casa Blanca, en Washington D.C., Estados Unidos. (Xinhua\/Ting Shen)<\/span><\/p>\n<h6> 2020-11-24 12:27:48 <\/h6>\n<p><!--\n<link rel=\"stylesheet\" href=\"css\/bootstrap.min.css\">\n\n\n<ul class=\"pagination\">\n\t    \n\t\n\n<li >\n\t<a href='?page_no=47'>Previous<\/a>\n\t<\/li>\n\n\n       \n    \n\n<li><a href='?page_no=1'>1<\/a><\/li>\n\n\n\n<li><a href='?page_no=2'>2<\/a><\/li>\n\n\n\n<li><a>...<\/a><\/li>\n\n\n\n<li><a href='?page_no=46'>46<\/a><\/li>\n\n\n\n<li><a href='?page_no=47'>47<\/a><\/li>\n\n\n\n<li class='active'><a>48<\/a><\/li>\n\n\n\n<li><a href='?page_no=49'>49<\/a><\/li>\n\n\n\n<li><a href='?page_no=50'>50<\/a><\/li>\n\n\n\n<li><a>...<\/a><\/li>\n\n\n\n<li><a href='?page_no=51012'>51012<\/a><\/li>\n\n\n\n<li><a href='?page_no=51013'>51013<\/a><\/li>\n\n    \n\t\n\n<li >\n\t<a href='?page_no=49'>Next<\/a>\n\t<\/li>\n\n\n    \n\n<li><a href='?page_no=51013'>Last &rsaquo;&rsaquo;<\/a><\/li>\n\n<\/ul>\n\n\n--><br \/>\n<\/body><\/p>\n","protected":false},"excerpt":{"rendered":"<p>diariodominicano.com BEIJING, 24 nov (Xinhua) &#8212; Con su retirada el domingo del Tratado de Cielos Abiertos, Estados Unidos se aleja todav\u00eda m\u00e1s de las obligaciones que le corresponden, como \u00fanica superpotencia del mundo, en cuanto a protecci\u00f3n de la paz y seguridad mundial. En un mundo de desaf\u00edos abundantes y crisis recurrentes, esta \u00faltima medida [&hellip;]<\/p>\n","protected":false},"author":3,"featured_media":0,"comment_status":"open","ping_status":"open","sticky":false,"template":"","format":"standard","meta":{"footnotes":""},"categories":[23],"tags":[],"class_list":["post-239492","post","type-post","status-publish","format-standard","hentry","category-internacional"],"_links":{"self":[{"href":"https:\/\/diariodominicano.com\/index.php?rest_route=\/wp\/v2\/posts\/239492","targetHints":{"allow":["GET"]}}],"collection":[{"href":"https:\/\/diariodominicano.com\/index.php?rest_route=\/wp\/v2\/posts"}],"about":[{"href":"https:\/\/diariodominicano.com\/index.php?rest_route=\/wp\/v2\/types\/post"}],"author":[{"embeddable":true,"href":"https:\/\/diariodominicano.com\/index.php?rest_route=\/wp\/v2\/users\/3"}],"replies":[{"embeddable":true,"href":"https:\/\/diariodominicano.com\/index.php?rest_route=%2Fwp%2Fv2%2Fcomments&post=239492"}],"version-history":[{"count":0,"href":"https:\/\/diariodominicano.com\/index.php?rest_route=\/wp\/v2\/posts\/239492\/revisions"}],"wp:attachment":[{"href":"https:\/\/diariodominicano.com\/index.php?rest_route=%2Fwp%2Fv2%2Fmedia&parent=239492"}],"wp:term":[{"taxonomy":"category","embeddable":true,"href":"https:\/\/diariodominicano.com\/index.php?rest_route=%2Fwp%2Fv2%2Fcategories&post=239492"},{"taxonomy":"post_tag","embeddable":true,"href":"https:\/\/diariodominicano.com\/index.php?rest_route=%2Fwp%2Fv2%2Ftags&post=239492"}],"curies":[{"name":"wp","href":"https:\/\/api.w.org\/{rel}","templated":true}]}}