{"id":239381,"date":"2020-11-24T12:34:42","date_gmt":"2020-11-24T12:34:42","guid":{"rendered":"http:\/\/diariodominicano.ddns.net\/?p=239381"},"modified":"2020-11-24T12:34:42","modified_gmt":"2020-11-24T12:34:42","slug":"mejora-clima-para-hacer-negocios-en-america-latina-en-cuarto-trimestre-segun-fgv-de-brasil","status":"publish","type":"post","link":"https:\/\/diariodominicano.com\/?p=239381","title":{"rendered":"Mejora clima para hacer negocios en Am\u00e9rica Latina en cuarto trimestre, seg\u00fan FGV de Brasil"},"content":{"rendered":"<p><body><\/p>\n<p><img decoding=\"async\" src=\"img3\/AL-clima denegocios24-11-20.jpg\" \/>  <\/p>\n<p><span class=\"text1noticias\">diariodominicano.com<\/span><\/p>\n<\/p>\n<p><span class=\"text1noticias\">   RIO DE JANEIRO, 24 nov (Xinhua) &#8212; El clima para realizar negocios en Am\u00e9rica Latina mejor\u00f3 en el cuarto trimestre del a\u00f1o, divulg\u00f3 hoy la Fundaci\u00f3n Getulio Vargas (FGV) en su informe que trimestralmente da a conocer la instituci\u00f3n brasile\u00f1a de investigaci\u00f3n.<\/span><\/p>\n<\/p>\n<p><span class=\"text1noticias\">   De acuerdo con la FGV, el Indicador de Clima Econ\u00f3mico (ICE) de Am\u00e9rica Latina se modific\u00f3 en 3,9 puntos entre el tercer y el cuarto trimestre del a\u00f1o, al pasar de 43,2 a 39,3 puntos negativos, por lo que el indicador sigue en zona desfavorable del ciclo econ\u00f3mico.<\/span><\/p>\n<\/p>\n<p><span class=\"text1noticias\">   El ICE es una medida entre el Indicador de la Situaci\u00f3n Actual (ISA) y el Indicador de Expectativas (IE).<\/span><\/p>\n<p><span class=\"text1noticias\">   La mejora del ICE se debi\u00f3 al avance del ISA, que se modific\u00f3 4,4 puntos en el cuarto trimestre, al pasar de 98 a 93,6 puntos negativos, resultado que a\u00fan es \u00abextremadamente malo\u00bb, seg\u00fan la FGV.<\/span><\/p>\n<\/p>\n<p><span class=\"text1noticias\">   A su vez, el IE se modific\u00f3 de 41,1 a 42,8 puntos negativos, un aumento de 1,7 unidades entre el tercer y el cuatro trimestre de este a\u00f1o.<\/span><\/p>\n<\/p>\n<p><span class=\"text1noticias\">   El ICE avanz\u00f3 durante el cuarto trimestre en todos los pa\u00edses de la regi\u00f3n, excepto en Argentina y en Brasil, a pesar de lo cual los indicadores de los pa\u00edses analizados se mantienen en niveles desfavorables.<\/span><\/p>\n<\/p>\n<p><span class=\"text1noticias\">   El pa\u00eds con el mejor ICE es Paraguay (14,8 puntos negativos), seguido de Uruguay (21,4 puntos negativos) y Colombia (28,5 puntos negativos).<\/span><\/p>\n<\/p>\n<p><span class=\"text1noticias\">   Seg\u00fan el informe, cuatro pa\u00edses (Brasil, Chile, Paraguay y Per\u00fa) registraron un aumento del ISA en el cuarto trimestre del a\u00f1o, en que destac\u00f3 Paraguay al pasar a 85,7 puntos negativos.<\/span><\/p>\n<\/p>\n<p><span class=\"text1noticias\">   Ecuador y M\u00e9xico mantuvieron el indicador en un nivel m\u00ednimo de 100 puntos negativos en el tercer y cuarto trimestre, mientras que el indicador que mide la situaci\u00f3n actual cay\u00f3 en Argentina, Bolivia, Colombia y Uruguay.<\/span><\/p>\n<\/p>\n<p><span class=\"text1noticias\">   El estudio proyect\u00f3 tambi\u00e9n el Producto Interno Bruto (PIB) en pa\u00edses latinoamericanos para el cierre del a\u00f1o.<\/span><\/p>\n<\/p>\n<p><span class=\"text1noticias\">   Todos tendr\u00e1n un resultado negativo, liderados por Argentina con un decremento del 22 por ciento, mientras que el mejor resultado lo tendr\u00eda Paraguay, con una retracci\u00f3n del 1,9 por ciento, al tiempo que en todos se proyecta un aumento del PIB para 2021.<\/span><\/p>\n<\/p>\n<p><span class=\"text1noticias\">   Anteriormente, el indicador del clima para realizar negocios en Am\u00e9rica Latina lo realizaba la FGV cada trimestre en coordinaci\u00f3n con el instituto alem\u00e1n IFO, pero a partir de este a\u00f1o lo elabora de manera individual.<\/span><\/p>\n<\/p>\n<p><span class=\"text1noticias\">   La FGV es el principal centro de an\u00e1lisis y datos tanto pol\u00edticos como econ\u00f3micos de Brasil, adem\u00e1s de considerarse como un importante \u00ablaboratorio de ideas\u00bb en Am\u00e9rica Latina. Fin<\/span><\/p>\n<h6> 2020-11-24 12:34:42 <\/h6>\n<p><!--\n<link rel=\"stylesheet\" href=\"css\/bootstrap.min.css\">\n\n\n<ul class=\"pagination\">\n\t    \n\t\n\n<li >\n\t<a href='?page_no=46'>Previous<\/a>\n\t<\/li>\n\n\n       \n    \n\n<li><a href='?page_no=1'>1<\/a><\/li>\n\n\n\n<li><a href='?page_no=2'>2<\/a><\/li>\n\n\n\n<li><a>...<\/a><\/li>\n\n\n\n<li><a href='?page_no=45'>45<\/a><\/li>\n\n\n\n<li><a href='?page_no=46'>46<\/a><\/li>\n\n\n\n<li class='active'><a>47<\/a><\/li>\n\n\n\n<li><a href='?page_no=48'>48<\/a><\/li>\n\n\n\n<li><a href='?page_no=49'>49<\/a><\/li>\n\n\n\n<li><a>...<\/a><\/li>\n\n\n\n<li><a href='?page_no=51012'>51012<\/a><\/li>\n\n\n\n<li><a href='?page_no=51013'>51013<\/a><\/li>\n\n    \n\t\n\n<li >\n\t<a href='?page_no=48'>Next<\/a>\n\t<\/li>\n\n\n    \n\n<li><a href='?page_no=51013'>Last &rsaquo;&rsaquo;<\/a><\/li>\n\n<\/ul>\n\n\n--><br \/>\n<\/body><\/p>\n","protected":false},"excerpt":{"rendered":"<p>diariodominicano.com RIO DE JANEIRO, 24 nov (Xinhua) &#8212; El clima para realizar negocios en Am\u00e9rica Latina mejor\u00f3 en el cuarto trimestre del a\u00f1o, divulg\u00f3 hoy la Fundaci\u00f3n Getulio Vargas (FGV) en su informe que trimestralmente da a conocer la instituci\u00f3n brasile\u00f1a de investigaci\u00f3n. De acuerdo con la FGV, el Indicador de Clima Econ\u00f3mico (ICE) de [&hellip;]<\/p>\n","protected":false},"author":3,"featured_media":0,"comment_status":"open","ping_status":"open","sticky":false,"template":"","format":"standard","meta":{"footnotes":""},"categories":[23],"tags":[],"class_list":["post-239381","post","type-post","status-publish","format-standard","hentry","category-internacional"],"_links":{"self":[{"href":"https:\/\/diariodominicano.com\/index.php?rest_route=\/wp\/v2\/posts\/239381","targetHints":{"allow":["GET"]}}],"collection":[{"href":"https:\/\/diariodominicano.com\/index.php?rest_route=\/wp\/v2\/posts"}],"about":[{"href":"https:\/\/diariodominicano.com\/index.php?rest_route=\/wp\/v2\/types\/post"}],"author":[{"embeddable":true,"href":"https:\/\/diariodominicano.com\/index.php?rest_route=\/wp\/v2\/users\/3"}],"replies":[{"embeddable":true,"href":"https:\/\/diariodominicano.com\/index.php?rest_route=%2Fwp%2Fv2%2Fcomments&post=239381"}],"version-history":[{"count":0,"href":"https:\/\/diariodominicano.com\/index.php?rest_route=\/wp\/v2\/posts\/239381\/revisions"}],"wp:attachment":[{"href":"https:\/\/diariodominicano.com\/index.php?rest_route=%2Fwp%2Fv2%2Fmedia&parent=239381"}],"wp:term":[{"taxonomy":"category","embeddable":true,"href":"https:\/\/diariodominicano.com\/index.php?rest_route=%2Fwp%2Fv2%2Fcategories&post=239381"},{"taxonomy":"post_tag","embeddable":true,"href":"https:\/\/diariodominicano.com\/index.php?rest_route=%2Fwp%2Fv2%2Ftags&post=239381"}],"curies":[{"name":"wp","href":"https:\/\/api.w.org\/{rel}","templated":true}]}}