{"id":239159,"date":"2020-11-24T17:12:33","date_gmt":"2020-11-24T17:12:33","guid":{"rendered":"http:\/\/diariodominicano.ddns.net\/?p=239159"},"modified":"2020-11-24T17:12:33","modified_gmt":"2020-11-24T17:12:33","slug":"real-academia-espanola-presenta-actualizacion-de-diccionario-de-la-lengua","status":"publish","type":"post","link":"https:\/\/diariodominicano.com\/?p=239159","title":{"rendered":"Real Academia Espa\u00f1ola presenta actualizaci\u00f3n de Diccionario de la Lengua"},"content":{"rendered":"<p><body><\/p>\n<p><img decoding=\"async\" src=\"img3\/juan_luis_cebrian24-11-20.jpg\" \/>  <\/p>\n<p><span class=\"text1noticias\">diariodominicano.com<\/span><\/p>\n<p><span class=\"text1noticias\">   MADRID, 24 nov (Xinhua) &#8212; La Real Academia Espa\u00f1ola (RAE) present\u00f3 hoy la actualizaci\u00f3n del Diccionario de la Lengua Espa\u00f1ola (DLE), en el que dio a conocer 2.557 novedades, tanto enmiendas como adiciones.<\/span><\/p>\n<\/p>\n<p><span class=\"text1noticias\">   La RAE difundi\u00f3 este martes en su cuenta de la red social Twitter que la presentaci\u00f3n tuvo lugar en el sal\u00f3n de actos de la instituci\u00f3n en Madrid.<\/span><\/p>\n<\/p>\n<p><span class=\"text1noticias\">   El acad\u00e9mico Juan Luis Cebri\u00e1n dijo que la entrada de estas palabras al l\u00e9xico corresponde a la \u00ablluvia de t\u00e9rminos nuevos procedentes del mundo digital\u00bb, tras haber consultado a millones de hispanohablantes en todo el mundo.<\/span><\/p>\n<\/p>\n<p><span class=\"text1noticias\">   Por su parte, la directora del Diccionario, Paz Battaner, explic\u00f3 que algunas de estas palabras se encuentran entre los t\u00e9rminos m\u00e1s consultados del a\u00f1o y su inclusi\u00f3n lo pone de manifiesto.<\/span><\/p>\n<\/p>\n<p><span class=\"text1noticias\">   Con relaci\u00f3n a la pandemia del nuevo coronavirus, el DLE a\u00f1ade el t\u00e9rmino COVID, con may\u00fasculas, que est\u00e1 referido al \u00abs\u00edndrome respiratorio agudo producido por un coronavirus\u00bb.<\/span><\/p>\n<\/p>\n<p><span class=\"text1noticias\">   Explica a su vez el t\u00e9rmino \u00abcoronavirus\u00bb como \u00abel virus que produce diversas enfermedades respiratorias en los seres humanos, desde el catarro a la neumon\u00eda o la COVID\u00bb.<\/span><\/p>\n<\/p>\n<p><span class=\"text1noticias\">   Aparece tambi\u00e9n el verbo \u00abcuarentenar\u00bb con diferentes acepciones, una de ellas poner a alguien en cuarentena.<\/span><\/p>\n<\/p>\n<p><span class=\"text1noticias\">   En cuanto a las adiciones relacionada con el internet, la palabra \u00abhilo\u00bb se define como \u00aben foros de internet o redes sociales, cadena de mensajes publicados sobre un mismo asunto\u00bb.<\/span><\/p>\n<\/p>\n<p><span class=\"text1noticias\">   Entre las adiciones en el mundo de la medicina est\u00e1n \u00abfarmacovigilancia\u00bb, t\u00e9rmino definido como \u00abla eficacia de los medicamentos\u00bb.<\/span><\/p>\n<\/p>\n<p><span class=\"text1noticias\">   La RAE aprovech\u00f3 la ocasi\u00f3n para presentar la \u00abCr\u00f3nica de la lengua espa\u00f1ola 2020\u00bb, obra para estar al d\u00eda en las cuestiones ling\u00fc\u00edsticas \u00abm\u00e1s relevantes que afectan la unidad de nuestra lengua en el universo hispanohablante\u00bb.<\/span><\/p>\n<\/p>\n<p><span class=\"text1noticias\">   \u00abCr\u00f3nica de la lengua espa\u00f1ola 2020\u00bb es la primera de una serie de publicaciones con las que la RAE hace el balance de la actividad ling\u00fc\u00edstica del a\u00f1o.<\/span><\/p>\n<h6> 2020-11-24 17:12:33 <\/h6>\n<p><!--\n<link rel=\"stylesheet\" href=\"css\/bootstrap.min.css\">\n\n\n<ul class=\"pagination\">\n\t    \n\t\n\n<li >\n\t<a href='?page_no=44'>Previous<\/a>\n\t<\/li>\n\n\n       \n    \n\n<li><a href='?page_no=1'>1<\/a><\/li>\n\n\n\n<li><a href='?page_no=2'>2<\/a><\/li>\n\n\n\n<li><a>...<\/a><\/li>\n\n\n\n<li><a href='?page_no=43'>43<\/a><\/li>\n\n\n\n<li><a href='?page_no=44'>44<\/a><\/li>\n\n\n\n<li class='active'><a>45<\/a><\/li>\n\n\n\n<li><a href='?page_no=46'>46<\/a><\/li>\n\n\n\n<li><a href='?page_no=47'>47<\/a><\/li>\n\n\n\n<li><a>...<\/a><\/li>\n\n\n\n<li><a href='?page_no=51012'>51012<\/a><\/li>\n\n\n\n<li><a href='?page_no=51013'>51013<\/a><\/li>\n\n    \n\t\n\n<li >\n\t<a href='?page_no=46'>Next<\/a>\n\t<\/li>\n\n\n    \n\n<li><a href='?page_no=51013'>Last &rsaquo;&rsaquo;<\/a><\/li>\n\n<\/ul>\n\n\n--><br \/>\n<\/body><\/p>\n","protected":false},"excerpt":{"rendered":"<p>diariodominicano.com MADRID, 24 nov (Xinhua) &#8212; La Real Academia Espa\u00f1ola (RAE) present\u00f3 hoy la actualizaci\u00f3n del Diccionario de la Lengua Espa\u00f1ola (DLE), en el que dio a conocer 2.557 novedades, tanto enmiendas como adiciones. La RAE difundi\u00f3 este martes en su cuenta de la red social Twitter que la presentaci\u00f3n tuvo lugar en el sal\u00f3n [&hellip;]<\/p>\n","protected":false},"author":3,"featured_media":0,"comment_status":"open","ping_status":"open","sticky":false,"template":"","format":"standard","meta":{"footnotes":""},"categories":[23],"tags":[],"class_list":["post-239159","post","type-post","status-publish","format-standard","hentry","category-internacional"],"_links":{"self":[{"href":"https:\/\/diariodominicano.com\/index.php?rest_route=\/wp\/v2\/posts\/239159","targetHints":{"allow":["GET"]}}],"collection":[{"href":"https:\/\/diariodominicano.com\/index.php?rest_route=\/wp\/v2\/posts"}],"about":[{"href":"https:\/\/diariodominicano.com\/index.php?rest_route=\/wp\/v2\/types\/post"}],"author":[{"embeddable":true,"href":"https:\/\/diariodominicano.com\/index.php?rest_route=\/wp\/v2\/users\/3"}],"replies":[{"embeddable":true,"href":"https:\/\/diariodominicano.com\/index.php?rest_route=%2Fwp%2Fv2%2Fcomments&post=239159"}],"version-history":[{"count":0,"href":"https:\/\/diariodominicano.com\/index.php?rest_route=\/wp\/v2\/posts\/239159\/revisions"}],"wp:attachment":[{"href":"https:\/\/diariodominicano.com\/index.php?rest_route=%2Fwp%2Fv2%2Fmedia&parent=239159"}],"wp:term":[{"taxonomy":"category","embeddable":true,"href":"https:\/\/diariodominicano.com\/index.php?rest_route=%2Fwp%2Fv2%2Fcategories&post=239159"},{"taxonomy":"post_tag","embeddable":true,"href":"https:\/\/diariodominicano.com\/index.php?rest_route=%2Fwp%2Fv2%2Ftags&post=239159"}],"curies":[{"name":"wp","href":"https:\/\/api.w.org\/{rel}","templated":true}]}}