{"id":239048,"date":"2020-11-24T17:28:43","date_gmt":"2020-11-24T17:28:43","guid":{"rendered":"http:\/\/diariodominicano.ddns.net\/?p=239048"},"modified":"2020-11-24T17:28:43","modified_gmt":"2020-11-24T17:28:43","slug":"presidente-chileno-convoca-a-eleccion-de-miembros-de-convencion-constituyente","status":"publish","type":"post","link":"https:\/\/diariodominicano.com\/?p=239048","title":{"rendered":"Presidente chileno convoca a elecci\u00f3n de miembros de Convenci\u00f3n Constituyente"},"content":{"rendered":"<p><body><\/p>\n<p><span class=\"text1noticias\">diariodominicano.com<\/span><\/p>\n<p><span class=\"text1noticias\">   SANTIAGO, 24 nov (Xinhua) &#8212; El presidente de Chile, Sebasti\u00e1n Pi\u00f1era, firm\u00f3 hoy martes un decreto supremo que convoca de manera formal a la elecci\u00f3n de los miembros de la Convenci\u00f3n Constituyente para el 11 de abril de 2021, cuyos integrantes ser\u00e1n los encargados de redactar la nueva Constituci\u00f3n del pa\u00eds.<\/span><\/p>\n<\/p>\n<p><span class=\"text1noticias\">   \u00abQueremos ratificar el compromiso total y absoluto de nuestro gobierno con este proceso Constituyente y con la Constituci\u00f3n a que \u00e9l dar\u00e1 origen\u00bb, se\u00f1al\u00f3 Pi\u00f1era en una ceremonia llevada a cabo en el Palacio La Moneda (sede presidencial), en Santiago.<\/span><\/p>\n<\/p>\n<p><span class=\"text1noticias\">   Chile llev\u00f3 a cabo un plebiscito constitucional el 25 de octubre pasado, en el que los electores votaron por modificar la Constituci\u00f3n y la manera de hacerlo.<\/span><\/p>\n<\/p>\n<p><span class=\"text1noticias\">   \u00abTengo plena confianza en que los futuros constituyentes, elegidos democr\u00e1ticamente por todos los chilenos, van a estar a la altura de sus (&#8230;) responsabilidades\u00bb, dijo Pi\u00f1era.<\/span><\/p>\n<\/p>\n<p><span class=\"text1noticias\">   \u00abVan a poner el inter\u00e9s supremo de Chile y los chilenos por delante, y van a llegar a acuerdos para alcanzar una buena Constituci\u00f3n, que gu\u00ede e ilumine los caminos que juntos vamos a recorrer hacia el futuro\u00bb, a\u00f1adi\u00f3.<\/span><\/p>\n<\/p>\n<p><span class=\"text1noticias\">   El mandatario chileno sostuvo que es tiempo de dejar atr\u00e1s las confrontaciones y buscar los acuerdos necesarios \u00abpara lograr que esta nueva Constituci\u00f3n, que vamos a decidir entre todos los chilenos, nos d\u00e9 ese gran marco de unidad, de estabilidad, de proyecci\u00f3n, que los pa\u00edses necesitan para enfrentar los grandes desaf\u00edos y oportunidades del presente y del futuro\u00bb.<\/span><\/p>\n<\/p>\n<p><span class=\"text1noticias\">   El plebiscito registr\u00f3 la mayor participaci\u00f3n ciudadana en t\u00e9rminos de votos en la historia del pa\u00eds, en el cual se impuso de forma mayoritaria la opci\u00f3n \u00abapruebo\u00bb redactar una nueva Constituci\u00f3n.<\/span><\/p>\n<\/p>\n<p><span class=\"text1noticias\">   El Servicio Electoral (Servel) de Chile report\u00f3 poco m\u00e1s de 7,5 millones de votos emitidos de un padr\u00f3n electoral cercano a los 15 millones, en el marco de la pandemia del nuevo coronavirus.<\/span><\/p>\n<\/p>\n<p><span class=\"text1noticias\">   Los chilenos tambi\u00e9n votaron (78,99 por ciento) en favor de una Convenci\u00f3n Constituyente, cuyos integrantes deben ser ciudadanos elegidos para esa labor.<\/span><\/p>\n<\/p>\n<p><span class=\"text1noticias\">   En octubre de 2019, en Chile comenz\u00f3 una crisis social en rechazo a la desigualdad, el encarecimiento de la vida y el modelo instalado durante la dictadura de Augusto Pinochet (1973-1990), cuando se impuso la Constituci\u00f3n de 1980.<\/span><\/p>\n<\/p>\n<p><span class=\"text1noticias\">   El descontento social confluy\u00f3 en el inicio del proceso para modificar la Carta Magna, con la realizaci\u00f3n de un plebiscito constitucional para tal fin.<\/span><\/p>\n<h6> 2020-11-24 17:28:43 <\/h6>\n<p><!--\n<link rel=\"stylesheet\" href=\"css\/bootstrap.min.css\">\n\n\n<ul class=\"pagination\">\n\t    \n\t\n\n<li >\n\t<a href='?page_no=43'>Previous<\/a>\n\t<\/li>\n\n\n       \n    \n\n<li><a href='?page_no=1'>1<\/a><\/li>\n\n\n\n<li><a href='?page_no=2'>2<\/a><\/li>\n\n\n\n<li><a>...<\/a><\/li>\n\n\n\n<li><a href='?page_no=42'>42<\/a><\/li>\n\n\n\n<li><a href='?page_no=43'>43<\/a><\/li>\n\n\n\n<li class='active'><a>44<\/a><\/li>\n\n\n\n<li><a href='?page_no=45'>45<\/a><\/li>\n\n\n\n<li><a href='?page_no=46'>46<\/a><\/li>\n\n\n\n<li><a>...<\/a><\/li>\n\n\n\n<li><a href='?page_no=51012'>51012<\/a><\/li>\n\n\n\n<li><a href='?page_no=51013'>51013<\/a><\/li>\n\n    \n\t\n\n<li >\n\t<a href='?page_no=45'>Next<\/a>\n\t<\/li>\n\n\n    \n\n<li><a href='?page_no=51013'>Last &rsaquo;&rsaquo;<\/a><\/li>\n\n<\/ul>\n\n\n--><br \/>\n<\/body><\/p>\n","protected":false},"excerpt":{"rendered":"<p>diariodominicano.com SANTIAGO, 24 nov (Xinhua) &#8212; El presidente de Chile, Sebasti\u00e1n Pi\u00f1era, firm\u00f3 hoy martes un decreto supremo que convoca de manera formal a la elecci\u00f3n de los miembros de la Convenci\u00f3n Constituyente para el 11 de abril de 2021, cuyos integrantes ser\u00e1n los encargados de redactar la nueva Constituci\u00f3n del pa\u00eds. \u00abQueremos ratificar el [&hellip;]<\/p>\n","protected":false},"author":3,"featured_media":0,"comment_status":"open","ping_status":"open","sticky":false,"template":"","format":"standard","meta":{"footnotes":""},"categories":[23],"tags":[],"class_list":["post-239048","post","type-post","status-publish","format-standard","hentry","category-internacional"],"_links":{"self":[{"href":"https:\/\/diariodominicano.com\/index.php?rest_route=\/wp\/v2\/posts\/239048","targetHints":{"allow":["GET"]}}],"collection":[{"href":"https:\/\/diariodominicano.com\/index.php?rest_route=\/wp\/v2\/posts"}],"about":[{"href":"https:\/\/diariodominicano.com\/index.php?rest_route=\/wp\/v2\/types\/post"}],"author":[{"embeddable":true,"href":"https:\/\/diariodominicano.com\/index.php?rest_route=\/wp\/v2\/users\/3"}],"replies":[{"embeddable":true,"href":"https:\/\/diariodominicano.com\/index.php?rest_route=%2Fwp%2Fv2%2Fcomments&post=239048"}],"version-history":[{"count":0,"href":"https:\/\/diariodominicano.com\/index.php?rest_route=\/wp\/v2\/posts\/239048\/revisions"}],"wp:attachment":[{"href":"https:\/\/diariodominicano.com\/index.php?rest_route=%2Fwp%2Fv2%2Fmedia&parent=239048"}],"wp:term":[{"taxonomy":"category","embeddable":true,"href":"https:\/\/diariodominicano.com\/index.php?rest_route=%2Fwp%2Fv2%2Fcategories&post=239048"},{"taxonomy":"post_tag","embeddable":true,"href":"https:\/\/diariodominicano.com\/index.php?rest_route=%2Fwp%2Fv2%2Ftags&post=239048"}],"curies":[{"name":"wp","href":"https:\/\/api.w.org\/{rel}","templated":true}]}}