{"id":238937,"date":"2020-11-24T17:32:51","date_gmt":"2020-11-24T17:32:51","guid":{"rendered":"http:\/\/diariodominicano.ddns.net\/?p=238937"},"modified":"2020-11-24T17:32:51","modified_gmt":"2020-11-24T17:32:51","slug":"cientos-de-comunidades-en-honduras-siguen-inundadas-a-una-semana-del-paso-de-iota","status":"publish","type":"post","link":"https:\/\/diariodominicano.com\/?p=238937","title":{"rendered":"Cientos de comunidades en Honduras siguen inundadas a una semana del paso de Iota"},"content":{"rendered":"<p><body><\/p>\n<p><span class=\"text1noticias\">diariodominicano.com<\/span><\/p>\n<p><span class=\"text1noticias\">   TEGUCIGALPA, 24 nov (Xinhua) &#8212; A una semana del paso de la tormenta tropical Iota por Honduras, cientos de comunidades siguen inundadas y ha sido imposible iniciar los trabajos de limpieza, sobre todo en la zona norte, en el Valle de Sula, informaron las autoridades locales.<\/span><\/p>\n<\/p>\n<p><span class=\"text1noticias\">   Un total de 73.301 personas se encuentran en 822 refugios sin poder regresar a sus casas y subsisten de donaciones que son distribuidas por el gobierno.<\/span><\/p>\n<\/p>\n<p><span class=\"text1noticias\">   De igual forma, una cu\u00f1a de alta presi\u00f3n que ha provocado lluvias desde el pasado fin de semana impide los trabajos de limpieza.<\/span><\/p>\n<\/p>\n<p><span class=\"text1noticias\">   El Valle de Sula fue el m\u00e1s afectado, donde los r\u00edos Ul\u00faa y Chamelec\u00f3n dejaron inundados los municipios de Pimienta, La Lima, Choloma, El Progreso, as\u00ed como algunas zonas de Villanueva, en el departamento de Cort\u00e9s (noroeste).<\/span><\/p>\n<\/p>\n<p><span class=\"text1noticias\">   El aeropuerto Ram\u00f3n Villeda Morales sigue anegado y seg\u00fan autoridades de aeron\u00e1utica civil podr\u00eda estar habilitado el 15 de diciembre.<\/span><\/p>\n<p><span class=\"text1noticias\">   El lunes, cuando se pensaba que todo estaba en calma, se inund\u00f3 por cuarta vez el Valle de Sula, lo cual provoc\u00f3 la decepci\u00f3n de los pobladores.<\/span><\/p>\n<p><span class=\"text1noticias\">   Algunas personas alquilaron hoteles en San Pedro Sula, otros en apartamentos o viven con familiares y amigos.<\/span><\/p>\n<p><span class=\"text1noticias\">   Cientos de familias se observan debajo de los puentes o a orillas de las carreteras en carpas improvisadas, esperando que todo se normalice.<\/span><\/p>\n<p><span class=\"text1noticias\">   El secretario del Plan de Naci\u00f3n y coordinador de las actividades de limpieza en las zonas afectadas, Mario Pineda, afirm\u00f3 que ya comenzaron a llegar con el equipo de limpieza a la colonia Planeta de San Pedro Sula, pero la lluvia ha impedido el inicio de los trabajos.<\/span><\/p>\n<p><span class=\"text1noticias\">   Un equipo de Defensa Civil colombiana se encuentra tambi\u00e9n en Honduras para apoyar en labores de rehabilitaci\u00f3n de calles y ayuda humanitaria.<\/span><\/p>\n<p><span class=\"text1noticias\">   Otro problema que enfrentan los albergados es la enfermedad del nuevo coronavirus (COVID-19) y la proliferaci\u00f3n de zancudos.<\/span><\/p>\n<p><span class=\"text1noticias\">   El presidente de la Asociaci\u00f3n de M\u00e9dicos del Instituto Hondure\u00f1o de Seguridad Social, Carlos Uma\u00f1a, indic\u00f3 que la tasa de positividad es de 33 por ciento en las pruebas realizadas en los refugios temporales y debido a la aglomeraci\u00f3n de personas en los espacios habilitados para los damnificados.<\/span><\/p>\n<p><span class=\"text1noticias\">   Honduras report\u00f3 hasta la fecha 105.211 casos de la COVID-19 y 2.869 muertos.<\/span><\/p>\n<p><span class=\"text1noticias\">   Uma\u00f1a llam\u00f3 a la poblaci\u00f3n a no dejarse sorprender por la COVID-19, dengue, malaria y leptospirosis.<\/span><\/p>\n<p><span class=\"text1noticias\">   Para hacer frente a los trabajos de reconstrucci\u00f3n, Honduras conform\u00f3 un grupo consultivo con apoyo de l\u00edderes de Centroam\u00e9rica y bancos multilaterales que trabajan en una hoja de ruta para apoyar a la regi\u00f3n ante el embate de las tormentas Eta e Iota.<\/span><\/p>\n<p><span class=\"text1noticias\">   El pr\u00f3ximo 30 de noviembre, los presidentes del Sistema de Integraci\u00f3n Centroamericana (SICA) se reunir\u00e1n con el secretario general de la Organizaci\u00f3n de las Naciones Unidas, Antonio Guterres, para avanzar en la creaci\u00f3n de un grupo consultivo y buscar apoyo para reconstruir los da\u00f1os causados por las dos tormentas.<\/span><\/p>\n<h6> 2020-11-24 17:32:51 <\/h6>\n<p><!--\n<link rel=\"stylesheet\" href=\"css\/bootstrap.min.css\">\n\n\n<ul class=\"pagination\">\n\t    \n\t\n\n<li >\n\t<a href='?page_no=42'>Previous<\/a>\n\t<\/li>\n\n\n       \n    \n\n<li><a href='?page_no=1'>1<\/a><\/li>\n\n\n\n<li><a href='?page_no=2'>2<\/a><\/li>\n\n\n\n<li><a>...<\/a><\/li>\n\n\n\n<li><a href='?page_no=41'>41<\/a><\/li>\n\n\n\n<li><a href='?page_no=42'>42<\/a><\/li>\n\n\n\n<li class='active'><a>43<\/a><\/li>\n\n\n\n<li><a href='?page_no=44'>44<\/a><\/li>\n\n\n\n<li><a href='?page_no=45'>45<\/a><\/li>\n\n\n\n<li><a>...<\/a><\/li>\n\n\n\n<li><a href='?page_no=51012'>51012<\/a><\/li>\n\n\n\n<li><a href='?page_no=51013'>51013<\/a><\/li>\n\n    \n\t\n\n<li >\n\t<a href='?page_no=44'>Next<\/a>\n\t<\/li>\n\n\n    \n\n<li><a href='?page_no=51013'>Last &rsaquo;&rsaquo;<\/a><\/li>\n\n<\/ul>\n\n\n--><br \/>\n<\/body><\/p>\n","protected":false},"excerpt":{"rendered":"<p>diariodominicano.com TEGUCIGALPA, 24 nov (Xinhua) &#8212; A una semana del paso de la tormenta tropical Iota por Honduras, cientos de comunidades siguen inundadas y ha sido imposible iniciar los trabajos de limpieza, sobre todo en la zona norte, en el Valle de Sula, informaron las autoridades locales. Un total de 73.301 personas se encuentran en [&hellip;]<\/p>\n","protected":false},"author":3,"featured_media":0,"comment_status":"open","ping_status":"open","sticky":false,"template":"","format":"standard","meta":{"footnotes":""},"categories":[23],"tags":[],"class_list":["post-238937","post","type-post","status-publish","format-standard","hentry","category-internacional"],"_links":{"self":[{"href":"https:\/\/diariodominicano.com\/index.php?rest_route=\/wp\/v2\/posts\/238937","targetHints":{"allow":["GET"]}}],"collection":[{"href":"https:\/\/diariodominicano.com\/index.php?rest_route=\/wp\/v2\/posts"}],"about":[{"href":"https:\/\/diariodominicano.com\/index.php?rest_route=\/wp\/v2\/types\/post"}],"author":[{"embeddable":true,"href":"https:\/\/diariodominicano.com\/index.php?rest_route=\/wp\/v2\/users\/3"}],"replies":[{"embeddable":true,"href":"https:\/\/diariodominicano.com\/index.php?rest_route=%2Fwp%2Fv2%2Fcomments&post=238937"}],"version-history":[{"count":0,"href":"https:\/\/diariodominicano.com\/index.php?rest_route=\/wp\/v2\/posts\/238937\/revisions"}],"wp:attachment":[{"href":"https:\/\/diariodominicano.com\/index.php?rest_route=%2Fwp%2Fv2%2Fmedia&parent=238937"}],"wp:term":[{"taxonomy":"category","embeddable":true,"href":"https:\/\/diariodominicano.com\/index.php?rest_route=%2Fwp%2Fv2%2Fcategories&post=238937"},{"taxonomy":"post_tag","embeddable":true,"href":"https:\/\/diariodominicano.com\/index.php?rest_route=%2Fwp%2Fv2%2Ftags&post=238937"}],"curies":[{"name":"wp","href":"https:\/\/api.w.org\/{rel}","templated":true}]}}