{"id":238826,"date":"2020-11-24T22:08:47","date_gmt":"2020-11-24T22:08:47","guid":{"rendered":"http:\/\/diariodominicano.ddns.net\/?p=238826"},"modified":"2020-11-24T22:08:47","modified_gmt":"2020-11-24T22:08:47","slug":"argentina-preve-comenzar-vacunacion-contra-covid-19-en-primera-quincena-de-enero-informa-gobierno","status":"publish","type":"post","link":"https:\/\/diariodominicano.com\/?p=238826","title":{"rendered":"Argentina prev\u00e9 comenzar vacunaci\u00f3n contra COVID-19 en primera quincena de enero, informa Gobierno"},"content":{"rendered":"<p><body><\/p>\n<p><span class=\"text1noticias\">diariodominicano.com<\/span><\/p>\n<p><span class=\"text1noticias\"> <\/span><\/p>\n<p><span class=\"text1noticias\">BUENOS AIRES, 24 nov (Xinhua) &#8212; Argentina prev\u00e9 comenzar la campa\u00f1a de vacunaci\u00f3n contra la enfermedad del nuevo coronavirus (COVID-19) en la primera quincena de enero de 2021, inform\u00f3 hoy martes el Gobierno.<\/span><\/p>\n<p><span class=\"text1noticias\"> <\/span><\/p>\n<p><span class=\"text1noticias\">El ministro de Salud, Gin\u00e9s Gonz\u00e1lez Garc\u00eda, dijo que \u00ablo primero ser\u00e1 eliminar la mortalidad en los grupos de riesgo y luego extender la vacunaci\u00f3n a la poblaci\u00f3n para que no se mantengan los contagios\u00bb y as\u00ed \u00abse corte la cadena de transmisi\u00f3n\u00bb de casos, seg\u00fan report\u00f3 la agencia estatal de noticias, T\u00e9lam.<\/span><\/p>\n<p><span class=\"text1noticias\"> <\/span><\/p>\n<p><span class=\"text1noticias\">Gonz\u00e1lez Garc\u00eda realiz\u00f3 estas declaraciones a la prensa local en la Casa de Gobierno luego de participar de la primera reuni\u00f3n del Comit\u00e9 de Vacunaci\u00f3n, encuentro de trabajo que encabez\u00f3 el presidente Alberto Fern\u00e1ndez.<\/span><\/p>\n<p><span class=\"text1noticias\"> <\/span><\/p>\n<p><span class=\"text1noticias\">El titular de la cartera sanitaria se\u00f1al\u00f3 que la vacunaci\u00f3n comenzar\u00e1 \u00aben la primera quincena de enero\u00bb pr\u00f3ximo.<\/span><\/p>\n<p><span class=\"text1noticias\"> <\/span><\/p>\n<p><span class=\"text1noticias\">\u00abM\u00e1s de 12 millones de personas son grupos de riesgo y personal estrat\u00e9gico, personas de m\u00e1s de 60 a\u00f1os, docentes, de salud, fuerzas armadas y seguridad, que ser\u00e1n vacunados en primera instancia\u00bb, precis\u00f3 el funcionario.<\/span><\/p>\n<p><span class=\"text1noticias\"> <\/span><\/p>\n<p><span class=\"text1noticias\">Gonz\u00e1lez Garc\u00eda puntualiz\u00f3 que quedar\u00e1n fuera del programa de vacunaci\u00f3n los \u00abmenores de 18 a\u00f1os\u00bb que no tengan comorbilidades, \u00abporque no hay recomendaci\u00f3n cient\u00edfica\u00bb de que deban recibir una vacuna contra la COVID-19.<\/span><\/p>\n<p><span class=\"text1noticias\"> <\/span><\/p>\n<p><span class=\"text1noticias\">El Comit\u00e9 de Vacunaci\u00f3n dise\u00f1ar\u00e1 la log\u00edstica de la distribuci\u00f3n y aplicaci\u00f3n de las vacunas contra la enfermedad y unos 60.000 agentes de vacunaci\u00f3n recibir\u00e1n capacitaci\u00f3n para aplicarlas.<\/span><\/p>\n<p><span class=\"text1noticias\"> <\/span><\/p>\n<p><span class=\"text1noticias\">Gonz\u00e1lez Garc\u00eda subray\u00f3 que \u00abser\u00e1 una campa\u00f1a in\u00e9dita en la Argentina por su magnitud. Nosotros vacunamos por a\u00f1o 40 millones de dosis, y en este caso va a ser 60 millones en un periodo corto para tener menos problemas\u00bb.<\/span><\/p>\n<p><span class=\"text1noticias\"> <\/span><\/p>\n<p><span class=\"text1noticias\">El pa\u00eds sudamericano registr\u00f3 su primer caso de COVID-19 el tres de marzo y confirm\u00f3 hasta el martes 1.381.795 casos y 37.432 muertes por la <\/span>enfermedad.<\/p>\n<\/p>\n<p><span class=\"text1noticias\">(Multimedia)  <\/span><\/p>\n<p><span class=\"text1noticias\">Personas se forman en una parada de autob\u00fas en la ciudad de Buenos Aires, Argentina, el 13 de noviembre de 2020. (Xinhua\/Mart\u00edn Zabala)<\/span><\/p>\n<h6> 2020-11-24 22:08:47 <\/h6>\n<p><!--\n<link rel=\"stylesheet\" href=\"css\/bootstrap.min.css\">\n\n\n<ul class=\"pagination\">\n\t    \n\t\n\n<li >\n\t<a href='?page_no=41'>Previous<\/a>\n\t<\/li>\n\n\n       \n    \n\n<li><a href='?page_no=1'>1<\/a><\/li>\n\n\n\n<li><a href='?page_no=2'>2<\/a><\/li>\n\n\n\n<li><a>...<\/a><\/li>\n\n\n\n<li><a href='?page_no=40'>40<\/a><\/li>\n\n\n\n<li><a href='?page_no=41'>41<\/a><\/li>\n\n\n\n<li class='active'><a>42<\/a><\/li>\n\n\n\n<li><a href='?page_no=43'>43<\/a><\/li>\n\n\n\n<li><a href='?page_no=44'>44<\/a><\/li>\n\n\n\n<li><a>...<\/a><\/li>\n\n\n\n<li><a href='?page_no=51012'>51012<\/a><\/li>\n\n\n\n<li><a href='?page_no=51013'>51013<\/a><\/li>\n\n    \n\t\n\n<li >\n\t<a href='?page_no=43'>Next<\/a>\n\t<\/li>\n\n\n    \n\n<li><a href='?page_no=51013'>Last &rsaquo;&rsaquo;<\/a><\/li>\n\n<\/ul>\n\n\n--><br \/>\n<\/body><\/p>\n","protected":false},"excerpt":{"rendered":"<p>diariodominicano.com BUENOS AIRES, 24 nov (Xinhua) &#8212; Argentina prev\u00e9 comenzar la campa\u00f1a de vacunaci\u00f3n contra la enfermedad del nuevo coronavirus (COVID-19) en la primera quincena de enero de 2021, inform\u00f3 hoy martes el Gobierno. El ministro de Salud, Gin\u00e9s Gonz\u00e1lez Garc\u00eda, dijo que \u00ablo primero ser\u00e1 eliminar la mortalidad en los grupos de riesgo y [&hellip;]<\/p>\n","protected":false},"author":3,"featured_media":0,"comment_status":"open","ping_status":"open","sticky":false,"template":"","format":"standard","meta":{"footnotes":""},"categories":[23],"tags":[],"class_list":["post-238826","post","type-post","status-publish","format-standard","hentry","category-internacional"],"_links":{"self":[{"href":"https:\/\/diariodominicano.com\/index.php?rest_route=\/wp\/v2\/posts\/238826","targetHints":{"allow":["GET"]}}],"collection":[{"href":"https:\/\/diariodominicano.com\/index.php?rest_route=\/wp\/v2\/posts"}],"about":[{"href":"https:\/\/diariodominicano.com\/index.php?rest_route=\/wp\/v2\/types\/post"}],"author":[{"embeddable":true,"href":"https:\/\/diariodominicano.com\/index.php?rest_route=\/wp\/v2\/users\/3"}],"replies":[{"embeddable":true,"href":"https:\/\/diariodominicano.com\/index.php?rest_route=%2Fwp%2Fv2%2Fcomments&post=238826"}],"version-history":[{"count":0,"href":"https:\/\/diariodominicano.com\/index.php?rest_route=\/wp\/v2\/posts\/238826\/revisions"}],"wp:attachment":[{"href":"https:\/\/diariodominicano.com\/index.php?rest_route=%2Fwp%2Fv2%2Fmedia&parent=238826"}],"wp:term":[{"taxonomy":"category","embeddable":true,"href":"https:\/\/diariodominicano.com\/index.php?rest_route=%2Fwp%2Fv2%2Fcategories&post=238826"},{"taxonomy":"post_tag","embeddable":true,"href":"https:\/\/diariodominicano.com\/index.php?rest_route=%2Fwp%2Fv2%2Ftags&post=238826"}],"curies":[{"name":"wp","href":"https:\/\/api.w.org\/{rel}","templated":true}]}}