{"id":238604,"date":"2020-11-25T10:32:39","date_gmt":"2020-11-25T10:32:39","guid":{"rendered":"http:\/\/diariodominicano.ddns.net\/?p=238604"},"modified":"2020-11-25T10:32:39","modified_gmt":"2020-11-25T10:32:39","slug":"papa-francisco-todos-debemos-hacer-mucho-mas-por-la-dignidad-de-cada-mujer","status":"publish","type":"post","link":"https:\/\/diariodominicano.com\/?p=238604","title":{"rendered":"Papa Francisco: Todos debemos hacer mucho m\u00e1s por la dignidad de cada mujer"},"content":{"rendered":"<p><body><\/p>\n<p><img decoding=\"async\" src=\"img3\/PapaFco25-11-20.jpg\" \/>  <\/p>\n<p><span class=\"text1noticias\">diariodominicano.com<\/span><\/p>\n<\/p>\n<p><span class=\"text1noticias\">POR MERCEDES DE LA TORRE | ACI Prensa<\/span><\/p>\n<p><span class=\"text1noticias\">Vaticano, 25 de noviembre, 2020.- Con ocasi\u00f3n del D\u00eda internacional de la eliminaci\u00f3n de la violencia contra la mujer promovida por la ONU cada 25 de noviembre, el Papa Francisco dijo que es necesario que todos hagan \u00abmucho m\u00e1s por la dignidad de cada mujer\u00bb.<\/span><\/p>\n<p><span class=\"text1noticias\"> <\/span><\/p>\n<p><span class=\"text1noticias\">En un mensaje enviado por su cuenta oficial de Twitter @Pontifex_es, el Santo Padre lament\u00f3 que \u00aba menudo las mujeres son ofendidas, golpeadas, violadas, inducidas a prostituirse\u00bb.<\/span><\/p>\n<p><span class=\"text1noticias\"> <\/span><\/p>\n<p><span class=\"text1noticias\">Por ello, el Papa indic\u00f3 que \u00absi queremos un mundo mejor, que sea casa de paz y no patio de guerra, debemos hacer todos mucho m\u00e1s por la dignidad de cada mujer\u00bb.<\/span><\/p>\n<p><span class=\"text1noticias\"> <\/span><\/p>\n<p><span class=\"text1noticias\">El 1 de enero de 2020, el Papa Francisco rechaz\u00f3 la violencia de la que son v\u00edctimas muchas mujeres en el mundo y se\u00f1al\u00f3 que \u00abtoda violencia infligida a la mujer es una profanaci\u00f3n de Dios\u00bb.<\/span><\/p>\n<p><span class=\"text1noticias\"> <\/span><\/p>\n<p><span class=\"text1noticias\">El Santo Padre lament\u00f3 en la homil\u00eda de la Misa celebrada en la Bas\u00edlica de San Pedro del Vaticano que las mujeres \u00abson continuamente ofendidas, golpeadas, violadas, inducidas a prostituirse y a eliminar la vida que llevan en el vientre\u00bb.<\/span><\/p>\n<p><span class=\"text1noticias\"> <\/span><\/p>\n<p><span class=\"text1noticias\">En ese sentido, el Pont\u00edfice rechaz\u00f3 toda mercantilizaci\u00f3n de la mujer en la sociedad y exclam\u00f3 entonces: \u00abCu\u00e1ntas veces el cuerpo de la mujer se sacrifica en los altares profanos de la publicidad, del lucro, de la pornograf\u00eda, explotado como un terreno para utilizar\u00bb.<\/span><\/p>\n<p><span class=\"text1noticias\"> <\/span><\/p>\n<p><span class=\"text1noticias\">Por ello, el Papa pidi\u00f3 que el cuerpo de la mujer \u00abdebe ser liberado del consumismo, debe ser respetado y honrado\u00bb porque \u00abes la carne m\u00e1s noble del mundo, pues concibi\u00f3 y dio a luz al Amor que nos ha salvado\u00bb.<\/span><\/p>\n<p><span class=\"text1noticias\"> <\/span><\/p>\n<p><span class=\"text1noticias\">\u00abHoy, la maternidad tambi\u00e9n es humillada, porque el \u00fanico crecimiento que interesa es el econ\u00f3mico\u00bb, subray\u00f3.<\/span><\/p>\n<p><span class=\"text1noticias\"> <\/span><\/p>\n<p><span class=\"text1noticias\">En esta l\u00ednea, el Santo Padre record\u00f3 que \u00abel renacer de la humanidad comenz\u00f3 con la mujer\u00bb porque \u00ablas mujeres son fuente de vida\u00bb e insisti\u00f3 en que \u00abtoda violencia infligida a la mujer es una profanaci\u00f3n de Dios, nacido de una mujer\u00bb. <\/span><\/p>\n<p><span class=\"text1noticias\"> <\/span><\/p>\n<p><span class=\"text1noticias\">\u00abLa salvaci\u00f3n para la humanidad vino del cuerpo de una mujer: de c\u00f3mo tratamos el cuerpo de la mujer comprendemos nuestro nivel de humanidad\u00bb, concluy\u00f3 e<\/span>l Pont\u00edfice.<\/p>\n<h6> 2020-11-25 10:32:39 <\/h6>\n<p><!--\n<link rel=\"stylesheet\" href=\"css\/bootstrap.min.css\">\n\n\n<ul class=\"pagination\">\n\t    \n\t\n\n<li >\n\t<a href='?page_no=39'>Previous<\/a>\n\t<\/li>\n\n\n       \n    \n\n<li><a href='?page_no=1'>1<\/a><\/li>\n\n\n\n<li><a href='?page_no=2'>2<\/a><\/li>\n\n\n\n<li><a>...<\/a><\/li>\n\n\n\n<li><a href='?page_no=38'>38<\/a><\/li>\n\n\n\n<li><a href='?page_no=39'>39<\/a><\/li>\n\n\n\n<li class='active'><a>40<\/a><\/li>\n\n\n\n<li><a href='?page_no=41'>41<\/a><\/li>\n\n\n\n<li><a href='?page_no=42'>42<\/a><\/li>\n\n\n\n<li><a>...<\/a><\/li>\n\n\n\n<li><a href='?page_no=51012'>51012<\/a><\/li>\n\n\n\n<li><a href='?page_no=51013'>51013<\/a><\/li>\n\n    \n\t\n\n<li >\n\t<a href='?page_no=41'>Next<\/a>\n\t<\/li>\n\n\n    \n\n<li><a href='?page_no=51013'>Last &rsaquo;&rsaquo;<\/a><\/li>\n\n<\/ul>\n\n\n--><br \/>\n<\/body><\/p>\n","protected":false},"excerpt":{"rendered":"<p>diariodominicano.com POR MERCEDES DE LA TORRE | ACI Prensa Vaticano, 25 de noviembre, 2020.- Con ocasi\u00f3n del D\u00eda internacional de la eliminaci\u00f3n de la violencia contra la mujer promovida por la ONU cada 25 de noviembre, el Papa Francisco dijo que es necesario que todos hagan \u00abmucho m\u00e1s por la dignidad de cada mujer\u00bb. En [&hellip;]<\/p>\n","protected":false},"author":3,"featured_media":0,"comment_status":"open","ping_status":"open","sticky":false,"template":"","format":"standard","meta":{"footnotes":""},"categories":[23],"tags":[],"class_list":["post-238604","post","type-post","status-publish","format-standard","hentry","category-internacional"],"_links":{"self":[{"href":"https:\/\/diariodominicano.com\/index.php?rest_route=\/wp\/v2\/posts\/238604","targetHints":{"allow":["GET"]}}],"collection":[{"href":"https:\/\/diariodominicano.com\/index.php?rest_route=\/wp\/v2\/posts"}],"about":[{"href":"https:\/\/diariodominicano.com\/index.php?rest_route=\/wp\/v2\/types\/post"}],"author":[{"embeddable":true,"href":"https:\/\/diariodominicano.com\/index.php?rest_route=\/wp\/v2\/users\/3"}],"replies":[{"embeddable":true,"href":"https:\/\/diariodominicano.com\/index.php?rest_route=%2Fwp%2Fv2%2Fcomments&post=238604"}],"version-history":[{"count":0,"href":"https:\/\/diariodominicano.com\/index.php?rest_route=\/wp\/v2\/posts\/238604\/revisions"}],"wp:attachment":[{"href":"https:\/\/diariodominicano.com\/index.php?rest_route=%2Fwp%2Fv2%2Fmedia&parent=238604"}],"wp:term":[{"taxonomy":"category","embeddable":true,"href":"https:\/\/diariodominicano.com\/index.php?rest_route=%2Fwp%2Fv2%2Fcategories&post=238604"},{"taxonomy":"post_tag","embeddable":true,"href":"https:\/\/diariodominicano.com\/index.php?rest_route=%2Fwp%2Fv2%2Ftags&post=238604"}],"curies":[{"name":"wp","href":"https:\/\/api.w.org\/{rel}","templated":true}]}}